{"id":29146,"date":"2024-02-18T14:00:00","date_gmt":"2024-02-18T12:00:00","guid":{"rendered":"https:\/\/bisbalpenedes.com\/web\/?p=29146"},"modified":"2024-02-16T14:09:19","modified_gmt":"2024-02-16T12:09:19","slug":"avis-el-dimarts-20-de-febrer-no-es-podra-aparcar-al-carrer-balmes-des-de-les-8h","status":"publish","type":"post","link":"https:\/\/bisbalpenedes.com\/web\/2024\/02\/18\/avis-el-dimarts-20-de-febrer-no-es-podra-aparcar-al-carrer-balmes-des-de-les-8h\/","title":{"rendered":"Av\u00eds: el dimarts 20 de febrer no es podr\u00e0 aparcar al carrer Balmes des de les 8h"},"content":{"rendered":"\n<p>La Regidoria d&#8217;Ensenyament us informa que el proper dimarts no es podr\u00e0 aparcar al carrer Balmes des de les 8h del mat\u00ed, ja que es duran a terme treballs a la fa\u00e7ana de l&#8217;escola centen\u00e0ria. Gr\u00e0cies per la vostra comprensi\u00f3.<\/p>\n\n\n\n<hr class=\"wp-block-separator has-alpha-channel-opacity\"\/>\n\n\n\n<p><strong>CASTELLANO |<\/strong> La Concejal\u00eda de Educaci\u00f3n os informa de que el pr\u00f3ximo martes no se podr\u00e1 aparcar en la calle Balmes desde las 8h de la ma\u00f1ana, ya que se llevar\u00e1n a cabo trabajos en la fachada de la escuela centenaria. Gracias por vuestra comprensi\u00f3n.<\/p>\n\n\n\n<p><br><\/p>\n","protected":false},"excerpt":{"rendered":"<p>La Regidoria d&#8217;Ensenyament us informa que el proper dimarts no es podr\u00e0 aparcar al carrer Balmes des de les 8h del mat\u00ed, ja que es duran a terme treballs a &hellip; <a href=\"https:\/\/bisbalpenedes.com\/web\/2024\/02\/18\/avis-el-dimarts-20-de-febrer-no-es-podra-aparcar-al-carrer-balmes-des-de-les-8h\/\" class=\"more-link\">Read More<\/a><\/p>\n","protected":false},"author":4,"featured_media":29148,"comment_status":"closed","ping_status":"closed","sticky":false,"template":"","format":"standard","meta":[],"categories":[1628,3456,8],"tags":[6087,6476,393],"_links":{"self":[{"href":"https:\/\/bisbalpenedes.com\/web\/wp-json\/wp\/v2\/posts\/29146"}],"collection":[{"href":"https:\/\/bisbalpenedes.com\/web\/wp-json\/wp\/v2\/posts"}],"about":[{"href":"https:\/\/bisbalpenedes.com\/web\/wp-json\/wp\/v2\/types\/post"}],"author":[{"embeddable":true,"href":"https:\/\/bisbalpenedes.com\/web\/wp-json\/wp\/v2\/users\/4"}],"replies":[{"embeddable":true,"href":"https:\/\/bisbalpenedes.com\/web\/wp-json\/wp\/v2\/comments?post=29146"}],"version-history":[{"count":1,"href":"https:\/\/bisbalpenedes.com\/web\/wp-json\/wp\/v2\/posts\/29146\/revisions"}],"predecessor-version":[{"id":29147,"href":"https:\/\/bisbalpenedes.com\/web\/wp-json\/wp\/v2\/posts\/29146\/revisions\/29147"}],"wp:featuredmedia":[{"embeddable":true,"href":"https:\/\/bisbalpenedes.com\/web\/wp-json\/wp\/v2\/media\/29148"}],"wp:attachment":[{"href":"https:\/\/bisbalpenedes.com\/web\/wp-json\/wp\/v2\/media?parent=29146"}],"wp:term":[{"taxonomy":"category","embeddable":true,"href":"https:\/\/bisbalpenedes.com\/web\/wp-json\/wp\/v2\/categories?post=29146"},{"taxonomy":"post_tag","embeddable":true,"href":"https:\/\/bisbalpenedes.com\/web\/wp-json\/wp\/v2\/tags?post=29146"}],"curies":[{"name":"wp","href":"https:\/\/api.w.org\/{rel}","templated":true}]}}