{"id":29138,"date":"2024-02-16T07:00:00","date_gmt":"2024-02-16T05:00:00","guid":{"rendered":"https:\/\/bisbalpenedes.com\/web\/?p=29138"},"modified":"2024-02-15T21:45:21","modified_gmt":"2024-02-15T19:45:21","slug":"29138","status":"publish","type":"post","link":"https:\/\/bisbalpenedes.com\/web\/2024\/02\/16\/29138\/","title":{"rendered":"El XIII Gran Premi Social Baix Pened\u00e8s de ciclisme passar\u00e0 per la Bisbal del Pened\u00e8s el proper diumenge al mat\u00ed"},"content":{"rendered":"\n<p>\ud83d\udcf8Foto d&#8217;arxiu de l&#8217;any 2022<\/p>\n\n\n\n<p>El proper diumenge 18 de febrer se celebrar\u00e0 el XIII Gran Premi Social Baix Pened\u00e8s de ciclisme i passar\u00e0 per la Bisbal del Pened\u00e8s. Segons ens han informat, les seg\u00fcents carreteres de titularitat del Servei de Carreteres de la Generalitat a Tarragona i de la Diputaci\u00f3 de Tarragona poden patir afectacions de tr\u00e0nsit:<\/p>\n\n\n\n<p>\u25aa\ufe0fC-51<\/p>\n\n\n\n<p>\u25aa\ufe0fTP-2402<\/p>\n\n\n\n<p>\u25aa\ufe0fT-240<\/p>\n\n\n\n<p>\u25aa\ufe0fTP-2125<\/p>\n\n\n\n<p>\u25aa\ufe0fTP-2401<\/p>\n\n\n\n<p>Com en les edicions anteriors, us animem a apropar-vos a l&#8217;avinguda de la Diputaci\u00f3 a animar els ciclistes!<\/p>\n\n\n\n<p>M\u00e9s informaci\u00f3 sobre l&#8217;esdeveniment: <a rel=\"noreferrer noopener\" href=\"https:\/\/www.ciclisme.cat\/cursa\/carretera\/xiii-gran-premi-social-baix-penedes\" target=\"_blank\">https:\/\/www.ciclisme.cat\/cursa\/carretera\/xiii-gran-premi-social-baix-penedes<\/a><\/p>\n\n\n\n<p>Traject\u00f2ria i horaris previstos: <a rel=\"noreferrer noopener\" href=\"https:\/\/www.ciclisme.cat\/cursa\/carretera\/xiii-gran-premi-social-baix-penedes#:~:text=trajectoria_i_rutometre.pdf\" target=\"_blank\"><strong>https:\/\/www.ciclisme.cat\/cursa\/carretera\/xiii-gran-premi-social-baix-penedes#:~:text=trajectoria_i_rutometre.pdf<\/strong><\/a><\/p>\n\n\n\n<hr class=\"wp-block-separator has-alpha-channel-opacity\"\/>\n\n\n\n<p><strong>CASTELLANO |<\/strong>&nbsp;El pr\u00f3ximo domingo 18 de febrero se celebrar\u00e1 el XIII Gran Premio Social Baix Pened\u00e8s de ciclismo y pasar\u00e1 por la Bisbal del Pened\u00e8s. Seg\u00fan nos han informado, las siguientes carreteras de titularidad del Servei de Carreteres de la Generalitat en Tarragona y de la Diputaci\u00f3 de Tarragona pueden sufrir afectaciones de tr\u00e1fico:<\/p>\n\n\n\n<p>\u25aa\ufe0fC-51<\/p>\n\n\n\n<p>\u25aa\ufe0fTP-2402<\/p>\n\n\n\n<p>\u25aa\ufe0fT-240<\/p>\n\n\n\n<p>\u25aa\ufe0fTP-2125<\/p>\n\n\n\n<p>\u25aa\ufe0fTP-2401<\/p>\n\n\n\n<p>\u00a1Como en las ediciones anteriores, os animamos a acercaros a la avenida de la Diputaci\u00f3 a animar a los ciclistas!<\/p>\n\n\n\n<p>M\u00e1s informaci\u00f3n sobre el evento: <a rel=\"noreferrer noopener\" href=\"https:\/\/www.ciclisme.cat\/cursa\/carretera\/xiii-gran-premi-social-baix-penedes\" target=\"_blank\">https:\/\/www.ciclisme.cat\/cursa\/carretera\/xiii-gran-premi-social-baix-penedes<\/a><\/p>\n\n\n\n<p>Trayectoria y horarios previstos: <a rel=\"noreferrer noopener\" href=\"https:\/\/www.ciclisme.cat\/cursa\/carretera\/xiii-gran-premi-social-baix-penedes#:~:text=trajectoria_i_rutometre.pdf\" target=\"_blank\"><strong>https:\/\/www.ciclisme.cat\/cursa\/carretera\/xiii-gran-premi-social-baix-penedes#:~:text=trajectoria_i_rutometre.pd<\/strong>f<\/a><\/p>\n\n\n\n<p><\/p>\n","protected":false},"excerpt":{"rendered":"<p>\ud83d\udcf8Foto d&#8217;arxiu de l&#8217;any 2022 El proper diumenge 18 de febrer se celebrar\u00e0 el XIII Gran Premi Social Baix Pened\u00e8s de ciclisme i passar\u00e0 per la Bisbal del Pened\u00e8s. Segons &hellip; <a href=\"https:\/\/bisbalpenedes.com\/web\/2024\/02\/16\/29138\/\" class=\"more-link\">Read More<\/a><\/p>\n","protected":false},"author":4,"featured_media":29139,"comment_status":"closed","ping_status":"closed","sticky":false,"template":"","format":"standard","meta":[],"categories":[19,8],"tags":[459,2832,6475,393],"_links":{"self":[{"href":"https:\/\/bisbalpenedes.com\/web\/wp-json\/wp\/v2\/posts\/29138"}],"collection":[{"href":"https:\/\/bisbalpenedes.com\/web\/wp-json\/wp\/v2\/posts"}],"about":[{"href":"https:\/\/bisbalpenedes.com\/web\/wp-json\/wp\/v2\/types\/post"}],"author":[{"embeddable":true,"href":"https:\/\/bisbalpenedes.com\/web\/wp-json\/wp\/v2\/users\/4"}],"replies":[{"embeddable":true,"href":"https:\/\/bisbalpenedes.com\/web\/wp-json\/wp\/v2\/comments?post=29138"}],"version-history":[{"count":5,"href":"https:\/\/bisbalpenedes.com\/web\/wp-json\/wp\/v2\/posts\/29138\/revisions"}],"predecessor-version":[{"id":29145,"href":"https:\/\/bisbalpenedes.com\/web\/wp-json\/wp\/v2\/posts\/29138\/revisions\/29145"}],"wp:featuredmedia":[{"embeddable":true,"href":"https:\/\/bisbalpenedes.com\/web\/wp-json\/wp\/v2\/media\/29139"}],"wp:attachment":[{"href":"https:\/\/bisbalpenedes.com\/web\/wp-json\/wp\/v2\/media?parent=29138"}],"wp:term":[{"taxonomy":"category","embeddable":true,"href":"https:\/\/bisbalpenedes.com\/web\/wp-json\/wp\/v2\/categories?post=29138"},{"taxonomy":"post_tag","embeddable":true,"href":"https:\/\/bisbalpenedes.com\/web\/wp-json\/wp\/v2\/tags?post=29138"}],"curies":[{"name":"wp","href":"https:\/\/api.w.org\/{rel}","templated":true}]}}