{"id":29134,"date":"2024-02-15T15:24:39","date_gmt":"2024-02-15T13:24:39","guid":{"rendered":"https:\/\/bisbalpenedes.com\/web\/?p=29134"},"modified":"2024-02-15T15:24:39","modified_gmt":"2024-02-15T13:24:39","slug":"el-proper-dilluns-19-de-febrer-se-celebrara-una-junta-de-govern-local-que-conte-dos-punts-amb-competencia-delegada-del-ple-a-la-junta","status":"publish","type":"post","link":"https:\/\/bisbalpenedes.com\/web\/2024\/02\/15\/el-proper-dilluns-19-de-febrer-se-celebrara-una-junta-de-govern-local-que-conte-dos-punts-amb-competencia-delegada-del-ple-a-la-junta\/","title":{"rendered":"<strong>El proper dilluns 19 de febrer se celebrar\u00e0 una Junta de Govern local que cont\u00e9 dos punts amb compet\u00e8ncia delegada del Ple a la Junta<\/strong>"},"content":{"rendered":"\n<p>S&#8217;ha convocat una Junta de Govern local per al dilluns 19 de febrer. Dos dels punts que s&#8217;hi tractaran s\u00f3n amb compet\u00e8ncia del ple delegada a la Junta, segons l&#8217;acord plenari del 6 de juliol de 2023. S\u00f3n els seg\u00fcents:<\/p>\n\n\n\n<ul><li>Expedient 574\/2023 Certificaci\u00f3 n\u00famero 5 de les obres de la fassina<\/li><\/ul>\n\n\n\n<ul><li>Expedient 453\/2024 Segona pr\u00f2rroga d&#8217;un any del contracte dels dos vehicles de r\u00e8nting amb l&#8217;Associaci\u00f3 Catalana de Municipis (ACM).<\/li><\/ul>\n\n\n\n<p>Les sessions de la Junta de Govern local no s\u00f3n p\u00fabliques, per\u00f2 quan actua amb compet\u00e8ncies delegades del Ple la sessi\u00f3 se sotmet als mateixos requisits de publicitat que les sessions del Ple, que s\u00ed s\u00f3n p\u00fabliques. Aix\u00ed ho va declarar la STS 161\/2013, de 26 de setembre. Per aquest motiu, a les 10:15h s&#8217;obriran les portes de la sala de Plens perqu\u00e8 pugui assistir-hi p\u00fablic. Tamb\u00e9 es gravaran aquests punts de l&#8217;ordre del dia i, posteriorment, es publicar\u00e0 el v\u00eddeo per garantir la seva publicitat.<\/p>\n\n\n\n<hr class=\"wp-block-separator has-alpha-channel-opacity\"\/>\n\n\n\n<p><strong>CASTELLANO |\u00a0<\/strong>Se ha convocado una Junta de Gobierno local para el lunes 19 de febrero. Dos de los puntos que se tratar\u00e1n son con competencia del pleno delegada a la Junta, seg\u00fan el acuerdo plenario del 6 de julio de 2023. Son los siguientes:<\/p>\n\n\n\n<ul><li>Expediente 574\/2023 Certificaci\u00f3n n\u00famero 5 de las obras de la <em>fassina.<\/em><\/li><\/ul>\n\n\n\n<ul><li>Expediente 453\/2024 Segunda pr\u00f3rroga de un a\u00f1o del contrato de los dos veh\u00edculos de renting con la Associaci\u00f3 Catalana de Municipis (ACM).<\/li><\/ul>\n\n\n\n<p>Las sesiones de la Junta de Gobierno local no son p\u00fablicas, pero cuando act\u00faa con competencias delegadas del Pleno la sesi\u00f3n se somete a los mismos requisitos de publicidad que las sesiones del Pleno, que s\u00ed que son p\u00fablicas. Por este motivo, a las 10:15h se abrir\u00e1n las puertas de la sala de Plenos para que pueda asistir p\u00fablico. Tambi\u00e9n se grabar\u00e1n estos puntos del orden del d\u00eda y, posteriormente, se publicar\u00e1 el v\u00eddeo para garantizar su publicidad.<\/p>\n","protected":false},"excerpt":{"rendered":"<p>S&#8217;ha convocat una Junta de Govern local per al dilluns 19 de febrer. Dos dels punts que s&#8217;hi tractaran s\u00f3n amb compet\u00e8ncia del ple delegada a la Junta, segons l&#8217;acord &hellip; <a href=\"https:\/\/bisbalpenedes.com\/web\/2024\/02\/15\/el-proper-dilluns-19-de-febrer-se-celebrara-una-junta-de-govern-local-que-conte-dos-punts-amb-competencia-delegada-del-ple-a-la-junta\/\" class=\"more-link\">Read More<\/a><\/p>\n","protected":false},"author":4,"featured_media":29100,"comment_status":"closed","ping_status":"closed","sticky":false,"template":"","format":"standard","meta":[],"categories":[3085,8],"tags":[459,5054,686,393,1374],"_links":{"self":[{"href":"https:\/\/bisbalpenedes.com\/web\/wp-json\/wp\/v2\/posts\/29134"}],"collection":[{"href":"https:\/\/bisbalpenedes.com\/web\/wp-json\/wp\/v2\/posts"}],"about":[{"href":"https:\/\/bisbalpenedes.com\/web\/wp-json\/wp\/v2\/types\/post"}],"author":[{"embeddable":true,"href":"https:\/\/bisbalpenedes.com\/web\/wp-json\/wp\/v2\/users\/4"}],"replies":[{"embeddable":true,"href":"https:\/\/bisbalpenedes.com\/web\/wp-json\/wp\/v2\/comments?post=29134"}],"version-history":[{"count":1,"href":"https:\/\/bisbalpenedes.com\/web\/wp-json\/wp\/v2\/posts\/29134\/revisions"}],"predecessor-version":[{"id":29136,"href":"https:\/\/bisbalpenedes.com\/web\/wp-json\/wp\/v2\/posts\/29134\/revisions\/29136"}],"wp:featuredmedia":[{"embeddable":true,"href":"https:\/\/bisbalpenedes.com\/web\/wp-json\/wp\/v2\/media\/29100"}],"wp:attachment":[{"href":"https:\/\/bisbalpenedes.com\/web\/wp-json\/wp\/v2\/media?parent=29134"}],"wp:term":[{"taxonomy":"category","embeddable":true,"href":"https:\/\/bisbalpenedes.com\/web\/wp-json\/wp\/v2\/categories?post=29134"},{"taxonomy":"post_tag","embeddable":true,"href":"https:\/\/bisbalpenedes.com\/web\/wp-json\/wp\/v2\/tags?post=29134"}],"curies":[{"name":"wp","href":"https:\/\/api.w.org\/{rel}","templated":true}]}}