{"id":29131,"date":"2024-02-15T14:37:49","date_gmt":"2024-02-15T12:37:49","guid":{"rendered":"https:\/\/bisbalpenedes.com\/web\/?p=29131"},"modified":"2024-02-15T14:37:49","modified_gmt":"2024-02-15T12:37:49","slug":"preinscripcions-per-a-lescola-ull-de-vent-curs-2024-2025","status":"publish","type":"post","link":"https:\/\/bisbalpenedes.com\/web\/2024\/02\/15\/preinscripcions-per-a-lescola-ull-de-vent-curs-2024-2025\/","title":{"rendered":"Preinscripcions per a l&#8217;Escola Ull de Vent &#8211; Curs 2024-2025"},"content":{"rendered":"\n<p>Del 6 al 20 de mar\u00e7 podeu formalitzar la preinscripci\u00f3 per al curs 2024-2025 a l&#8217;escola Ull de Vent. <\/p>\n\n\n\n<p>Trobareu tota la informaci\u00f3 en aquest enlla\u00e7: <a href=\"https:\/\/agora.xtec.cat\/ceipulldevent\/preinscripcio\/\" target=\"_blank\" rel=\"noreferrer noopener\">https:\/\/agora.xtec.cat\/ceipulldevent\/preinscripcio\/<\/a> <\/p>\n\n\n\n<hr class=\"wp-block-separator has-alpha-channel-opacity\"\/>\n\n\n\n<p>Del 6 al 20 de marzo pod\u00e9is formalizar la preinscripci\u00f3n para el curso 2024-2025 en la escuela Ull de Vent. <\/p>\n\n\n\n<p>Encontrar\u00e9is toda la informaci\u00f3n en este enlace: <a rel=\"noreferrer noopener\" href=\"https:\/\/agora.xtec.cat\/ceipulldevent\/preinscripcio\/\" target=\"_blank\">https:\/\/agora.xtec.cat\/ceipulldevent\/preinscripcio\/<\/a><\/p>\n","protected":false},"excerpt":{"rendered":"<p>Del 6 al 20 de mar\u00e7 podeu formalitzar la preinscripci\u00f3 per al curs 2024-2025 a l&#8217;escola Ull de Vent. Trobareu tota la informaci\u00f3 en aquest enlla\u00e7: https:\/\/agora.xtec.cat\/ceipulldevent\/preinscripcio\/ Del 6 al &hellip; <a href=\"https:\/\/bisbalpenedes.com\/web\/2024\/02\/15\/preinscripcions-per-a-lescola-ull-de-vent-curs-2024-2025\/\" class=\"more-link\">Read More<\/a><\/p>\n","protected":false},"author":4,"featured_media":29132,"comment_status":"closed","ping_status":"closed","sticky":false,"template":"","format":"standard","meta":[],"categories":[3456,8],"tags":[459,862,337,393,1413],"_links":{"self":[{"href":"https:\/\/bisbalpenedes.com\/web\/wp-json\/wp\/v2\/posts\/29131"}],"collection":[{"href":"https:\/\/bisbalpenedes.com\/web\/wp-json\/wp\/v2\/posts"}],"about":[{"href":"https:\/\/bisbalpenedes.com\/web\/wp-json\/wp\/v2\/types\/post"}],"author":[{"embeddable":true,"href":"https:\/\/bisbalpenedes.com\/web\/wp-json\/wp\/v2\/users\/4"}],"replies":[{"embeddable":true,"href":"https:\/\/bisbalpenedes.com\/web\/wp-json\/wp\/v2\/comments?post=29131"}],"version-history":[{"count":1,"href":"https:\/\/bisbalpenedes.com\/web\/wp-json\/wp\/v2\/posts\/29131\/revisions"}],"predecessor-version":[{"id":29133,"href":"https:\/\/bisbalpenedes.com\/web\/wp-json\/wp\/v2\/posts\/29131\/revisions\/29133"}],"wp:featuredmedia":[{"embeddable":true,"href":"https:\/\/bisbalpenedes.com\/web\/wp-json\/wp\/v2\/media\/29132"}],"wp:attachment":[{"href":"https:\/\/bisbalpenedes.com\/web\/wp-json\/wp\/v2\/media?parent=29131"}],"wp:term":[{"taxonomy":"category","embeddable":true,"href":"https:\/\/bisbalpenedes.com\/web\/wp-json\/wp\/v2\/categories?post=29131"},{"taxonomy":"post_tag","embeddable":true,"href":"https:\/\/bisbalpenedes.com\/web\/wp-json\/wp\/v2\/tags?post=29131"}],"curies":[{"name":"wp","href":"https:\/\/api.w.org\/{rel}","templated":true}]}}