{"id":29105,"date":"2024-02-15T12:29:02","date_gmt":"2024-02-15T10:29:02","guid":{"rendered":"https:\/\/bisbalpenedes.com\/web\/?p=29105"},"modified":"2024-02-15T12:47:37","modified_gmt":"2024-02-15T10:47:37","slug":"nova-formacio-en-dinamitzacio-dactivitats-de-lleure-infantils-i-juevenils-a-la-bisbal-del-penedes","status":"publish","type":"post","link":"https:\/\/bisbalpenedes.com\/web\/2024\/02\/15\/nova-formacio-en-dinamitzacio-dactivitats-de-lleure-infantils-i-juevenils-a-la-bisbal-del-penedes\/","title":{"rendered":"Nova formaci\u00f3 en dinamitzaci\u00f3 d&#8217;activitats de lleure infantils i juevenils a la Bisbal del Pened\u00e8s"},"content":{"rendered":"\n<p>El 4 de mar\u00e7 comen\u00e7a una nova formaci\u00f3 en dinamitzaci\u00f3 d&#8217;activitats de lleure infantils i juevenils a la Bisbal del Pened\u00e8s. Est\u00e0 adre\u00e7at a persones d&#8217;entre 45 i 60 anys que estiguin a l&#8217;atur o en situaci\u00f3 d&#8217;inactivitat laboral. La formaci\u00f3 \u00e9s 100% subvencionada, presencial i de matins (de 9 a 14h).<\/p>\n\n\n\n<p>Us hi podeu inscriure fent clic aqu\u00ed: <a href=\"https:\/\/www.cambratgn.com\/cursos-presencials\/jornada\/498-dinamitzador-d-activitats-de-lleure-infantils-i-juvenils\">https:\/\/www.cambratgn.com\/cursos-presencials\/jornada\/498-dinamitzador-d-activitats-de-lleure-infantils-i-juvenils<\/a><\/p>\n\n\n\n<hr class=\"wp-block-separator has-alpha-channel-opacity\"\/>\n\n\n\n<p><strong>CASTELLANO |<\/strong>\u00a0 El 4 de marzo empieza una nueva formaci\u00f3n en dinamizaci\u00f3n de actividades de ocio infantiles y juveniles en la Bisbal del Pened\u00e8s. Est\u00e1 dirigido a personas de entre 45 y 60 a\u00f1os que est\u00e9n en paro o en situaci\u00f3n de inactividad laboral. La formaci\u00f3n es 100% subvencionada, presencial y de ma\u00f1anas (de 9 a 14h).<br><br>Os pod\u00e9is apuntar haciendo clic aqu\u00ed: <a href=\"https:\/\/www.cambratgn.com\/cursos-presencials\/jornada\/498-dinamitzador-d-activitats-de-lleure-infantils-i-juvenils\">https:\/\/www.cambratgn.com\/cursos-presencials\/jornada\/498-dinamitzador-d-activitats-de-lleure-infantils-i-juvenils<\/a><\/p>\n\n\n\n<p><\/p>\n","protected":false},"excerpt":{"rendered":"<p>El 4 de mar\u00e7 comen\u00e7a una nova formaci\u00f3 en dinamitzaci\u00f3 d&#8217;activitats de lleure infantils i juevenils a la Bisbal del Pened\u00e8s. Est\u00e0 adre\u00e7at a persones d&#8217;entre 45 i 60 anys &hellip; <a href=\"https:\/\/bisbalpenedes.com\/web\/2024\/02\/15\/nova-formacio-en-dinamitzacio-dactivitats-de-lleure-infantils-i-juevenils-a-la-bisbal-del-penedes\/\" class=\"more-link\">Read More<\/a><\/p>\n","protected":false},"author":4,"featured_media":29106,"comment_status":"closed","ping_status":"closed","sticky":false,"template":"","format":"standard","meta":[],"categories":[8],"tags":[6473,459,4127,12,393],"_links":{"self":[{"href":"https:\/\/bisbalpenedes.com\/web\/wp-json\/wp\/v2\/posts\/29105"}],"collection":[{"href":"https:\/\/bisbalpenedes.com\/web\/wp-json\/wp\/v2\/posts"}],"about":[{"href":"https:\/\/bisbalpenedes.com\/web\/wp-json\/wp\/v2\/types\/post"}],"author":[{"embeddable":true,"href":"https:\/\/bisbalpenedes.com\/web\/wp-json\/wp\/v2\/users\/4"}],"replies":[{"embeddable":true,"href":"https:\/\/bisbalpenedes.com\/web\/wp-json\/wp\/v2\/comments?post=29105"}],"version-history":[{"count":1,"href":"https:\/\/bisbalpenedes.com\/web\/wp-json\/wp\/v2\/posts\/29105\/revisions"}],"predecessor-version":[{"id":29107,"href":"https:\/\/bisbalpenedes.com\/web\/wp-json\/wp\/v2\/posts\/29105\/revisions\/29107"}],"wp:featuredmedia":[{"embeddable":true,"href":"https:\/\/bisbalpenedes.com\/web\/wp-json\/wp\/v2\/media\/29106"}],"wp:attachment":[{"href":"https:\/\/bisbalpenedes.com\/web\/wp-json\/wp\/v2\/media?parent=29105"}],"wp:term":[{"taxonomy":"category","embeddable":true,"href":"https:\/\/bisbalpenedes.com\/web\/wp-json\/wp\/v2\/categories?post=29105"},{"taxonomy":"post_tag","embeddable":true,"href":"https:\/\/bisbalpenedes.com\/web\/wp-json\/wp\/v2\/tags?post=29105"}],"curies":[{"name":"wp","href":"https:\/\/api.w.org\/{rel}","templated":true}]}}