{"id":29098,"date":"2024-02-12T15:16:37","date_gmt":"2024-02-12T13:16:37","guid":{"rendered":"https:\/\/bisbalpenedes.com\/web\/?p=29098"},"modified":"2024-02-12T15:16:37","modified_gmt":"2024-02-12T13:16:37","slug":"saprova-la-segona-certificacio-de-les-obres-de-millora-de-les-infraestructures-del-barri-de-la-riba","status":"publish","type":"post","link":"https:\/\/bisbalpenedes.com\/web\/2024\/02\/12\/saprova-la-segona-certificacio-de-les-obres-de-millora-de-les-infraestructures-del-barri-de-la-riba\/","title":{"rendered":"S&#8217;aprova la segona certificaci\u00f3 de les obres de millora de les infraestructures del barri de la Riba"},"content":{"rendered":"\n<p>La Junta de Govern del dilluns 5 de febrer va aprovar una proposta amb compet\u00e8ncia del Ple delegada a la Junta de Govern, segons l\u2019acord plenari del 6 de juliol de 2023:<\/p>\n\n\n\n<ul><li>Expedient 2944\/2023 Aprovaci\u00f3 de la segona certificaci\u00f3 de les obres de millora de les infraestructures del barri de la Riba.<\/li><\/ul>\n\n\n\n<p>Les sessions de la Junta de Govern Local no s\u00f3n p\u00fabliques, per\u00f2 quan actua en compet\u00e8ncies delegades del Ple, la sessi\u00f3 se sotmet als mateixos requisits de publicitat que les sessions del Ple, que s\u00ed que s\u00f3n p\u00fabliques. Aix\u00ed ho va declarar la STS 161\/2013, de 26 de setembre. Per aquest motiu,&nbsp; a les 10:15h es van obrir les portes de la sala de plens per tal que hi pugui assistir p\u00fablic. Aquest punt de l\u2019ordre del dia tamb\u00e9 es va gravar i, posteriorment, s&#8217;ha publicat el v\u00eddeo per garantir la seva publicitat. El podeu trobar aqu\u00ed: <a href=\"https:\/\/actes.bisbalpenedes.com\/session\/sessionDetail\/8a8080848acca6ef018d7a336287005e?startAt=0.0&amp;endsAt=\" target=\"_blank\" rel=\"noreferrer noopener\">https:\/\/actes.bisbalpenedes.com\/session\/sessionDetail\/8a8080848acca6ef018d7a336287005e?startAt=0.0&amp;endsAt=<\/a><\/p>\n\n\n\n<hr class=\"wp-block-separator has-alpha-channel-opacity\"\/>\n\n\n\n<p><strong>CASTELLANO |<\/strong>&nbsp;La Junta de Gobierno del lunes 5 de febrero aprob\u00f3 una propuesta con competencia del Pleno delegada a la Junta de Gobierno, seg\u00fan el acuerdo plenario del 6 de julio de 2023:<\/p>\n\n\n\n<ul><li>Expediente 2944\/2023 Aprobaci\u00f3n de la segunda certificaci\u00f3n de las obras de mejora de las infraestructuras del barrio de la Riba.<\/li><\/ul>\n\n\n\n<p>Las sesiones de la Junta de Gobierno Local no son p\u00fablicas, pero cuando act\u00faa en competencias delegadas del Pleno, la sesi\u00f3n se somete a los mismos requisitos de publicidad que las sesiones del Pleno, que s\u00ed que son p\u00fablicas. As\u00ed lo declar\u00f3 la STS 161\/2013, de 26 de septiembre. Por este motivo, a las 10:15h, se abrieron las puertas de la sala de plenos con tal que pueda asistir p\u00fablico. Este punto del orden del d\u00eda tambi\u00e9n se grab\u00f3 y, posteriormente, se ha publicado el v\u00eddeo para garantizar su publicidad. Lo pod\u00e9is encontrar aqu\u00ed: <a rel=\"noreferrer noopener\" href=\"https:\/\/actes.bisbalpenedes.com\/session\/sessionDetail\/8a8080848acca6ef018d7a336287005e?startAt=0.0&amp;endsAt=\" target=\"_blank\">https:\/\/actes.bisbalpenedes.com\/session\/sessionDetail\/8a8080848acca6ef018d7a336287005e?startAt=0.0&amp;endsAt=<\/a><\/p>\n","protected":false},"excerpt":{"rendered":"<p>La Junta de Govern del dilluns 5 de febrer va aprovar una proposta amb compet\u00e8ncia del Ple delegada a la Junta de Govern, segons l\u2019acord plenari del 6 de juliol &hellip; <a href=\"https:\/\/bisbalpenedes.com\/web\/2024\/02\/12\/saprova-la-segona-certificacio-de-les-obres-de-millora-de-les-infraestructures-del-barri-de-la-riba\/\" class=\"more-link\">Read More<\/a><\/p>\n","protected":false},"author":4,"featured_media":29100,"comment_status":"closed","ping_status":"closed","sticky":false,"template":"","format":"standard","meta":[],"categories":[8,15],"tags":[3115,686,393,6333],"_links":{"self":[{"href":"https:\/\/bisbalpenedes.com\/web\/wp-json\/wp\/v2\/posts\/29098"}],"collection":[{"href":"https:\/\/bisbalpenedes.com\/web\/wp-json\/wp\/v2\/posts"}],"about":[{"href":"https:\/\/bisbalpenedes.com\/web\/wp-json\/wp\/v2\/types\/post"}],"author":[{"embeddable":true,"href":"https:\/\/bisbalpenedes.com\/web\/wp-json\/wp\/v2\/users\/4"}],"replies":[{"embeddable":true,"href":"https:\/\/bisbalpenedes.com\/web\/wp-json\/wp\/v2\/comments?post=29098"}],"version-history":[{"count":2,"href":"https:\/\/bisbalpenedes.com\/web\/wp-json\/wp\/v2\/posts\/29098\/revisions"}],"predecessor-version":[{"id":29102,"href":"https:\/\/bisbalpenedes.com\/web\/wp-json\/wp\/v2\/posts\/29098\/revisions\/29102"}],"wp:featuredmedia":[{"embeddable":true,"href":"https:\/\/bisbalpenedes.com\/web\/wp-json\/wp\/v2\/media\/29100"}],"wp:attachment":[{"href":"https:\/\/bisbalpenedes.com\/web\/wp-json\/wp\/v2\/media?parent=29098"}],"wp:term":[{"taxonomy":"category","embeddable":true,"href":"https:\/\/bisbalpenedes.com\/web\/wp-json\/wp\/v2\/categories?post=29098"},{"taxonomy":"post_tag","embeddable":true,"href":"https:\/\/bisbalpenedes.com\/web\/wp-json\/wp\/v2\/tags?post=29098"}],"curies":[{"name":"wp","href":"https:\/\/api.w.org\/{rel}","templated":true}]}}