{"id":2909,"date":"2017-07-27T11:53:45","date_gmt":"2017-07-27T05:53:45","guid":{"rendered":"http:\/\/bisbalpenedes.com\/web\/?p=2909"},"modified":"2017-07-27T11:58:35","modified_gmt":"2017-07-27T05:58:35","slug":"la-bisbal-del-penedes-sera-present-a-la-mostra-de-cultura-popular-catalana-de-perpinya-que-tindra-lloc-aquest-dissabte","status":"publish","type":"post","link":"https:\/\/bisbalpenedes.com\/web\/2017\/07\/27\/la-bisbal-del-penedes-sera-present-a-la-mostra-de-cultura-popular-catalana-de-perpinya-que-tindra-lloc-aquest-dissabte\/","title":{"rendered":"La Bisbal del Pened\u00e8s ser\u00e0 present a la Mostra de Cultura Popular Catalana de Perpiny\u00e0 que tindr\u00e0 lloc aquest dissabte"},"content":{"rendered":"<p><strong><a href=\"http:\/\/bisbalpenedes.com\/web\/wp-content\/uploads\/2017\/07\/IMG_9101.jpg\"><img loading=\"lazy\" class=\"aligncenter size-medium wp-image-2910\" title=\"donaci\u00f3 llibres perpinya\" src=\"http:\/\/bisbalpenedes.com\/web\/wp-content\/uploads\/2017\/07\/IMG_9101-300x224.jpg\" alt=\"\" width=\"300\" height=\"224\" srcset=\"https:\/\/bisbalpenedes.com\/web\/wp-content\/uploads\/2017\/07\/IMG_9101-300x224.jpg 300w, https:\/\/bisbalpenedes.com\/web\/wp-content\/uploads\/2017\/07\/IMG_9101-600x450.jpg 600w, https:\/\/bisbalpenedes.com\/web\/wp-content\/uploads\/2017\/07\/IMG_9101-1024x767.jpg 1024w, https:\/\/bisbalpenedes.com\/web\/wp-content\/uploads\/2017\/07\/IMG_9101.jpg 1599w\" sizes=\"(max-width: 300px) 100vw, 300px\" \/><\/a><a href=\"http:\/\/bisbalpenedes.com\/web\/wp-content\/uploads\/2017\/07\/IMG_9101.jpg\"><br \/>\n<\/a><\/strong><\/p>\n<p>Els Geganters i Grallers de la Societat Cultural i Recreativa Bisbalenca participaran aquest cap de setmana a la Mostra de Cultura Popular Catalana que tindr\u00e0 lloc a Perpiny\u00e0. Aquesta trobada l\u2019organitzen Adifolk, l\u2019Associaci\u00f3 per la Difusi\u00f3 del Folklore, i l\u2019Ajuntament de Perpiny\u00e0 i compta amb la participaci\u00f3 d\u2019una trentena de grups de tots els \u00e0mbits de la cultura popular que ompliran els carrers principals de la ciutat de Perpiny\u00e0 durant aquest dissabte. Entre aquests grups s\u2019hi troben els Geganters i Grallers de la Societat que visitaran Perpiny\u00e0 acompanyats de la regidora de Cultura de La Bisbal, Judit Vidal, que aprofitar\u00e0 fer entrega, a l\u2019Ajuntament de Perpiny\u00e0, d\u2019un lot d\u2019obsequis relacionats amb la vila de La Bisbal en agra\u00efment per la invitaci\u00f3 a la Mostra.<\/p>\n<p>Val a dir que a la mostra hi haur\u00e0 m\u00e9s representaci\u00f3 baixpenedesenca. En concret es comptar\u00e0 amb l\u2019A.C. Drac de Foc El Tallot del Vendrell en la secci\u00f3 de b\u00e8sties i amb la Colla Sardanista La Lira Vendrellenca en la secci\u00f3 de colles sardanistes.<\/p>\n<p>Trobareu m\u00e9s informaci\u00f3 en aquest <a href=\"http:\/\/www.adifolk.cat\/com-collaborar.php\">enlla\u00e7<\/a> i el programa d\u2019actes de la mostra en aquest altre <a href=\"http:\/\/adifolk.cat\/usuaris\/noticies\/arxius\/346_1_ADIFOLK-FlyerDAP17.pdf\">enlla\u00e7.<\/a><\/p>\n","protected":false},"excerpt":{"rendered":"<p>Els Geganters i Grallers de la Societat Cultural i Recreativa Bisbalenca participaran aquest cap de setmana a la Mostra de Cultura Popular Catalana que tindr\u00e0 lloc a Perpiny\u00e0. Aquesta trobada &hellip; <a href=\"https:\/\/bisbalpenedes.com\/web\/2017\/07\/27\/la-bisbal-del-penedes-sera-present-a-la-mostra-de-cultura-popular-catalana-de-perpinya-que-tindra-lloc-aquest-dissabte\/\" class=\"more-link\">Read More<\/a><\/p>\n","protected":false},"author":4,"featured_media":2911,"comment_status":"closed","ping_status":"closed","sticky":false,"template":"","format":"standard","meta":[],"categories":[13],"tags":[652,654,653,238,651,655],"_links":{"self":[{"href":"https:\/\/bisbalpenedes.com\/web\/wp-json\/wp\/v2\/posts\/2909"}],"collection":[{"href":"https:\/\/bisbalpenedes.com\/web\/wp-json\/wp\/v2\/posts"}],"about":[{"href":"https:\/\/bisbalpenedes.com\/web\/wp-json\/wp\/v2\/types\/post"}],"author":[{"embeddable":true,"href":"https:\/\/bisbalpenedes.com\/web\/wp-json\/wp\/v2\/users\/4"}],"replies":[{"embeddable":true,"href":"https:\/\/bisbalpenedes.com\/web\/wp-json\/wp\/v2\/comments?post=2909"}],"version-history":[{"count":3,"href":"https:\/\/bisbalpenedes.com\/web\/wp-json\/wp\/v2\/posts\/2909\/revisions"}],"predecessor-version":[{"id":2913,"href":"https:\/\/bisbalpenedes.com\/web\/wp-json\/wp\/v2\/posts\/2909\/revisions\/2913"}],"wp:featuredmedia":[{"embeddable":true,"href":"https:\/\/bisbalpenedes.com\/web\/wp-json\/wp\/v2\/media\/2911"}],"wp:attachment":[{"href":"https:\/\/bisbalpenedes.com\/web\/wp-json\/wp\/v2\/media?parent=2909"}],"wp:term":[{"taxonomy":"category","embeddable":true,"href":"https:\/\/bisbalpenedes.com\/web\/wp-json\/wp\/v2\/categories?post=2909"},{"taxonomy":"post_tag","embeddable":true,"href":"https:\/\/bisbalpenedes.com\/web\/wp-json\/wp\/v2\/tags?post=2909"}],"curies":[{"name":"wp","href":"https:\/\/api.w.org\/{rel}","templated":true}]}}