{"id":29070,"date":"2024-02-10T19:05:57","date_gmt":"2024-02-10T17:05:57","guid":{"rendered":"https:\/\/bisbalpenedes.com\/web\/?p=29070"},"modified":"2024-02-10T19:05:57","modified_gmt":"2024-02-10T17:05:57","slug":"els-alumnes-de-lescola-ull-de-vent-de-la-bisbal-del-penedes-han-guanyat-la-13a-competicio-de-la-fist-lego-league-tarragona-reus","status":"publish","type":"post","link":"https:\/\/bisbalpenedes.com\/web\/2024\/02\/10\/els-alumnes-de-lescola-ull-de-vent-de-la-bisbal-del-penedes-han-guanyat-la-13a-competicio-de-la-fist-lego-league-tarragona-reus\/","title":{"rendered":"Els alumnes de l&#8217;escola Ull de Vent de la Bisbal del Pened\u00e8s han guanyat la 13a competici\u00f3 de la Fist Lego League Tarragona-Reus"},"content":{"rendered":"\n<p>Els alumnes de l\u2019escola Ull de Vent de la Bisbal del Pened\u00e8s han guanyat la 13a competici\u00f3 de la First Lego League Tarragona-Reus ex aequo amb els alumnes del Col\u00b7legi Lestonnac &#8211; L\u2019ensenyan\u00e7a de Tarragona. Ambd\u00f3s grups es despla\u00e7aran a Alacant el proper 16 de mar\u00e7 per participar en la gran final estatal.<\/p>\n\n\n\n<p>La First Lego League \u00e9s una competici\u00f3 que uneix el m\u00f3n de l\u2019enginyeria, la rob\u00f2tica i la innovaci\u00f3 en una trobada de centres de tota la prov\u00edncia. La tem\u00e0tica triada per l\u2019escola bisbalenca ha estat el teatre i tot el que l\u2019envolta i el nom del grup bisbalenc que ha guanyat la competici\u00f3 \u00e9s \u201cSuper RoboTeatr\u00edfics\u201d.<\/p>\n\n\n\n<p>L\u2019alcaldessa Agn\u00e8s Ferr\u00e9; el regidor d\u2019Ensenyament, Daniel Caballero; aix\u00ed com tot l\u2019equip de govern, us felicitem per haver assolit aquesta fita i us encoratgem a continuar treballant com ho heu fet fins ara. Enhorabona!<\/p>\n\n\n\n<hr class=\"wp-block-separator has-alpha-channel-opacity\"\/>\n\n\n\n<p><strong>CASTELLANO |<\/strong> Los alumnos de la escuela Ull de Vent de la Bisbal del Pened\u00e8s han ganado la 13\u00aa competici\u00f3n de la First Lego League Tarragona-Reus ex aequo con los alumnos del Col\u00b7legi Lestonnac &#8211; L\u2019ensenyan\u00e7a de Tarragona. Ambos grupos se desplazar\u00e1n a Alicante el pr\u00f3ximo 16 de marzo para participar en la gran final estatal.<\/p>\n\n\n\n<p>La First Lego League es una competici\u00f3n que une el mundo de la ingenier\u00eda, la rob\u00f3tica y la innovaci\u00f3n en un encuentro de centros de toda la provincia. La tem\u00e1tica elegida por la escuela bisbalenca ha sido el teatro y todo lo que lo rodea y el nombre del grupo de la Bisbal que ha ganado la competici\u00f3n es \u201cSuper RoboTeatr\u00edfics\u201d.<\/p>\n\n\n\n<p>La alcaldesa Agn\u00e8s Ferr\u00e9; el concejal de Educaci\u00f3n, Daniel Caballero; as\u00ed como todo el equipo de gobierno, os felicitamos por haber alcanzado esta meta y os animamos a seguir trabajando como lo hab\u00e9is hecho hasta ahora. \u00a1Enhorabuena!<\/p>\n\n\n\n<figure class=\"wp-block-image size-large\"><img loading=\"lazy\" width=\"1024\" height=\"768\" src=\"https:\/\/bisbalpenedes.com\/web\/wp-content\/uploads\/2024\/02\/WhatsApp-Image-2024-02-10-at-15.49.09-2-1024x768.jpeg\" alt=\"\" class=\"wp-image-29072\" srcset=\"https:\/\/bisbalpenedes.com\/web\/wp-content\/uploads\/2024\/02\/WhatsApp-Image-2024-02-10-at-15.49.09-2-1024x768.jpeg 1024w, https:\/\/bisbalpenedes.com\/web\/wp-content\/uploads\/2024\/02\/WhatsApp-Image-2024-02-10-at-15.49.09-2-300x225.jpeg 300w, https:\/\/bisbalpenedes.com\/web\/wp-content\/uploads\/2024\/02\/WhatsApp-Image-2024-02-10-at-15.49.09-2-768x576.jpeg 768w, https:\/\/bisbalpenedes.com\/web\/wp-content\/uploads\/2024\/02\/WhatsApp-Image-2024-02-10-at-15.49.09-2-1536x1152.jpeg 1536w, https:\/\/bisbalpenedes.com\/web\/wp-content\/uploads\/2024\/02\/WhatsApp-Image-2024-02-10-at-15.49.09-2-600x450.jpeg 600w, https:\/\/bisbalpenedes.com\/web\/wp-content\/uploads\/2024\/02\/WhatsApp-Image-2024-02-10-at-15.49.09-2.jpeg 1600w\" sizes=\"(max-width: 1024px) 100vw, 1024px\" \/><\/figure>\n\n\n\n<figure class=\"wp-block-image size-large\"><img loading=\"lazy\" width=\"1024\" height=\"768\" src=\"https:\/\/bisbalpenedes.com\/web\/wp-content\/uploads\/2024\/02\/WhatsApp-Image-2024-02-10-at-15.49.09-1024x768.jpeg\" alt=\"\" class=\"wp-image-29073\" srcset=\"https:\/\/bisbalpenedes.com\/web\/wp-content\/uploads\/2024\/02\/WhatsApp-Image-2024-02-10-at-15.49.09-1024x768.jpeg 1024w, https:\/\/bisbalpenedes.com\/web\/wp-content\/uploads\/2024\/02\/WhatsApp-Image-2024-02-10-at-15.49.09-300x225.jpeg 300w, https:\/\/bisbalpenedes.com\/web\/wp-content\/uploads\/2024\/02\/WhatsApp-Image-2024-02-10-at-15.49.09-768x576.jpeg 768w, https:\/\/bisbalpenedes.com\/web\/wp-content\/uploads\/2024\/02\/WhatsApp-Image-2024-02-10-at-15.49.09-1536x1152.jpeg 1536w, https:\/\/bisbalpenedes.com\/web\/wp-content\/uploads\/2024\/02\/WhatsApp-Image-2024-02-10-at-15.49.09-600x450.jpeg 600w, https:\/\/bisbalpenedes.com\/web\/wp-content\/uploads\/2024\/02\/WhatsApp-Image-2024-02-10-at-15.49.09.jpeg 1600w\" sizes=\"(max-width: 1024px) 100vw, 1024px\" \/><\/figure>\n\n\n\n<figure class=\"wp-block-image size-large\"><img loading=\"lazy\" width=\"768\" height=\"1024\" src=\"https:\/\/bisbalpenedes.com\/web\/wp-content\/uploads\/2024\/02\/WhatsApp-Image-2024-02-10-at-15.34.48-768x1024.jpeg\" alt=\"\" class=\"wp-image-29074\" srcset=\"https:\/\/bisbalpenedes.com\/web\/wp-content\/uploads\/2024\/02\/WhatsApp-Image-2024-02-10-at-15.34.48-768x1024.jpeg 768w, https:\/\/bisbalpenedes.com\/web\/wp-content\/uploads\/2024\/02\/WhatsApp-Image-2024-02-10-at-15.34.48-225x300.jpeg 225w, https:\/\/bisbalpenedes.com\/web\/wp-content\/uploads\/2024\/02\/WhatsApp-Image-2024-02-10-at-15.34.48-1152x1536.jpeg 1152w, https:\/\/bisbalpenedes.com\/web\/wp-content\/uploads\/2024\/02\/WhatsApp-Image-2024-02-10-at-15.34.48-600x800.jpeg 600w, https:\/\/bisbalpenedes.com\/web\/wp-content\/uploads\/2024\/02\/WhatsApp-Image-2024-02-10-at-15.34.48.jpeg 1200w\" sizes=\"(max-width: 768px) 100vw, 768px\" \/><\/figure>\n","protected":false},"excerpt":{"rendered":"<p>Els alumnes de l\u2019escola Ull de Vent de la Bisbal del Pened\u00e8s han guanyat la 13a competici\u00f3 de la First Lego League Tarragona-Reus ex aequo amb els alumnes del Col\u00b7legi &hellip; <a href=\"https:\/\/bisbalpenedes.com\/web\/2024\/02\/10\/els-alumnes-de-lescola-ull-de-vent-de-la-bisbal-del-penedes-han-guanyat-la-13a-competicio-de-la-fist-lego-league-tarragona-reus\/\" class=\"more-link\">Read More<\/a><\/p>\n","protected":false},"author":4,"featured_media":29071,"comment_status":"closed","ping_status":"closed","sticky":false,"template":"","format":"standard","meta":[],"categories":[3456,8],"tags":[459,862,337,4545,6471,393,1374],"_links":{"self":[{"href":"https:\/\/bisbalpenedes.com\/web\/wp-json\/wp\/v2\/posts\/29070"}],"collection":[{"href":"https:\/\/bisbalpenedes.com\/web\/wp-json\/wp\/v2\/posts"}],"about":[{"href":"https:\/\/bisbalpenedes.com\/web\/wp-json\/wp\/v2\/types\/post"}],"author":[{"embeddable":true,"href":"https:\/\/bisbalpenedes.com\/web\/wp-json\/wp\/v2\/users\/4"}],"replies":[{"embeddable":true,"href":"https:\/\/bisbalpenedes.com\/web\/wp-json\/wp\/v2\/comments?post=29070"}],"version-history":[{"count":1,"href":"https:\/\/bisbalpenedes.com\/web\/wp-json\/wp\/v2\/posts\/29070\/revisions"}],"predecessor-version":[{"id":29075,"href":"https:\/\/bisbalpenedes.com\/web\/wp-json\/wp\/v2\/posts\/29070\/revisions\/29075"}],"wp:featuredmedia":[{"embeddable":true,"href":"https:\/\/bisbalpenedes.com\/web\/wp-json\/wp\/v2\/media\/29071"}],"wp:attachment":[{"href":"https:\/\/bisbalpenedes.com\/web\/wp-json\/wp\/v2\/media?parent=29070"}],"wp:term":[{"taxonomy":"category","embeddable":true,"href":"https:\/\/bisbalpenedes.com\/web\/wp-json\/wp\/v2\/categories?post=29070"},{"taxonomy":"post_tag","embeddable":true,"href":"https:\/\/bisbalpenedes.com\/web\/wp-json\/wp\/v2\/tags?post=29070"}],"curies":[{"name":"wp","href":"https:\/\/api.w.org\/{rel}","templated":true}]}}