{"id":29065,"date":"2024-02-09T17:21:08","date_gmt":"2024-02-09T15:21:08","guid":{"rendered":"https:\/\/bisbalpenedes.com\/web\/?p=29065"},"modified":"2024-02-09T17:21:08","modified_gmt":"2024-02-09T15:21:08","slug":"el-3-de-marc-es-fara-el-cros-escolar-enguany-hi-haura-inflables-i-els-visitants-podran-fer-la-ruta-dels-murals","status":"publish","type":"post","link":"https:\/\/bisbalpenedes.com\/web\/2024\/02\/09\/el-3-de-marc-es-fara-el-cros-escolar-enguany-hi-haura-inflables-i-els-visitants-podran-fer-la-ruta-dels-murals\/","title":{"rendered":"El 3 de mar\u00e7 es far\u00e0 el Cros escolar: enguany hi haur\u00e0 inflables i els visitants podran fer la ruta dels murals"},"content":{"rendered":"\n<p>Ja tenim aqu\u00ed el cros escolar! Tindr\u00e0 lloc el diumenge 3 de mar\u00e7, a partir de les 11.00h, des de l\u2019avda. Baix Pened\u00e8s. La cursa comptar\u00e0 amb la participaci\u00f3 d\u2019infants i joves de tota la comarca, entre els quals hi haur\u00e0 els alumnes de l\u2019Escola Ull de Vent i de l\u2019Institut Coster de la Torre.<\/p>\n\n\n\n<p>Enguany, a m\u00e9s, hi haur\u00e0 inflables i tamb\u00e9 podreu fer la ruta dels murals de la Bisbal!<\/p>\n\n\n\n<hr class=\"wp-block-separator has-alpha-channel-opacity\"\/>\n\n\n\n<p><strong>CASTELLANO |<\/strong>\u00a0\u00a1Ya tenemos aqu\u00ed el cros escolar! Tendr\u00e1 lugar el domingo 3 de marzo, a partir de las 11.00h, desde la avda. Baix Pened\u00e8s. La carrera contar\u00e1 con la participaci\u00f3n de ni\u00f1os y j\u00f3venes de toda la comarca, entre los cuales habr\u00e1 los alumnos de la Escola Ull de Vent y del Institut Coster de la Torre.<\/p>\n\n\n\n<p>\u00a1Este a\u00f1o, adem\u00e1s, habr\u00e1 inflables y tambi\u00e9n podr\u00e9is hacer la ruta de los murales de la Bisbal!<\/p>\n\n\n\n<p>#EsportsBisbalPened\u00e8s #LaBisbalDelPened\u00e8s #BaixPened\u00e8s #Pened\u00e8s<\/p>\n","protected":false},"excerpt":{"rendered":"<p>Ja tenim aqu\u00ed el cros escolar! Tindr\u00e0 lloc el diumenge 3 de mar\u00e7, a partir de les 11.00h, des de l\u2019avda. Baix Pened\u00e8s. La cursa comptar\u00e0 amb la participaci\u00f3 d\u2019infants &hellip; <a href=\"https:\/\/bisbalpenedes.com\/web\/2024\/02\/09\/el-3-de-marc-es-fara-el-cros-escolar-enguany-hi-haura-inflables-i-els-visitants-podran-fer-la-ruta-dels-murals\/\" class=\"more-link\">Read More<\/a><\/p>\n","protected":false},"author":4,"featured_media":29066,"comment_status":"closed","ping_status":"closed","sticky":false,"template":"","format":"standard","meta":[],"categories":[19,8],"tags":[459,2853,393,1374],"_links":{"self":[{"href":"https:\/\/bisbalpenedes.com\/web\/wp-json\/wp\/v2\/posts\/29065"}],"collection":[{"href":"https:\/\/bisbalpenedes.com\/web\/wp-json\/wp\/v2\/posts"}],"about":[{"href":"https:\/\/bisbalpenedes.com\/web\/wp-json\/wp\/v2\/types\/post"}],"author":[{"embeddable":true,"href":"https:\/\/bisbalpenedes.com\/web\/wp-json\/wp\/v2\/users\/4"}],"replies":[{"embeddable":true,"href":"https:\/\/bisbalpenedes.com\/web\/wp-json\/wp\/v2\/comments?post=29065"}],"version-history":[{"count":1,"href":"https:\/\/bisbalpenedes.com\/web\/wp-json\/wp\/v2\/posts\/29065\/revisions"}],"predecessor-version":[{"id":29067,"href":"https:\/\/bisbalpenedes.com\/web\/wp-json\/wp\/v2\/posts\/29065\/revisions\/29067"}],"wp:featuredmedia":[{"embeddable":true,"href":"https:\/\/bisbalpenedes.com\/web\/wp-json\/wp\/v2\/media\/29066"}],"wp:attachment":[{"href":"https:\/\/bisbalpenedes.com\/web\/wp-json\/wp\/v2\/media?parent=29065"}],"wp:term":[{"taxonomy":"category","embeddable":true,"href":"https:\/\/bisbalpenedes.com\/web\/wp-json\/wp\/v2\/categories?post=29065"},{"taxonomy":"post_tag","embeddable":true,"href":"https:\/\/bisbalpenedes.com\/web\/wp-json\/wp\/v2\/tags?post=29065"}],"curies":[{"name":"wp","href":"https:\/\/api.w.org\/{rel}","templated":true}]}}