{"id":29053,"date":"2024-02-09T16:50:43","date_gmt":"2024-02-09T14:50:43","guid":{"rendered":"https:\/\/bisbalpenedes.com\/web\/?p=29053"},"modified":"2024-02-09T16:50:43","modified_gmt":"2024-02-09T14:50:43","slug":"ja-esta-en-funcionament-laparcament-de-terra-del-barri-de-la-riba","status":"publish","type":"post","link":"https:\/\/bisbalpenedes.com\/web\/2024\/02\/09\/ja-esta-en-funcionament-laparcament-de-terra-del-barri-de-la-riba\/","title":{"rendered":"Ja est\u00e0 en funcionament l\u2019aparcament de terra del barri de la Riba"},"content":{"rendered":"\n<p>La Regidoria d\u2019Urbanisme us informa que ja ha finalitzat la primera fase dels treballs per fer un aparcament p\u00fablic al barri de la Riba i que, per tant, ja s\u2019hi pot aparcar. Aquestes obres han consistit en la preparaci\u00f3 de la zona per tal que s\u2019hi pugui aparcar mentre s\u2019executen les obres de millora de les infraestructures a la Riba i mentre s\u2019est\u00e0 redactant el projecte de l\u2019aparcament p\u00fablic que es far\u00e0, en aquest terreny, quan hagin acabat les obres dels carrers.<\/p>\n\n\n\n<p>El dilluns 28 de gener es va aprovar, per Decret d\u2019alcaldia, el contracte menor amb Excavacions i Transports Rovira SA, per 11.229,88\u20ac (IVA incl\u00f2s), per a les obres de l\u2019enderroc de la paret de ma\u00f3 perforat, transport i gesti\u00f3 de residus, neteja i esbrossada del terreny, anivellaci\u00f3 i compactaci\u00f3 del terreny, rampa d\u2019acc\u00e9s per a l\u2019entrada i la sortida de vehicles i tanca perimetral provisional.<\/p>\n\n\n\n<hr class=\"wp-block-separator has-alpha-channel-opacity\"\/>\n\n\n\n<p><strong>CASTELLANO |<\/strong> La Concejal\u00eda de Urbanismo os informa de que ya ha finalizado la primera fase de los trabajos para hacer un aparcamiento p\u00fablico en el barrio de la Riba y que, por tanto, ya se puede aparcar el este. Estas obras han consistido en la preparaci\u00f3n de la zona con tal que se pueda aparcar mientras se ejecutan las obras de mejora de las infraestructuras de la Riba y mientras se est\u00e1 redactando el proyecto del aparcamiento p\u00fablico que se har\u00e1, en este terreno, cuando hayan finalizado las obras de las calles.<\/p>\n\n\n\n<p>El lunes 28 de enero se aprob\u00f3, por Decreto de alcald\u00eda, el contrato menor con Excavacions y Transports Rovira SA, por 11.229,88\u20ac (IVA incluido), para las obras de derribo de la pared de ladrillo perforado, transporte y gesti\u00f3n de residuos, limpieza y desbroce del terreno, nivelaci\u00f3n y compactaci\u00f3n del terreno, rampa de acceso para la entrada y la salida de veh\u00edculos y valla provisional.<\/p>\n\n\n\n<figure class=\"wp-block-image size-large\"><img loading=\"lazy\" width=\"1024\" height=\"768\" src=\"https:\/\/bisbalpenedes.com\/web\/wp-content\/uploads\/2024\/02\/IMG_5776-1024x768.jpg\" alt=\"\" class=\"wp-image-29055\" srcset=\"https:\/\/bisbalpenedes.com\/web\/wp-content\/uploads\/2024\/02\/IMG_5776-1024x768.jpg 1024w, https:\/\/bisbalpenedes.com\/web\/wp-content\/uploads\/2024\/02\/IMG_5776-300x225.jpg 300w, https:\/\/bisbalpenedes.com\/web\/wp-content\/uploads\/2024\/02\/IMG_5776-768x576.jpg 768w, https:\/\/bisbalpenedes.com\/web\/wp-content\/uploads\/2024\/02\/IMG_5776-1536x1152.jpg 1536w, https:\/\/bisbalpenedes.com\/web\/wp-content\/uploads\/2024\/02\/IMG_5776-2048x1536.jpg 2048w, https:\/\/bisbalpenedes.com\/web\/wp-content\/uploads\/2024\/02\/IMG_5776-600x450.jpg 600w\" sizes=\"(max-width: 1024px) 100vw, 1024px\" \/><\/figure>\n\n\n\n<figure class=\"wp-block-image size-large\"><img loading=\"lazy\" width=\"768\" height=\"1024\" src=\"https:\/\/bisbalpenedes.com\/web\/wp-content\/uploads\/2024\/02\/2812736e-2ab3-4c11-a742-02f7812c4d21-768x1024.jpeg\" alt=\"\" class=\"wp-image-29056\" srcset=\"https:\/\/bisbalpenedes.com\/web\/wp-content\/uploads\/2024\/02\/2812736e-2ab3-4c11-a742-02f7812c4d21-768x1024.jpeg 768w, https:\/\/bisbalpenedes.com\/web\/wp-content\/uploads\/2024\/02\/2812736e-2ab3-4c11-a742-02f7812c4d21-225x300.jpeg 225w, https:\/\/bisbalpenedes.com\/web\/wp-content\/uploads\/2024\/02\/2812736e-2ab3-4c11-a742-02f7812c4d21-1152x1536.jpeg 1152w, https:\/\/bisbalpenedes.com\/web\/wp-content\/uploads\/2024\/02\/2812736e-2ab3-4c11-a742-02f7812c4d21-600x800.jpeg 600w, https:\/\/bisbalpenedes.com\/web\/wp-content\/uploads\/2024\/02\/2812736e-2ab3-4c11-a742-02f7812c4d21.jpeg 1200w\" sizes=\"(max-width: 768px) 100vw, 768px\" \/><\/figure>\n","protected":false},"excerpt":{"rendered":"<p>La Regidoria d\u2019Urbanisme us informa que ja ha finalitzat la primera fase dels treballs per fer un aparcament p\u00fablic al barri de la Riba i que, per tant, ja s\u2019hi &hellip; <a href=\"https:\/\/bisbalpenedes.com\/web\/2024\/02\/09\/ja-esta-en-funcionament-laparcament-de-terra-del-barri-de-la-riba\/\" class=\"more-link\">Read More<\/a><\/p>\n","protected":false},"author":4,"featured_media":29054,"comment_status":"closed","ping_status":"closed","sticky":false,"template":"","format":"standard","meta":[],"categories":[8,15],"tags":[330,459,3115,4657,1269,199],"_links":{"self":[{"href":"https:\/\/bisbalpenedes.com\/web\/wp-json\/wp\/v2\/posts\/29053"}],"collection":[{"href":"https:\/\/bisbalpenedes.com\/web\/wp-json\/wp\/v2\/posts"}],"about":[{"href":"https:\/\/bisbalpenedes.com\/web\/wp-json\/wp\/v2\/types\/post"}],"author":[{"embeddable":true,"href":"https:\/\/bisbalpenedes.com\/web\/wp-json\/wp\/v2\/users\/4"}],"replies":[{"embeddable":true,"href":"https:\/\/bisbalpenedes.com\/web\/wp-json\/wp\/v2\/comments?post=29053"}],"version-history":[{"count":1,"href":"https:\/\/bisbalpenedes.com\/web\/wp-json\/wp\/v2\/posts\/29053\/revisions"}],"predecessor-version":[{"id":29057,"href":"https:\/\/bisbalpenedes.com\/web\/wp-json\/wp\/v2\/posts\/29053\/revisions\/29057"}],"wp:featuredmedia":[{"embeddable":true,"href":"https:\/\/bisbalpenedes.com\/web\/wp-json\/wp\/v2\/media\/29054"}],"wp:attachment":[{"href":"https:\/\/bisbalpenedes.com\/web\/wp-json\/wp\/v2\/media?parent=29053"}],"wp:term":[{"taxonomy":"category","embeddable":true,"href":"https:\/\/bisbalpenedes.com\/web\/wp-json\/wp\/v2\/categories?post=29053"},{"taxonomy":"post_tag","embeddable":true,"href":"https:\/\/bisbalpenedes.com\/web\/wp-json\/wp\/v2\/tags?post=29053"}],"curies":[{"name":"wp","href":"https:\/\/api.w.org\/{rel}","templated":true}]}}