{"id":29019,"date":"2024-02-07T15:24:17","date_gmt":"2024-02-07T13:24:17","guid":{"rendered":"https:\/\/bisbalpenedes.com\/web\/?p=29019"},"modified":"2024-02-07T15:27:58","modified_gmt":"2024-02-07T13:27:58","slug":"lajuntament-de-la-bisbal-del-penedes-presenta-un-recurs-contra-lagencia-catalana-de-laigua-per-la-sancio-que-li-ha-imposat","status":"publish","type":"post","link":"https:\/\/bisbalpenedes.com\/web\/2024\/02\/07\/lajuntament-de-la-bisbal-del-penedes-presenta-un-recurs-contra-lagencia-catalana-de-laigua-per-la-sancio-que-li-ha-imposat\/","title":{"rendered":"L&#8217;Ajuntament de la Bisbal del Pened\u00e8s presenta un recurs contra l&#8217;Ag\u00e8ncia Catalana de l&#8217;Aigua"},"content":{"rendered":"\n<p>A finals de l&#8217;any passat, es va rebre -mitjan\u00e7ant registre d&#8217;entrada de l&#8217;Ajuntament de la Bisbal del Pened\u00e8s- una resoluci\u00f3 del Director de l&#8217;Ag\u00e8ncia Catalana de l&#8217;Aigua per la qual s&#8217;imposava a l&#8217;Ajuntament una sanci\u00f3 de 9.600\u20ac m\u00e9s una indemnitzaci\u00f3 de 2.900,78\u20ac. El motiu d&#8217;aquesta sanci\u00f3 \u00e9s, segons la resoluci\u00f3, la comissi\u00f3 d&#8217;una infracci\u00f3 administrativa de car\u00e0cter lleu per la superaci\u00f3 de la dotaci\u00f3 m\u00e0xima de consum d&#8217;aigua per abastament de poblaci\u00f3 del mes de setembre de 2023. L&#8217;alcaldessa de la Bisbal del Pened\u00e8s, Agn\u00e8s Ferr\u00e9, ha explicat que <em>&#8220;l&#8217;Ajuntament no est\u00e0 conforme amb aquesta sanci\u00f3 i, a trav\u00e9s de la Regidoria d&#8217;Abastament d&#8217;aigua potable i clavegueram, hem interposat un recurs de reposici\u00f3, davant el Director de l&#8217;Ag\u00e8ncia Catalana de l&#8217;Aigua&#8221;.<\/em><\/p>\n\n\n\n<p>La Bisbal del Pened\u00e8s compta amb nou xarxes d&#8217;aigua diferents, amb un total de m\u00e9s de 100km de xarxa d&#8217;aigua. Hi ha moltes fuites d&#8217;aigua que provoquen aquest increment de consum, que \u00e9s aigua que surt dels dip\u00f2sits i es perd en algun punt de la xarxa. Aquestes fuites s\u00f3n a causa de l&#8217;antiguitat de la xarxa d&#8217;aigua i de l&#8217;elevada pres\u00e8ncia de cal\u00e7 incrustada que presenta la xarxa, a causa de la duresa de l&#8217;aigua de la zona. Segons la regidoria d&#8217;Abastament d\u2019aigua potable i clavegueram <em>&#8220;aquestes fuites fan que en comptes de tenir un consum mitj\u00e0 de 230 l\/habitant dia, tinguem un consum de 284,33 l\/hab dia&#8221;.<\/em><\/p>\n\n\n\n<p>La batllessa bisbalenca ha explicat que <em>&#8220;des del 2015 estem invertint en el canvi de xarxa d&#8217;aigua i en la millora del servei d&#8217;abastament amb l&#8217;objectiu de reduir les fuites que provoquen p\u00e8rdua d&#8217;aigua&#8221; i considera que &#8220;les sancions que imposa l&#8217;ACA tant si es fa inversi\u00f3 com si no, independentment de la tipologia del municipi, s\u00f3n totalment injustes i no resolen el problema. Els municipis necessitem una ACA resolutiva, clara i que estigui al costat del m\u00f3n local&#8221;.<\/em><\/p>\n\n\n\n<p>L&#8217;Ajuntament de la Bisbal ha presentat un recurs de reposici\u00f3 al\u00b7legant les diferents inversions que s&#8217;han fet a la xarxa des de l&#8217;any 2015. A m\u00e9s, tamb\u00e9 al\u00b7lega que s&#8217;han sol\u00b7licitat subvencions a l&#8217;ACA per al canvi de la xarxa d&#8217;aigua. Precisament, el setembre de 2023 es va sol\u00b7licitar la subvenci\u00f3 per a la millora i renovaci\u00f3 de les xarxes de subministrament d&#8217;aigua en baixa i per a la millora de la digitalitzaci\u00f3 dels sistemes de gesti\u00f3 de l&#8217;aigua urbana dels municipis de Catalunya. Concretament, es va demanar la subvenci\u00f3 de 300.000\u20ac per finan\u00e7ar una despesa de 770.906,05\u20ac corresponent a la renovaci\u00f3 de part de la xarxa del nucli i de les urbanitzacions del Priorat, l&#8217;Esplai i Can Gordei.<\/p>\n\n\n\n<p>Quant a les inversions en la xarxa d&#8217;aigua, actualment hi ha diverses obres en curs, amb un pressupost total d&#8217;1.421.890,39\u20ac:<\/p>\n\n\n\n<ul><li>Renovaci\u00f3 de la xarxa d&#8217;aigua de la zona de la urbanitzaci\u00f3 de Can Gordei (van comen\u00e7ar el novembre de 2023) amb un import de 283.012,15\u20ac<\/li><li>Renovaci\u00f3 de la xarxa d&#8217;aigua d&#8217;una zona de la urbanitzaci\u00f3 del Priorat (van comen\u00e7ar el setembre de 2023) amb un import de 209.993,12\u20ac<\/li><li>Renovaci\u00f3 de la xarxa d&#8217;aigua d&#8217;un barri del nucli (van comen\u00e7ar el desembre de 2023) amb un import de 928.885,12\u20ac<\/li><\/ul>\n\n\n\n<p>A m\u00e9s, en aquest mandat s&#8217;ha previst invertir 770.906,05\u20ac m\u00e9s per al canvi de la xarxa d&#8217;aigua en una zona del nucli, una zona de la urbanitzaci\u00f3 del Priorat i una zona de la urbanitzaci\u00f3 de l&#8217;Esplai (sobre aquesta inversi\u00f3 \u00e9s sobre la que s&#8217;ha demanat subvenci\u00f3 a l&#8217;ACA).<\/p>\n\n\n\n<p>Quant al mandat anterior, es van destinar 109.331,88\u20ac a les seg\u00fcents intervencions:<\/p>\n\n\n\n<ul><li>Renovaci\u00f3 de la xarxa d&#8217;aigua del carrer Rossinyol de la urbanitzaci\u00f3 del Papagai amb un import de 73.290,86\u20ac<\/li><li>Posar en funcionament un nou pou a la urbanitzaci\u00f3 de l&#8217;Esplai amb un import de 81.435,47\u20ac<\/li><li>Millores al pou de la urbanitzaci\u00f3 de la Masieta per un import de 24.062,02\u20ac<\/li><li>Instal\u00b7laci\u00f3 d&#8217;equips per prevenir la cal\u00e7 als dip\u00f2sits d&#8217;aigua de les urbanitzacions del Priorat i de Can Gordei per un import d&#8217;11.979\u20ac<\/li><\/ul>\n\n\n\n<hr class=\"wp-block-separator has-alpha-channel-opacity\"\/>\n\n\n\n<p>CASTELLANO | A finales del a\u00f1o pasado, se recibi\u00f3 -mediante registro de entrada del Ajuntament de la Bisbal del Pened\u00e8s- una resoluci\u00f3n del Director de la Ag\u00e8ncia Catalana de l&#8217;Aigua por la cual se le impon\u00eda al Ajuntament una sanci\u00f3n de 9.600\u20ac m\u00e1s una indemnizaci\u00f3n de 2.900,7\u20ac. El motivo de esta sanci\u00f3n es, seg\u00fan la resoluci\u00f3n, la comisi\u00f3n de una infracci\u00f3n administrativa de car\u00e1cter leve por la superaci\u00f3n de la donaci\u00f3n m\u00e1xima de consumo de agua por abastecimiento de poblaci\u00f3n del mes de septiembre de 2023. La alcaldesa de la Bisbal del Pened\u00e8s, Agn\u00e8s Ferr\u00e9, ha explicado que <em>&#8220;el Ajuntament no est\u00e1 conforme con esta sanci\u00f3n y, a trav\u00e9s de la Concejal\u00eda de Abastecimiento de agua potable y alcantarillado, hemos interpuesto un recurso de reposici\u00f3n, ante el Director de la Ag\u00e8ncia Catalana de l&#8217;Aigua&#8221;.<\/em><\/p>\n\n\n\n<p>La Bisbal del Pened\u00e8s cuenta con nueve redes de agua distintas, con un total de m\u00e1s de 100,m de red de agua. Hay muchas fugas de agua provocan este incremento de consumo, que es agua que sale de los dep\u00f3sitos y se pierde en alg\u00fan punto de la red. Estas fugas son a causa de la antig\u00fcedad de la red de agua y de la elevada presencia de cal incrustada que presenta la red, a causa de la dureza del agua de la zona. Seg\u00fan la concejal\u00eda de Abastecimiento de agua potable y alcantarillado <em>&#8220;estas fugas hacen que en lugar de tener un consumo medio de 230 l\/habitante d\u00eda, tengamos un consumo de 284,33 l\/hab d\u00eda&#8221;.<\/em><\/p>\n\n\n\n<p>La alcaldesa bisbalenca ha explicado que <em>&#8220;desde el 2015 estamos invirtiendo en el cambio de la red de agua y en la mejora del servicio de abastecimiento con el objetivo de reducir las fugas que provocan la p\u00e9rdida de agua&#8221;<\/em> y considera que <em>&#8220;las sanciones que impone la ACA tanto si se hace inversi\u00f3n como si no, independientemente de la tipolog\u00eda del municipio, son totalmente injustas y no resuelven el problema. Los municipios necesitamos una ACA resolutiva, clara y que est\u00e9 al lado del mundo local&#8221;.<\/em><\/p>\n\n\n\n<p>El Ajuntament de la Bisbal del Pened\u00e8s ha presentado un recurso de reposici\u00f3n alegando las distintas inversiones que se han hecho en la red desde el a\u00f1o 2015. Adem\u00e1s, tambi\u00e9n alega que se han solicitado subvenciones a la ACA para el cambio de la red de agua. Precisamente, en septiembre de 2023 se solicit\u00f3 la subvenci\u00f3n para la mejora y renovaci\u00f3n de las redes de suministro de agua en baja y para la mejora de la digitalizaci\u00f3n de los sistemas de gesti\u00f3n del agua urbana de los municipios de Catalunya. Concretamente, se pidi\u00f3 la subvenci\u00f3n de 300.000\u20ac para financiar el gasto de 770.906,05\u20ac correspondiente a la renovaci\u00f3n de parte de la red del n\u00facleo y de las urbanizaciones del Priorat, l&#8217;Esplai y Can Gordei.<\/p>\n\n\n\n<p>En cuanto a las inversiones en la red de agua, actualmente hay varias obras en curso, con un presupuesto total de 1.421.890,39\u20ac.<\/p>\n\n\n\n<ul><li>Renovaci\u00f3n de la red de agua de la zona de la urbanizaci\u00f3n de Can Gordei (empezaron en noviembre del 2023) con un importe de 283.012,15\u20ac<\/li><li>Renovaci\u00f3n de la red de agua de una zona de la urbanizaci\u00f3n del Priorat (empezaron en septiembre de 2023) con un importe de 209.993,12\u20ac<\/li><li>Renovaci\u00f3n de la red de agua de un barrio del n\u00facleo (empezaron en diciembre de 2023) con un importe de 928.885,12\u20ac<\/li><\/ul>\n\n\n\n<p>Adem\u00e1s, en este mandato se ha previsto invertir 770.906,05\u20ac m\u00e1s para el cambio de la red de agua en una zona del n\u00facleo, una zona de la urbanizaci\u00f3n del Priorat y una zona de la urbanizaci\u00f3n de l&#8217;Esplai (sobre esta inversi\u00f3n es sobre la que se ha solicitado subvenci\u00f3n de la ACA).<\/p>\n\n\n\n<p>En cuanto al mandato anterior, se destinaron 109.331,88\u20ac a las siguientes intervenciones:<\/p>\n\n\n\n<ul><li>Renovaci\u00f3n de la red de agua de la calle Rossinyol de la urbanizaci\u00f3n del Papagai con un importe de 73.290,86\u20ac<\/li><li>Poner en funcionamiento un nuevo pozo en la urbanizaci\u00f3n del Esplai con un importe de 81.435,47\u20ac<\/li><li>Mejoras en el pozo de la urbanizaci\u00f3n de la Masieta por un importe de 24.062,02\u20ac<\/li><li>Instalaci\u00f3n de equipos para prevenir la cal en los dep\u00f3sitos de agua de las urbanizaciones del Priorat y de Can Gordei por un importe de 11.979\u20ac<\/li><\/ul>\n","protected":false},"excerpt":{"rendered":"<p>A finals de l&#8217;any passat, es va rebre -mitjan\u00e7ant registre d&#8217;entrada de l&#8217;Ajuntament de la Bisbal del Pened\u00e8s- una resoluci\u00f3 del Director de l&#8217;Ag\u00e8ncia Catalana de l&#8217;Aigua per la qual &hellip; <a href=\"https:\/\/bisbalpenedes.com\/web\/2024\/02\/07\/lajuntament-de-la-bisbal-del-penedes-presenta-un-recurs-contra-lagencia-catalana-de-laigua-per-la-sancio-que-li-ha-imposat\/\" class=\"more-link\">Read More<\/a><\/p>\n","protected":false},"author":4,"featured_media":29020,"comment_status":"closed","ping_status":"closed","sticky":false,"template":"","format":"standard","meta":[],"categories":[2057,8,3352],"tags":[768,2211,459,3284,1000,393,1374,6465,1175,5934],"_links":{"self":[{"href":"https:\/\/bisbalpenedes.com\/web\/wp-json\/wp\/v2\/posts\/29019"}],"collection":[{"href":"https:\/\/bisbalpenedes.com\/web\/wp-json\/wp\/v2\/posts"}],"about":[{"href":"https:\/\/bisbalpenedes.com\/web\/wp-json\/wp\/v2\/types\/post"}],"author":[{"embeddable":true,"href":"https:\/\/bisbalpenedes.com\/web\/wp-json\/wp\/v2\/users\/4"}],"replies":[{"embeddable":true,"href":"https:\/\/bisbalpenedes.com\/web\/wp-json\/wp\/v2\/comments?post=29019"}],"version-history":[{"count":5,"href":"https:\/\/bisbalpenedes.com\/web\/wp-json\/wp\/v2\/posts\/29019\/revisions"}],"predecessor-version":[{"id":29026,"href":"https:\/\/bisbalpenedes.com\/web\/wp-json\/wp\/v2\/posts\/29019\/revisions\/29026"}],"wp:featuredmedia":[{"embeddable":true,"href":"https:\/\/bisbalpenedes.com\/web\/wp-json\/wp\/v2\/media\/29020"}],"wp:attachment":[{"href":"https:\/\/bisbalpenedes.com\/web\/wp-json\/wp\/v2\/media?parent=29019"}],"wp:term":[{"taxonomy":"category","embeddable":true,"href":"https:\/\/bisbalpenedes.com\/web\/wp-json\/wp\/v2\/categories?post=29019"},{"taxonomy":"post_tag","embeddable":true,"href":"https:\/\/bisbalpenedes.com\/web\/wp-json\/wp\/v2\/tags?post=29019"}],"curies":[{"name":"wp","href":"https:\/\/api.w.org\/{rel}","templated":true}]}}