{"id":29013,"date":"2024-02-07T12:48:09","date_gmt":"2024-02-07T10:48:09","guid":{"rendered":"https:\/\/bisbalpenedes.com\/web\/?p=29013"},"modified":"2024-02-07T12:48:09","modified_gmt":"2024-02-07T10:48:09","slug":"lequip-de-govern-inicia-els-tramits-per-donar-19-818e-a-lescola-ull-de-vent-per-a-material-escolar","status":"publish","type":"post","link":"https:\/\/bisbalpenedes.com\/web\/2024\/02\/07\/lequip-de-govern-inicia-els-tramits-per-donar-19-818e-a-lescola-ull-de-vent-per-a-material-escolar\/","title":{"rendered":"<strong>L&#8217;equip de govern inicia els tr\u00e0mits per donar 19.818\u20ac a l&#8217;Escola Ull de Vent per a material escolar<\/strong>"},"content":{"rendered":"\n<p>La Junta de govern del dilluns 5 de febrer ha aprovat iniciar els tr\u00e0mits per a la donaci\u00f3 de 19.818\u20ac a l&#8217;escola Ull de Vent per a material escolar per al curs actual (2023\/24). L&#8217;objectiu d&#8217;aquesta ajuda econ\u00f2mica \u00e9s contribuir al bon funcionament del centre i garantir la igualtat de tots els alumnes en l&#8217;educaci\u00f3.<\/p>\n\n\n\n<p>L&#8217;ajuntament incrementa cada any l&#8217;import destinat a material, tenint en compte la pujada de preus. Enguany, ha estimat un import de 62\u20ac per alumne empadronat per a la compra de material escolar per un total de 239 alumnes, amb un import resultant de 14.818\u20ac. A m\u00e9s, l&#8217;Ajuntament de la Bisbal del Pened\u00e8s ha sumat 5.000\u20ac m\u00e9s a la donaci\u00f3 perqu\u00e8 l&#8217;escola pugui renovar equips inform\u00e0tics.<\/p>\n\n\n\n<p>Val a dir que, a banda d&#8217;aquesta donaci\u00f3, l&#8217;ajuntament tamb\u00e9 assumeix les despeses de:<\/p>\n\n\n\n<ul><li>2 fotocopiadores (una a cada edifici de l&#8217;escola)<\/li><li>Paper per a tot el curs<\/li><li>El personal de consergeria<\/li><li>El personal de neteja<\/li><li>Gasoil per a la calefacci\u00f3<\/li><li>L&#8217;activitat d&#8217;Evaludens de lectura en veu alta<\/li><\/ul>\n\n\n\n<p>Ara, l&#8217;Ajuntament de la Bisbal del Pened\u00e8s traslladar\u00e0 a la direcci\u00f3 de l&#8217;escola i als Serveis Territorials d&#8217;Ensenyament de la Generalitat de Catalunya la voluntat de fer aquesta donaci\u00f3 per part de l&#8217;Ajuntament de la Bisbal del Pened\u00e8s, ja que el Departament d&#8217;Ensenyament de la Generalitat de Catalunya \u00e9s qui aprova aquesta donaci\u00f3 i, en el moment en qu\u00e8 comuniqui a l&#8217;Ajuntament el seu vistiplau, es far\u00e0 el primer pagament.<\/p>\n\n\n\n<hr class=\"wp-block-separator has-alpha-channel-opacity\"\/>\n\n\n\n<p><strong>CASTELLANO |\u00a0<\/strong>La Junta de gobierno del lunes 5 de febrero ha aprobado iniciar los tr\u00e1mites para la donaci\u00f3n de 19.818\u20ac a la escuela Ull de Vent para material escolar para el curso actual (2023\/24). El objetivo de esta ayuda econ\u00f3mica es contribuir al buen funcionamiento del centro y garantizar la igualdad de todos los alumnos en la educaci\u00f3n.<\/p>\n\n\n\n<p>El ayuntamiento incrementa cada a\u00f1o el importe destinado a material, teniendo en cuenta la subida de precios. Este a\u00f1o, ha estimado un importe de 62\u20ac por alumno empadronado para la compra de material escolar por total de 239 alumnos, con un importe resultante de 14.818\u20ac Adem\u00e1s, el Ajuntament de la Bisbal del Pened\u00e8s ha sumado 5.000\u20ac m\u00e1s a la donaci\u00f3n para que la escuela pueda renovar equipos inform\u00e1ticos.<\/p>\n\n\n\n<p>Cabe decir que, aparte de esta donaci\u00f3n, el ayuntamiento tambi\u00e9n asume los gastos de:<\/p>\n\n\n\n<ul><li>2 fotocopiadoras (una en cada edificio de la escuela)<\/li><li>Papel para todo el curso<\/li><li>El personal de conserjer\u00eda<\/li><li>El personal de limpieza<\/li><li>Gas\u00f3leo para la calefacci\u00f3n<\/li><li>La actividad EvaLudens de lectura en voz alta<\/li><\/ul>\n\n\n\n<p>Ahora, el Ajuntament de la Bisbal del Pened\u00e8s trasladar\u00e1 a la direcci\u00f3n de la escuela y a los Serveis Territorials d&#8217;Ensenyament de la Generalitat de Catalunya la voluntad de hacer esta donaci\u00f3n por parte del Ajuntament de la Bisbal del Pened\u00e8s, ya que el Departament d&#8217;Ensenyament de la Generalitat de Catalunya es quien aprueba esta donaci\u00f3n y, en el momento en el que comunique al Ajuntament su visto bueno, se har\u00e1 el primer pago.<\/p>\n","protected":false},"excerpt":{"rendered":"<p>La Junta de govern del dilluns 5 de febrer ha aprovat iniciar els tr\u00e0mits per a la donaci\u00f3 de 19.818\u20ac a l&#8217;escola Ull de Vent per a material escolar per &hellip; <a href=\"https:\/\/bisbalpenedes.com\/web\/2024\/02\/07\/lequip-de-govern-inicia-els-tramits-per-donar-19-818e-a-lescola-ull-de-vent-per-a-material-escolar\/\" class=\"more-link\">Read More<\/a><\/p>\n","protected":false},"author":4,"featured_media":29014,"comment_status":"closed","ping_status":"closed","sticky":false,"template":"","format":"standard","meta":[],"categories":[3456,8],"tags":[4523,337,393],"_links":{"self":[{"href":"https:\/\/bisbalpenedes.com\/web\/wp-json\/wp\/v2\/posts\/29013"}],"collection":[{"href":"https:\/\/bisbalpenedes.com\/web\/wp-json\/wp\/v2\/posts"}],"about":[{"href":"https:\/\/bisbalpenedes.com\/web\/wp-json\/wp\/v2\/types\/post"}],"author":[{"embeddable":true,"href":"https:\/\/bisbalpenedes.com\/web\/wp-json\/wp\/v2\/users\/4"}],"replies":[{"embeddable":true,"href":"https:\/\/bisbalpenedes.com\/web\/wp-json\/wp\/v2\/comments?post=29013"}],"version-history":[{"count":1,"href":"https:\/\/bisbalpenedes.com\/web\/wp-json\/wp\/v2\/posts\/29013\/revisions"}],"predecessor-version":[{"id":29015,"href":"https:\/\/bisbalpenedes.com\/web\/wp-json\/wp\/v2\/posts\/29013\/revisions\/29015"}],"wp:featuredmedia":[{"embeddable":true,"href":"https:\/\/bisbalpenedes.com\/web\/wp-json\/wp\/v2\/media\/29014"}],"wp:attachment":[{"href":"https:\/\/bisbalpenedes.com\/web\/wp-json\/wp\/v2\/media?parent=29013"}],"wp:term":[{"taxonomy":"category","embeddable":true,"href":"https:\/\/bisbalpenedes.com\/web\/wp-json\/wp\/v2\/categories?post=29013"},{"taxonomy":"post_tag","embeddable":true,"href":"https:\/\/bisbalpenedes.com\/web\/wp-json\/wp\/v2\/tags?post=29013"}],"curies":[{"name":"wp","href":"https:\/\/api.w.org\/{rel}","templated":true}]}}