{"id":29000,"date":"2024-02-06T20:50:01","date_gmt":"2024-02-06T18:50:01","guid":{"rendered":"https:\/\/bisbalpenedes.com\/web\/?p=29000"},"modified":"2024-02-06T20:50:01","modified_gmt":"2024-02-06T18:50:01","slug":"lajuntament-contracta-el-projecte-evaludens-per-als-alumnes-de-5e-i-6e-de-lescola-de-primaria-ull-de-vent","status":"publish","type":"post","link":"https:\/\/bisbalpenedes.com\/web\/2024\/02\/06\/lajuntament-contracta-el-projecte-evaludens-per-als-alumnes-de-5e-i-6e-de-lescola-de-primaria-ull-de-vent\/","title":{"rendered":"L&#8217;Ajuntament contracta el projecte EvaLudens per als alumnes de 5\u00e8 i 6\u00e8 de l&#8217;escola de prim\u00e0ria Ull de Vent"},"content":{"rendered":"\n<p>La Junta de Govern ha aprovat, a petici\u00f3 de la Regidoria de Cultura, la contractaci\u00f3 del projecte de narraci\u00f3 EvaLudens del Festival EVA, destinat a la recuperaci\u00f3 i a l&#8217;ensenyament de la tradici\u00f3 oral. Aquesta iniciativa est\u00e0 destinada als alumnes de 5\u00e8 i 6\u00e8 de prim\u00e0ria de l&#8217;Escola Ull de Vent, amb l&#8217;objectiu de promoure la cultura i l&#8217;oralitat a l&#8217;escola, amb espectacles de narraci\u00f3, glosa, can\u00e7\u00f3 tradicional i roman\u00e7os.<\/p>\n\n\n\n<p>La regidora de Cultura, Judith Vidal, considera <em>&#8220;necessari impulsar, per segon any consecutiu, programes per a la millora de la comprensi\u00f3 i la comunicaci\u00f3 oral i lectora de l&#8217;alumnat bisbalenc&#8221;. <\/em>L&#8217;any passat l&#8217;escola ja va comptar amb l&#8217;actuaci\u00f3 de Jordi Font amb l&#8217;espectacle &#8220;Sempre quan acabo dic&#8221; en el marc d&#8217;aquest projecte i enguany es fa una aposta que portar\u00e0 a l&#8217;alumnat diversos espectacles de petit format durant el 2024.<\/p>\n\n\n\n<hr class=\"wp-block-separator has-alpha-channel-opacity\"\/>\n\n\n\n<p><strong>CASTELLANO |<\/strong>&nbsp;La Junta de Gobierno ha aprobado, a petici\u00f3n de la Concejal\u00eda de Cultura, la contrataci\u00f3n del proyecto de narraci\u00f3n EvaLudens del Festival EVA, destinado a la recuperaci\u00f3n y a la ense\u00f1anza de la tradici\u00f3n oral. Esta iniciativa est\u00e1 destinada a los alumnos de 5\u00ba i 6\u00ba de primaria de la Escola Ull de Vent, con el objetivo de promover la cultura y la oralidad en la escuela, con espect\u00e1culos de narraci\u00f3n, glosa, canci\u00f3n tradicional y romances.<\/p>\n\n\n\n<p>La concejala de Cultura, Judith Vidal, considera &#8220;necesario impulsar, por segundo a\u00f1o consecutivo, programas para la mejora de la comprensi\u00f3n y la comunicaci\u00f3n oral y lectora del alumnado bisbalenc&#8221;. El a\u00f1o pasado la escuela ya cont\u00f3 con la actuaci\u00f3n de Jordi Font con el espect\u00e1culo &#8220;Sempre quan acabo dic&#8221; en el marco de este proyecto y este a\u00f1o se hace una apuesta que les acercar\u00e1 a los alumnos diversos espect\u00e1culos de peque\u00f1o formato durante el 2024.<\/p>\n","protected":false},"excerpt":{"rendered":"<p>La Junta de Govern ha aprovat, a petici\u00f3 de la Regidoria de Cultura, la contractaci\u00f3 del projecte de narraci\u00f3 EvaLudens del Festival EVA, destinat a la recuperaci\u00f3 i a l&#8217;ensenyament &hellip; <a href=\"https:\/\/bisbalpenedes.com\/web\/2024\/02\/06\/lajuntament-contracta-el-projecte-evaludens-per-als-alumnes-de-5e-i-6e-de-lescola-de-primaria-ull-de-vent\/\" class=\"more-link\">Read More<\/a><\/p>\n","protected":false},"author":4,"featured_media":29001,"comment_status":"closed","ping_status":"closed","sticky":false,"template":"","format":"standard","meta":[],"categories":[13,8],"tags":[459,337,6460,1807,6461,393,222],"_links":{"self":[{"href":"https:\/\/bisbalpenedes.com\/web\/wp-json\/wp\/v2\/posts\/29000"}],"collection":[{"href":"https:\/\/bisbalpenedes.com\/web\/wp-json\/wp\/v2\/posts"}],"about":[{"href":"https:\/\/bisbalpenedes.com\/web\/wp-json\/wp\/v2\/types\/post"}],"author":[{"embeddable":true,"href":"https:\/\/bisbalpenedes.com\/web\/wp-json\/wp\/v2\/users\/4"}],"replies":[{"embeddable":true,"href":"https:\/\/bisbalpenedes.com\/web\/wp-json\/wp\/v2\/comments?post=29000"}],"version-history":[{"count":1,"href":"https:\/\/bisbalpenedes.com\/web\/wp-json\/wp\/v2\/posts\/29000\/revisions"}],"predecessor-version":[{"id":29002,"href":"https:\/\/bisbalpenedes.com\/web\/wp-json\/wp\/v2\/posts\/29000\/revisions\/29002"}],"wp:featuredmedia":[{"embeddable":true,"href":"https:\/\/bisbalpenedes.com\/web\/wp-json\/wp\/v2\/media\/29001"}],"wp:attachment":[{"href":"https:\/\/bisbalpenedes.com\/web\/wp-json\/wp\/v2\/media?parent=29000"}],"wp:term":[{"taxonomy":"category","embeddable":true,"href":"https:\/\/bisbalpenedes.com\/web\/wp-json\/wp\/v2\/categories?post=29000"},{"taxonomy":"post_tag","embeddable":true,"href":"https:\/\/bisbalpenedes.com\/web\/wp-json\/wp\/v2\/tags?post=29000"}],"curies":[{"name":"wp","href":"https:\/\/api.w.org\/{rel}","templated":true}]}}