{"id":28993,"date":"2024-02-06T14:46:07","date_gmt":"2024-02-06T12:46:07","guid":{"rendered":"https:\/\/bisbalpenedes.com\/web\/?p=28993"},"modified":"2024-02-06T14:46:38","modified_gmt":"2024-02-06T12:46:38","slug":"lescola-ull-de-vent-participara-en-la-first-lego-league-de-tarragona-reus-aquest-dissabte","status":"publish","type":"post","link":"https:\/\/bisbalpenedes.com\/web\/2024\/02\/06\/lescola-ull-de-vent-participara-en-la-first-lego-league-de-tarragona-reus-aquest-dissabte\/","title":{"rendered":"L&#8217;escola Ull de Vent participar\u00e0 en la First Lego League de Tarragona-Reus aquest dissabte"},"content":{"rendered":"\n<p>El proper dissabte, per cinqu\u00e8 any consecutiu, un grup d\u2019alumnes de sis\u00e8 de l\u2019escola Ull de Vent participar\u00e0 en la First Lego League de Tarragona-Reus. Aquesta competici\u00f3 uneix el m\u00f3n de l\u2019enginyeria, la rob\u00f2tica i la innovaci\u00f3 en una trobada de centres de tota la prov\u00edncia. Enguany, la competici\u00f3 se centra en les aficions i les passions de l\u2019alumnat i, en el cas de l\u2019escola bisbalenca, en el teatre i tot el que l\u2019envolta\ud83c\udfad<\/p>\n\n\n\n<p>Avui dimarts, l\u2019alumnat ha fet una presentaci\u00f3 pr\u00e8via a la competici\u00f3 del dissabte al CMC i hi han assistit el regidor d\u2019Ensenyament, Daniel Caballero; i el regidor de Joventut, Joan Gimeno, en representaci\u00f3 de l\u2019equip de govern. Aqu\u00ed teniu algunes fotos.<\/p>\n\n\n\n<p>Tamb\u00e9 us adjuntem el v\u00eddeo que van penjar fa un mes els alumnes de rob\u00f2tica de l\u2019escola: <\/p>\n\n\n\n<figure class=\"wp-block-embed is-type-rich is-provider-gestor-del-servei wp-block-embed-gestor-del-servei wp-embed-aspect-16-9 wp-has-aspect-ratio\"><div class=\"wp-block-embed__wrapper\">\n<iframe loading=\"lazy\" title=\"Super RoboTeatri\u0301fics\" width=\"1170\" height=\"658\" src=\"https:\/\/www.youtube.com\/embed\/qZNUoaPKUHQ?feature=oembed\" frameborder=\"0\" allow=\"accelerometer; autoplay; clipboard-write; encrypted-media; gyroscope; picture-in-picture; web-share\" allowfullscreen><\/iframe>\n<\/div><\/figure>\n\n\n\n<p><a href=\"https:\/\/youtu.be\/qZNUoaPKUHQ?si=Db2trp1Z80uPcCYy\"><\/a><\/p>\n\n\n\n<p>Molta sort\ud83c\udf40 aquest dissabte!<\/p>\n\n\n\n<hr class=\"wp-block-separator has-alpha-channel-opacity\"\/>\n\n\n\n<p><strong>CASTELLANO | <\/strong>El pr\u00f3ximo s\u00e1bado, por quinto a\u00f1o consecutivo, un grupo de alumnos de sexto de la escuela Ull de Vent participar\u00e1 en la First Lego League de Tarragona-Reus. Esta competici\u00f3n une el mundo de la ingenier\u00eda, la rob\u00f3tica y la innovaci\u00f3n en un encuentro de centros de toda la provincia. Este a\u00f1o, la competici\u00f3n se centra en las aficiones y las pasiones del alumnado y, en el caso de la escuela bisbalenca, en el teatro y todo lo que lo rodea\ud83c\udfad<\/p>\n\n\n\n<p>Hoy martes, el alumnado ha hecho una presentaci\u00f3n previa a la competici\u00f3n del s\u00e1bado en el CMC y han asistido el concejal de Educaci\u00f3n, Daniel Caballero; y el concejal de Juventud, Joan Gimeno; en representaci\u00f3n del equipo de gobierno. Aqu\u00ed ten\u00e9is algunas fotos.<\/p>\n\n\n\n<p>Tambi\u00e9n os adjuntamos el v\u00eddeo que colgaron hace un mes los alumnos de rob\u00f3tica de la escuela: <\/p>\n\n\n\n<figure class=\"wp-block-embed is-type-rich is-provider-gestor-del-servei wp-block-embed-gestor-del-servei wp-embed-aspect-16-9 wp-has-aspect-ratio\"><div class=\"wp-block-embed__wrapper\">\n<iframe loading=\"lazy\" title=\"Super RoboTeatri\u0301fics\" width=\"1170\" height=\"658\" src=\"https:\/\/www.youtube.com\/embed\/qZNUoaPKUHQ?feature=oembed\" frameborder=\"0\" allow=\"accelerometer; autoplay; clipboard-write; encrypted-media; gyroscope; picture-in-picture; web-share\" allowfullscreen><\/iframe>\n<\/div><\/figure>\n\n\n\n<p><a href=\"https:\/\/youtu.be\/qZNUoaPKUHQ?si=Db2trp1Z80uPcCYy\"><\/a><\/p>\n\n\n\n<p>\u00a1Mucha suerte\ud83c\udf40 este s\u00e1bado!<\/p>\n","protected":false},"excerpt":{"rendered":"<p>El proper dissabte, per cinqu\u00e8 any consecutiu, un grup d\u2019alumnes de sis\u00e8 de l\u2019escola Ull de Vent participar\u00e0 en la First Lego League de Tarragona-Reus. Aquesta competici\u00f3 uneix el m\u00f3n &hellip; <a href=\"https:\/\/bisbalpenedes.com\/web\/2024\/02\/06\/lescola-ull-de-vent-participara-en-la-first-lego-league-de-tarragona-reus-aquest-dissabte\/\" class=\"more-link\">Read More<\/a><\/p>\n","protected":false},"author":4,"featured_media":28996,"comment_status":"closed","ping_status":"closed","sticky":false,"template":"","format":"standard","meta":[],"categories":[3456,4269,8],"tags":[393],"_links":{"self":[{"href":"https:\/\/bisbalpenedes.com\/web\/wp-json\/wp\/v2\/posts\/28993"}],"collection":[{"href":"https:\/\/bisbalpenedes.com\/web\/wp-json\/wp\/v2\/posts"}],"about":[{"href":"https:\/\/bisbalpenedes.com\/web\/wp-json\/wp\/v2\/types\/post"}],"author":[{"embeddable":true,"href":"https:\/\/bisbalpenedes.com\/web\/wp-json\/wp\/v2\/users\/4"}],"replies":[{"embeddable":true,"href":"https:\/\/bisbalpenedes.com\/web\/wp-json\/wp\/v2\/comments?post=28993"}],"version-history":[{"count":2,"href":"https:\/\/bisbalpenedes.com\/web\/wp-json\/wp\/v2\/posts\/28993\/revisions"}],"predecessor-version":[{"id":28998,"href":"https:\/\/bisbalpenedes.com\/web\/wp-json\/wp\/v2\/posts\/28993\/revisions\/28998"}],"wp:featuredmedia":[{"embeddable":true,"href":"https:\/\/bisbalpenedes.com\/web\/wp-json\/wp\/v2\/media\/28996"}],"wp:attachment":[{"href":"https:\/\/bisbalpenedes.com\/web\/wp-json\/wp\/v2\/media?parent=28993"}],"wp:term":[{"taxonomy":"category","embeddable":true,"href":"https:\/\/bisbalpenedes.com\/web\/wp-json\/wp\/v2\/categories?post=28993"},{"taxonomy":"post_tag","embeddable":true,"href":"https:\/\/bisbalpenedes.com\/web\/wp-json\/wp\/v2\/tags?post=28993"}],"curies":[{"name":"wp","href":"https:\/\/api.w.org\/{rel}","templated":true}]}}