{"id":28990,"date":"2024-02-06T13:53:42","date_gmt":"2024-02-06T11:53:42","guid":{"rendered":"https:\/\/bisbalpenedes.com\/web\/?p=28990"},"modified":"2024-02-06T13:53:42","modified_gmt":"2024-02-06T11:53:42","slug":"la-junta-de-govern-ha-aprovat-la-liquidacio-de-limport-corresponent-al-conveni-de-manteniment-de-larea-recreativa-del-montmell-per-al-2024","status":"publish","type":"post","link":"https:\/\/bisbalpenedes.com\/web\/2024\/02\/06\/la-junta-de-govern-ha-aprovat-la-liquidacio-de-limport-corresponent-al-conveni-de-manteniment-de-larea-recreativa-del-montmell-per-al-2024\/","title":{"rendered":"<strong>La Junta de Govern ha aprovat la liquidaci\u00f3 de l&#8217;import corresponent al conveni de manteniment de l&#8217;\u00c0rea Recreativa del Montmell per al 2024<\/strong>"},"content":{"rendered":"\n<p>La Junta de Govern del 5 de febrer ha aprovat el pagament de 795,13\u20ac corresponents al conveni de manteniment de l&#8217;\u00c0rea Recreativa del Montmell per a l&#8217;any 2024. Es tracta d&#8217;un pagament que realitzen la majoria de municipis de la comarca amb l&#8217;objectiu de mantenir i preservar aquest espai, ubicat a la serralada del Montmell i preparat per fer barbacoes i acampades a l&#8217;aire lliure, pr\u00e8via autoritzaci\u00f3 per part de l&#8217;Ajuntament del Montmell. L&#8217;espai compta amb barbacoes, zona de p\u00edcnic, lavabos i aigua potable.<\/p>\n\n\n\n<hr class=\"wp-block-separator has-alpha-channel-opacity\"\/>\n\n\n\n<p>La Junta de Gobierno del 5 de febrero ha aprobado el pago de 795,13\u20ac correspondientes al convenio de mantenimiento del \u00c0rea Recreativa del Montmell para el a\u00f1o 2024. Se trata de un pago que realizan la mayor\u00eda de los municipios de la comarca con el objetivo de mantener y preservar este espacio, ubicado en la cordillera del Montmell y preparado para hacer barbacoas y acampadas al aire libre, previa autorizaci\u00f3n por parte del Ajuntament del Montmell. El espacio cuenta con barbacoas, zona de p\u00edcnic, lavabos y agua potable.<\/p>\n","protected":false},"excerpt":{"rendered":"<p>La Junta de Govern del 5 de febrer ha aprovat el pagament de 795,13\u20ac corresponents al conveni de manteniment de l&#8217;\u00c0rea Recreativa del Montmell per a l&#8217;any 2024. Es tracta &hellip; <a href=\"https:\/\/bisbalpenedes.com\/web\/2024\/02\/06\/la-junta-de-govern-ha-aprovat-la-liquidacio-de-limport-corresponent-al-conveni-de-manteniment-de-larea-recreativa-del-montmell-per-al-2024\/\" class=\"more-link\">Read More<\/a><\/p>\n","protected":false},"author":4,"featured_media":28991,"comment_status":"closed","ping_status":"closed","sticky":false,"template":"","format":"standard","meta":[],"categories":[2983,8],"tags":[4486,1841,393],"_links":{"self":[{"href":"https:\/\/bisbalpenedes.com\/web\/wp-json\/wp\/v2\/posts\/28990"}],"collection":[{"href":"https:\/\/bisbalpenedes.com\/web\/wp-json\/wp\/v2\/posts"}],"about":[{"href":"https:\/\/bisbalpenedes.com\/web\/wp-json\/wp\/v2\/types\/post"}],"author":[{"embeddable":true,"href":"https:\/\/bisbalpenedes.com\/web\/wp-json\/wp\/v2\/users\/4"}],"replies":[{"embeddable":true,"href":"https:\/\/bisbalpenedes.com\/web\/wp-json\/wp\/v2\/comments?post=28990"}],"version-history":[{"count":1,"href":"https:\/\/bisbalpenedes.com\/web\/wp-json\/wp\/v2\/posts\/28990\/revisions"}],"predecessor-version":[{"id":28992,"href":"https:\/\/bisbalpenedes.com\/web\/wp-json\/wp\/v2\/posts\/28990\/revisions\/28992"}],"wp:featuredmedia":[{"embeddable":true,"href":"https:\/\/bisbalpenedes.com\/web\/wp-json\/wp\/v2\/media\/28991"}],"wp:attachment":[{"href":"https:\/\/bisbalpenedes.com\/web\/wp-json\/wp\/v2\/media?parent=28990"}],"wp:term":[{"taxonomy":"category","embeddable":true,"href":"https:\/\/bisbalpenedes.com\/web\/wp-json\/wp\/v2\/categories?post=28990"},{"taxonomy":"post_tag","embeddable":true,"href":"https:\/\/bisbalpenedes.com\/web\/wp-json\/wp\/v2\/tags?post=28990"}],"curies":[{"name":"wp","href":"https:\/\/api.w.org\/{rel}","templated":true}]}}