{"id":28969,"date":"2024-02-06T11:04:30","date_gmt":"2024-02-06T09:04:30","guid":{"rendered":"https:\/\/bisbalpenedes.com\/web\/?p=28969"},"modified":"2024-02-06T11:04:30","modified_gmt":"2024-02-06T09:04:30","slug":"formacio-en-lleure-infantil-i-auxiliar-de-cuina-escolar-per-a-persones-dentre-45-i-60-en-situacio-datur-o-dinactivitat-laboral","status":"publish","type":"post","link":"https:\/\/bisbalpenedes.com\/web\/2024\/02\/06\/formacio-en-lleure-infantil-i-auxiliar-de-cuina-escolar-per-a-persones-dentre-45-i-60-en-situacio-datur-o-dinactivitat-laboral\/","title":{"rendered":"Formaci\u00f3 en lleure infantil i auxiliar de cuina escolar per a persones d&#8217;entre 45 i 60 en situaci\u00f3 d&#8217;atur o d&#8217;inactivitat laboral"},"content":{"rendered":"\n<p>Atenci\u00f3<img loading=\"lazy\" height=\"16\" width=\"16\" src=\"https:\/\/static.xx.fbcdn.net\/images\/emoji.php\/v9\/tf8\/2\/16\/203c.png\" alt=\"\u203c\ufe0f\"><\/p>\n\n\n\n<p><img loading=\"lazy\" height=\"16\" width=\"16\" alt=\"\u2705\" src=\"https:\/\/static.xx.fbcdn.net\/images\/emoji.php\/v9\/tb4\/2\/16\/2705.png\">Si teniu entre 45 i 60 anys<\/p>\n\n\n\n<p><img loading=\"lazy\" height=\"16\" width=\"16\" alt=\"\u2705\" src=\"https:\/\/static.xx.fbcdn.net\/images\/emoji.php\/v9\/tb4\/2\/16\/2705.png\">Esteu a l&#8217;atur o en situaci\u00f3 d&#8217;inactivitat laboral<\/p>\n\n\n\n<p><img loading=\"lazy\" height=\"16\" width=\"16\" alt=\"\u2705\" src=\"https:\/\/static.xx.fbcdn.net\/images\/emoji.php\/v9\/tb4\/2\/16\/2705.png\">Us <a><\/a>voleu formar en dinamitzaci\u00f3 d&#8217;activitats de lleure infantil i juvenil i en auxiliar de cuina escolar<\/p>\n\n\n\n<p><img loading=\"lazy\" height=\"16\" width=\"16\" alt=\"\ud83d\udc49\" src=\"https:\/\/static.xx.fbcdn.net\/images\/emoji.php\/v9\/tf0\/2\/16\/1f449.png\">Aprofiteu aquesta formaci\u00f3!<\/p>\n\n\n\n<p><img loading=\"lazy\" height=\"16\" width=\"16\" alt=\"\ud83e\ude91\" src=\"https:\/\/static.xx.fbcdn.net\/images\/emoji.php\/v9\/t70\/2\/16\/1fa91.png\">\u00c9s presencial<\/p>\n\n\n\n<p><img loading=\"lazy\" height=\"16\" width=\"16\" alt=\"\ud83d\uddd3\" src=\"https:\/\/static.xx.fbcdn.net\/images\/emoji.php\/v9\/tfb\/2\/16\/1f5d3.png\">Comen\u00e7a el 13 de febrer i acaba el 27 de mar\u00e7<\/p>\n\n\n\n<p><img loading=\"lazy\" height=\"16\" width=\"16\" alt=\"\u2139\" src=\"https:\/\/static.xx.fbcdn.net\/images\/emoji.php\/v9\/tf\/2\/16\/2139.png\">M\u00e9s informaci\u00f3 a formacio@cambratgn.org o al 977 22 31 11<\/p>\n\n\n\n<hr class=\"wp-block-separator has-alpha-channel-opacity\"\/>\n\n\n\n<p>\u00a1\u00a1Atenci\u00f3n<img loading=\"lazy\" height=\"16\" width=\"16\" alt=\"\u203c\ufe0f\" src=\"https:\/\/static.xx.fbcdn.net\/images\/emoji.php\/v9\/tf8\/2\/16\/203c.png\"><\/p>\n\n\n\n<p><img loading=\"lazy\" height=\"16\" width=\"16\" alt=\"\u2705\" src=\"https:\/\/static.xx.fbcdn.net\/images\/emoji.php\/v9\/tb4\/2\/16\/2705.png\">Si ten\u00e9is entre 45 y 60 a\u00f1os<\/p>\n\n\n\n<p><img loading=\"lazy\" height=\"16\" width=\"16\" alt=\"\u2705\" src=\"https:\/\/static.xx.fbcdn.net\/images\/emoji.php\/v9\/tb4\/2\/16\/2705.png\">Est\u00e1is en el paro o en situaci\u00f3n de inactividad laboral<\/p>\n\n\n\n<p><img loading=\"lazy\" height=\"16\" width=\"16\" alt=\"\u2705\" src=\"https:\/\/static.xx.fbcdn.net\/images\/emoji.php\/v9\/tb4\/2\/16\/2705.png\">Os quer\u00e9is formar en dinamizaci\u00f3n de actividades de ocio infantil y juvenil y en auxiliar de cocina escolar<\/p>\n\n\n\n<p><img loading=\"lazy\" height=\"16\" width=\"16\" alt=\"\ud83d\udc49\" src=\"https:\/\/static.xx.fbcdn.net\/images\/emoji.php\/v9\/tf0\/2\/16\/1f449.png\">\u00a1Aprovechad esta formaci\u00f3n!<\/p>\n\n\n\n<p><img loading=\"lazy\" height=\"16\" width=\"16\" alt=\"\ud83e\ude91\" src=\"https:\/\/static.xx.fbcdn.net\/images\/emoji.php\/v9\/t70\/2\/16\/1fa91.png\">Es presencial<\/p>\n\n\n\n<p><img loading=\"lazy\" height=\"16\" width=\"16\" alt=\"\ud83d\uddd3\" src=\"https:\/\/static.xx.fbcdn.net\/images\/emoji.php\/v9\/tfb\/2\/16\/1f5d3.png\">Empieza el 13 de febrero y finaliza el 27 de marzo<\/p>\n\n\n\n<p><img loading=\"lazy\" height=\"16\" width=\"16\" alt=\"\u2139\" src=\"https:\/\/static.xx.fbcdn.net\/images\/emoji.php\/v9\/tf\/2\/16\/2139.png\">M\u00e1s informaci\u00f3n en formacio@cambratgn.org o en el 977 22 31 11<\/p>\n","protected":false},"excerpt":{"rendered":"<p>Atenci\u00f3 Si teniu entre 45 i 60 anys Esteu a l&#8217;atur o en situaci\u00f3 d&#8217;inactivitat laboral Us voleu formar en dinamitzaci\u00f3 d&#8217;activitats de lleure infantil i juvenil i en auxiliar &hellip; <a href=\"https:\/\/bisbalpenedes.com\/web\/2024\/02\/06\/formacio-en-lleure-infantil-i-auxiliar-de-cuina-escolar-per-a-persones-dentre-45-i-60-en-situacio-datur-o-dinactivitat-laboral\/\" class=\"more-link\">Read More<\/a><\/p>\n","protected":false},"author":4,"featured_media":28970,"comment_status":"closed","ping_status":"closed","sticky":false,"template":"","format":"standard","meta":[],"categories":[8,9],"tags":[],"_links":{"self":[{"href":"https:\/\/bisbalpenedes.com\/web\/wp-json\/wp\/v2\/posts\/28969"}],"collection":[{"href":"https:\/\/bisbalpenedes.com\/web\/wp-json\/wp\/v2\/posts"}],"about":[{"href":"https:\/\/bisbalpenedes.com\/web\/wp-json\/wp\/v2\/types\/post"}],"author":[{"embeddable":true,"href":"https:\/\/bisbalpenedes.com\/web\/wp-json\/wp\/v2\/users\/4"}],"replies":[{"embeddable":true,"href":"https:\/\/bisbalpenedes.com\/web\/wp-json\/wp\/v2\/comments?post=28969"}],"version-history":[{"count":1,"href":"https:\/\/bisbalpenedes.com\/web\/wp-json\/wp\/v2\/posts\/28969\/revisions"}],"predecessor-version":[{"id":28971,"href":"https:\/\/bisbalpenedes.com\/web\/wp-json\/wp\/v2\/posts\/28969\/revisions\/28971"}],"wp:featuredmedia":[{"embeddable":true,"href":"https:\/\/bisbalpenedes.com\/web\/wp-json\/wp\/v2\/media\/28970"}],"wp:attachment":[{"href":"https:\/\/bisbalpenedes.com\/web\/wp-json\/wp\/v2\/media?parent=28969"}],"wp:term":[{"taxonomy":"category","embeddable":true,"href":"https:\/\/bisbalpenedes.com\/web\/wp-json\/wp\/v2\/categories?post=28969"},{"taxonomy":"post_tag","embeddable":true,"href":"https:\/\/bisbalpenedes.com\/web\/wp-json\/wp\/v2\/tags?post=28969"}],"curies":[{"name":"wp","href":"https:\/\/api.w.org\/{rel}","templated":true}]}}