{"id":28962,"date":"2024-02-04T15:36:32","date_gmt":"2024-02-04T13:36:32","guid":{"rendered":"https:\/\/bisbalpenedes.com\/web\/?p=28962"},"modified":"2024-02-04T15:36:48","modified_gmt":"2024-02-04T13:36:48","slug":"avui-diumenge-4-de-febrer-la-facana-de-la-casa-de-la-vila-es-tenyira-de-rosa-contra-el-cancee","status":"publish","type":"post","link":"https:\/\/bisbalpenedes.com\/web\/2024\/02\/04\/avui-diumenge-4-de-febrer-la-facana-de-la-casa-de-la-vila-es-tenyira-de-rosa-contra-el-cancee\/","title":{"rendered":"Avui diumenge 4 de febrer la fa\u00e7ana de la Casa de la Vila es tenyir\u00e0 de rosa contra el c\u00e0ncer"},"content":{"rendered":"\n<p>Aquest vespre, la fa\u00e7ana de l\u2019Ajuntament es tenyir\u00e0 de color rosa amb motiu del Dia Mundial contra el C\u00e0ncer.&nbsp;<\/p>\n\n\n\n<p>L\u2019objectiu d\u2019aquesta commemoraci\u00f3 \u00e9s augmentar la conscienciaci\u00f3 i mobilitzar la societat per avan\u00e7ar en la prevenci\u00f3 i control de la malaltia.<\/p>\n\n\n\n<p>Informaci\u00f3 sobre la prevenci\u00f3 del c\u00e0ncer: <a href=\"https:\/\/canalsalut.gencat.cat\/ca\/salut-a-z\/c\/cancer\/prevencio\/codi-europeu-contra-cancer\/\" target=\"_blank\" rel=\"noreferrer noopener\">https:\/\/canalsalut.gencat.cat\/ca\/salut-a-z\/c\/cancer\/prevencio\/codi-europeu-contra-cancer\/<\/a><\/p>\n\n\n\n<hr class=\"wp-block-separator has-alpha-channel-opacity\"\/>\n\n\n\n<p>Hoy al atardecer, la fachada del Ayuntamiento se ti\u00f1ir\u00e1 de color rosa con motivo del D\u00eda Mundial contra el C\u00e1ncer.&nbsp;<\/p>\n\n\n\n<p>El objetivo de esta conmemoraci\u00f3n es aumentar la concienciaci\u00f3n y movilizar la sociedad para avanzar en la prevenci\u00f3n y el control de esta enfermedad.<\/p>\n\n\n\n<p>Informaci\u00f3n sobre la prevenci\u00f3n del c\u00e1ncer:&nbsp;<a href=\"https:\/\/canalsalut.gencat.cat\/ca\/salut-a-z\/c\/cancer\/prevencio\/codi-europeu-contra-cancer\/\" target=\"_blank\" rel=\"noreferrer noopener\">https:\/\/canalsalut.gencat.cat\/ca\/salut-a-z\/c\/cancer\/prevencio\/codi-europeu-contra-cancer\/<\/a><\/p>\n","protected":false},"excerpt":{"rendered":"<p>Aquest vespre, la fa\u00e7ana de l\u2019Ajuntament es tenyir\u00e0 de color rosa amb motiu del Dia Mundial contra el C\u00e0ncer.&nbsp; L\u2019objectiu d\u2019aquesta commemoraci\u00f3 \u00e9s augmentar la conscienciaci\u00f3 i mobilitzar la societat &hellip; <a href=\"https:\/\/bisbalpenedes.com\/web\/2024\/02\/04\/avui-diumenge-4-de-febrer-la-facana-de-la-casa-de-la-vila-es-tenyira-de-rosa-contra-el-cancee\/\" class=\"more-link\">Read More<\/a><\/p>\n","protected":false},"author":4,"featured_media":20845,"comment_status":"closed","ping_status":"closed","sticky":false,"template":"","format":"standard","meta":[],"categories":[2402,8,14],"tags":[498,1308,393,504,886,145],"_links":{"self":[{"href":"https:\/\/bisbalpenedes.com\/web\/wp-json\/wp\/v2\/posts\/28962"}],"collection":[{"href":"https:\/\/bisbalpenedes.com\/web\/wp-json\/wp\/v2\/posts"}],"about":[{"href":"https:\/\/bisbalpenedes.com\/web\/wp-json\/wp\/v2\/types\/post"}],"author":[{"embeddable":true,"href":"https:\/\/bisbalpenedes.com\/web\/wp-json\/wp\/v2\/users\/4"}],"replies":[{"embeddable":true,"href":"https:\/\/bisbalpenedes.com\/web\/wp-json\/wp\/v2\/comments?post=28962"}],"version-history":[{"count":2,"href":"https:\/\/bisbalpenedes.com\/web\/wp-json\/wp\/v2\/posts\/28962\/revisions"}],"predecessor-version":[{"id":28964,"href":"https:\/\/bisbalpenedes.com\/web\/wp-json\/wp\/v2\/posts\/28962\/revisions\/28964"}],"wp:featuredmedia":[{"embeddable":true,"href":"https:\/\/bisbalpenedes.com\/web\/wp-json\/wp\/v2\/media\/20845"}],"wp:attachment":[{"href":"https:\/\/bisbalpenedes.com\/web\/wp-json\/wp\/v2\/media?parent=28962"}],"wp:term":[{"taxonomy":"category","embeddable":true,"href":"https:\/\/bisbalpenedes.com\/web\/wp-json\/wp\/v2\/categories?post=28962"},{"taxonomy":"post_tag","embeddable":true,"href":"https:\/\/bisbalpenedes.com\/web\/wp-json\/wp\/v2\/tags?post=28962"}],"curies":[{"name":"wp","href":"https:\/\/api.w.org\/{rel}","templated":true}]}}