{"id":28920,"date":"2024-01-31T17:50:38","date_gmt":"2024-01-31T15:50:38","guid":{"rendered":"https:\/\/bisbalpenedes.com\/web\/?p=28920"},"modified":"2024-01-31T18:14:49","modified_gmt":"2024-01-31T16:14:49","slug":"lalcaldessa-i-la-primera-tinenta-dalcaldia-assisteixen-a-la-jornada-de-laigua-al-mon-municipal-quina-nova-cultura-de-laigua-necessitem-els-municipis","status":"publish","type":"post","link":"https:\/\/bisbalpenedes.com\/web\/2024\/01\/31\/lalcaldessa-i-la-primera-tinenta-dalcaldia-assisteixen-a-la-jornada-de-laigua-al-mon-municipal-quina-nova-cultura-de-laigua-necessitem-els-municipis\/","title":{"rendered":"<strong>L\u2019alcaldessa i la primera tinenta d\u2019alcaldia assisteixen a la jornada de \u201cL\u2019aigua al m\u00f3n municipal. Quina nova cultura de l\u2019aigua necessitem els municipis?\u201d<\/strong>"},"content":{"rendered":"\n<p>El passat divendres 26 de gener, el municipi de Canyelles va acollir la jornada \u201cL\u2019aigua en el m\u00f3n municipal. Quina nova cultura de l\u2019aigua necessitem els municipis?\u201d, que va comptar amb l\u2019assist\u00e8ncia de l\u2019alcaldessa Agn\u00e8s Ferr\u00e9 -que tamb\u00e9 \u00e9s la responsable de l\u2019\u00e0rea del Servei de Subministrament d\u2019aigua- i la primera tinenta d\u2019alcaldia i regidora de Medi Ambient, Judith Vidal. La trobada va servir per abordar -i posar en com\u00fa- temes com la situaci\u00f3 de sequera, l\u2019estalvi d\u2019aigua, la gesti\u00f3 municipal (que pot canviar molt d\u2019un municipi a un altre per la casu\u00edstica de cada indret), el preu i la nova cultura de l\u2019aigua, que inclou h\u00e0bits que hem d\u2019adquirir tota la ciutadania.<\/p>\n\n\n\n<p>L\u2019alcaldessa de la Bisbal del Pened\u00e8s, Agn\u00e8s Ferr\u00e9, ha explicat que <em>\u201cva ser una jornada molt interessant on vam escoltar, aprendre i compartir com adoptar mesures per fer front a la sequera i per conscienciar la poblaci\u00f3 sobre la necessitat d\u2019estalviar aigua\u201d<\/em>. Ferr\u00e9 ha afirmat que <em>\u201cvam concloure que ens cal adaptar inversions i tarifes a la situaci\u00f3 actual i futura\u201d<\/em>. L\u2019Ajuntament est\u00e0 fent diverses inversions al municipi amb l\u2019objectiu de reduir fuites i problemes amb la cal\u00e7. De moment s\u2019han fet obres al Papagai, Can Gordei, el Priorat i, en l\u2019actualitat, s\u2019est\u00e0 canviant tota la instal\u00b7laci\u00f3 d\u2019aigua de la Riba. A m\u00e9s, s\u2019ha sol\u00b7licitat una subvenci\u00f3 de l\u2019ACA per fer inversi\u00f3 al nucli, el Priorat i l\u2019Esplai.<\/p>\n\n\n\n<p>La jornada va comen\u00e7ar amb una xerrada inaugural que va anar a c\u00e0rrec d\u2019Ignasi Servi\u00e0, expert en gesti\u00f3 de l\u2019aigua; seguit d\u2019una taula rodona amb Jordi Codina, advocat especialitzat en Dret d\u2019Aig\u00fces; Lorenzo Correa, vicepresident de l\u2019Associaci\u00f3 d\u2019Amics de l\u2019Aigua; i Marc Pifarr\u00e9, director general d\u2019Aig\u00fces de Catalunya. Tot seguit, el director de l\u2019Ens d\u2019Abastament d\u2019Aigua Ter-Llobregat, David Vila, va oferir una confer\u00e8ncia sobre el futur de l\u2019aigua a Catalunya. El president de la Federaci\u00f3 de Municipis de Catalunya (FMC), Eduard Rivas, va cloure l\u2019acte demanant un <em>\u201cpacte per al cicle de l\u2019aigua\u201d.<\/em><\/p>\n\n\n\n<hr class=\"wp-block-separator has-alpha-channel-opacity\"\/>\n\n\n\n<p><strong>CASTELLANO |<\/strong> El pasado viernes 26 de enero, el municipio de Canyelles acogi\u00f3 la jornada \u201cEl agua en el mundo municipal. \u00bfQu\u00e9 nueva cultura del agua necesitamos los municipios?\u201d, que cont\u00f3 con la asistencia de la alcaldesa Agn\u00e8s Ferr\u00e9 -que tambi\u00e9n es la responsable del \u00e1rea del Servicio de Suministro de agua- y la primera tenienta de alcald\u00eda y concejala de Medio Ambiente, Judith Vidal. El encuentro sirvi\u00f3 para abordar -y poner en com\u00fan- temas como la situaci\u00f3n de sequ\u00eda, el ahorro de agua, la gesti\u00f3n municipal (que puede cambiar mucho de un municipio a otro por la casu\u00edstica de cada lugar), el precio y la nueva cultura del agua, que incluye h\u00e1bitos que tenemos que adquirir todos los ciudadanos.<\/p>\n\n\n\n<p>La alcaldesa de la Bisbal del Pened\u00e8s, Agn\u00e8s Ferr\u00e9, ha explicado que <em>\u201cfue una jornada muy interesante en la que escuchamos, aprendimos y compartimos c\u00f3mo adoptar medidas para hacer frente a la sequ\u00eda y para concienciar a la poblaci\u00f3n sobre la necesidad de ahorrar agua\u201d. <\/em>Ferr\u00e9 ha afirmado que <em>\u201cconcluimos que es necesario adaptar inversiones y tarifas a la situaci\u00f3n actual y futura\u201d<\/em>. El Ayuntamiento est\u00e1 haciendo varias inversiones en el municipio con el objetivo de reducir fugas y problemas con la cal. De momento se han hecho obras en el Papagai, Can Gordei, el Priorat y, en la actualidad, se est\u00e1 cambiando toda la instalaci\u00f3n de agua en la Riba. Adem\u00e1s, se ha solicitado una subvenci\u00f3n de la ACA para hacer inversi\u00f3n en el n\u00facleo, el Priorat y l\u2019Esplai.<\/p>\n\n\n\n<p>La jornada empez\u00f3 con una charla inaugural que fue a cargo de Ignasi Servi\u00e0, experto en gesti\u00f3n del agua; seguido de una mesa redonda con Jordi Codina, abogado especializado en Derecho de Aguas; Lorenzo Correa, vicepresidente de la ASsociaci\u00f3 d\u2019Amics de l\u2019Aigua; y Marc Pifarr\u00e9, director general de Aig\u00fces de Catalunya. A continuaci\u00f3n, el director del Ens d\u2019Abastament d\u2019Aigua Ter-Llobregat, David Vila, ofreci\u00f3 una conferencia sobre el futuro del agua en Catalunya. El presidente de la Federaci\u00f3 de Municipis de Catalunya (FMC), Eduard Rivas, concluy\u00f3 el acto pidiendo un<em> \u201cpacto para el ciclo del agua\u201d.<\/em><\/p>\n","protected":false},"excerpt":{"rendered":"<p>El passat divendres 26 de gener, el municipi de Canyelles va acollir la jornada \u201cL\u2019aigua en el m\u00f3n municipal. Quina nova cultura de l\u2019aigua necessitem els municipis?\u201d, que va comptar &hellip; <a href=\"https:\/\/bisbalpenedes.com\/web\/2024\/01\/31\/lalcaldessa-i-la-primera-tinenta-dalcaldia-assisteixen-a-la-jornada-de-laigua-al-mon-municipal-quina-nova-cultura-de-laigua-necessitem-els-municipis\/\" class=\"more-link\">Read More<\/a><\/p>\n","protected":false},"author":4,"featured_media":28921,"comment_status":"closed","ping_status":"closed","sticky":false,"template":"","format":"standard","meta":[],"categories":[32,8,3208],"tags":[161,459,6451,393],"_links":{"self":[{"href":"https:\/\/bisbalpenedes.com\/web\/wp-json\/wp\/v2\/posts\/28920"}],"collection":[{"href":"https:\/\/bisbalpenedes.com\/web\/wp-json\/wp\/v2\/posts"}],"about":[{"href":"https:\/\/bisbalpenedes.com\/web\/wp-json\/wp\/v2\/types\/post"}],"author":[{"embeddable":true,"href":"https:\/\/bisbalpenedes.com\/web\/wp-json\/wp\/v2\/users\/4"}],"replies":[{"embeddable":true,"href":"https:\/\/bisbalpenedes.com\/web\/wp-json\/wp\/v2\/comments?post=28920"}],"version-history":[{"count":2,"href":"https:\/\/bisbalpenedes.com\/web\/wp-json\/wp\/v2\/posts\/28920\/revisions"}],"predecessor-version":[{"id":28924,"href":"https:\/\/bisbalpenedes.com\/web\/wp-json\/wp\/v2\/posts\/28920\/revisions\/28924"}],"wp:featuredmedia":[{"embeddable":true,"href":"https:\/\/bisbalpenedes.com\/web\/wp-json\/wp\/v2\/media\/28921"}],"wp:attachment":[{"href":"https:\/\/bisbalpenedes.com\/web\/wp-json\/wp\/v2\/media?parent=28920"}],"wp:term":[{"taxonomy":"category","embeddable":true,"href":"https:\/\/bisbalpenedes.com\/web\/wp-json\/wp\/v2\/categories?post=28920"},{"taxonomy":"post_tag","embeddable":true,"href":"https:\/\/bisbalpenedes.com\/web\/wp-json\/wp\/v2\/tags?post=28920"}],"curies":[{"name":"wp","href":"https:\/\/api.w.org\/{rel}","templated":true}]}}