{"id":28916,"date":"2024-01-30T22:48:07","date_gmt":"2024-01-30T20:48:07","guid":{"rendered":"https:\/\/bisbalpenedes.com\/web\/?p=28916"},"modified":"2024-01-30T22:48:07","modified_gmt":"2024-01-30T20:48:07","slug":"lajuntament-de-la-bisbal-del-penedes-ha-estat-present-a-la-17a-edicio-de-la-nit-de-castells-de-valls","status":"publish","type":"post","link":"https:\/\/bisbalpenedes.com\/web\/2024\/01\/30\/lajuntament-de-la-bisbal-del-penedes-ha-estat-present-a-la-17a-edicio-de-la-nit-de-castells-de-valls\/","title":{"rendered":"<strong>L\u2019Ajuntament de la Bisbal del Pened\u00e8s ha estat present a la 17a edici\u00f3 de la Nit de Castells de Valls<\/strong>"},"content":{"rendered":"\n<p>L\u2019alcaldessa de la Bisbal del Pened\u00e8s, Agn\u00e8s Ferr\u00e9; i la regidora de Cultura, Judith Vidal; van assistir, el passat dissabte 27 de gener, a la 17a Nit de Castells, celebrada al Centre Cultural de Valls. Tamb\u00e9 hi estaven convidats el cap de colla i el sotscap de colla&nbsp; de la Colla Castellera de la Bisbal del Pened\u00e8s (Bous), l\u2019Eloi i l\u2019Aleix Garcia Cass\u00e0.<\/p>\n\n\n\n<p>La Nit de Castells \u00e9s una iniciativa de la Revista Castells, organitzada conjuntament amb l\u2019Ajuntament de Valls i la televisi\u00f3 TAC12. La celebraci\u00f3 va comptar amb la pres\u00e8ncia de 71 colles castelleres, persones vinculades al m\u00f3n casteller i alcaldes i representants municipals de localitats vinculades als castells. Durant la celebraci\u00f3, es van entregar onze premis als millors moments i colles de la temporada 2023 i tamb\u00e9 es van entregar reconeixements a la traject\u00f2ria o a la iniciativa social. A m\u00e9s, es va concedir el premi de fotografia Pere Catal\u00e0 Roca en homenatge al prestigi\u00f3s fot\u00f2graf vallenc del qual enguany se celebra el centenari del seu naixement.<\/p>\n\n\n\n<p>Podeu recuperar l\u2019emissi\u00f3 de la XVII Nit de Castells de TAC 12, aqu\u00ed: <\/p>\n\n\n\n<figure class=\"wp-block-embed is-type-video is-provider-youtube wp-block-embed-youtube wp-embed-aspect-16-9 wp-has-aspect-ratio\"><div class=\"wp-block-embed__wrapper\">\n<iframe loading=\"lazy\" title=\"XVII Nit de Castells 2024\" width=\"1170\" height=\"658\" src=\"https:\/\/www.youtube.com\/embed\/73o8gpBfAI4?feature=oembed\" frameborder=\"0\" allow=\"accelerometer; autoplay; clipboard-write; encrypted-media; gyroscope; picture-in-picture; web-share\" allowfullscreen><\/iframe>\n<\/div><\/figure>\n\n\n\n<hr class=\"wp-block-separator has-alpha-channel-opacity\"\/>\n\n\n\n<p><strong>CASTELLANO |<\/strong> La alcaldesa de la Bisbal del Pened\u00e8s, Agn\u00e8s Ferr\u00e9; y la concejala de Cultura, Judith Vidal; asistieron, el pasado s\u00e1bado 27 de enero, a la 17\u00aa Nit de Castells, celebrada en el Centre Cultural de Valls. Tambi\u00e9n estaban invitados al evento el \u2018cap\u2019 de <em>colla<\/em> y el<em> sotscap<\/em> de <em>colla<\/em> de la Colla Castellera de la Bisbal del Pened\u00e8s (Bous), Eloi y Aleix Garcia Cass\u00e0.<\/p>\n\n\n\n<p>La Nit de Castells es una iniciativa de la Revista Castells, organizada conjuntamente con el Ajuntament de Valls y la televisi\u00f3n TAC12. La celebraci\u00f3n cont\u00f3 con la presencia de 71 <em>colles castelleres<\/em>, personas vinculadas al mundo de los castillos y alcaldes y representantes municipales de localidades vinculadas a los <em>castells<\/em>. Durante la celebraci\u00f3n, se repartieron once premios a los mejores momentos y collas de la temporada 2023. Y tambi\u00e9n se entregaron reconocimientos a la trayectoria o a la iniciativa social. Adem\u00e1s, se concedi\u00f3 el premio de fotograf\u00eda Pere Catal\u00e0 Roca en homenaje al prestigioso fot\u00f3grafo de Valls del que este a\u00f1o se celebra el centenario de su nacimiento.<\/p>\n\n\n\n<p>Pod\u00e9is recuperar la emisi\u00f3n de la XVII Nit de Castells de TAC 12, aqu\u00ed: <\/p>\n\n\n\n<figure class=\"wp-block-embed is-type-video is-provider-youtube wp-block-embed-youtube wp-embed-aspect-16-9 wp-has-aspect-ratio\"><div class=\"wp-block-embed__wrapper\">\n<iframe loading=\"lazy\" title=\"XVII Nit de Castells 2024\" width=\"1170\" height=\"658\" src=\"https:\/\/www.youtube.com\/embed\/73o8gpBfAI4?feature=oembed\" frameborder=\"0\" allow=\"accelerometer; autoplay; clipboard-write; encrypted-media; gyroscope; picture-in-picture; web-share\" allowfullscreen><\/iframe>\n<\/div><\/figure>\n","protected":false},"excerpt":{"rendered":"<p>L\u2019alcaldessa de la Bisbal del Pened\u00e8s, Agn\u00e8s Ferr\u00e9; i la regidora de Cultura, Judith Vidal; van assistir, el passat dissabte 27 de gener, a la 17a Nit de Castells, celebrada &hellip; <a href=\"https:\/\/bisbalpenedes.com\/web\/2024\/01\/30\/lajuntament-de-la-bisbal-del-penedes-ha-estat-present-a-la-17a-edicio-de-la-nit-de-castells-de-valls\/\" class=\"more-link\">Read More<\/a><\/p>\n","protected":false},"author":4,"featured_media":28917,"comment_status":"closed","ping_status":"closed","sticky":false,"template":"","format":"standard","meta":[],"categories":[2057,13,8],"tags":[377,4302,2174,6450,1374,451],"_links":{"self":[{"href":"https:\/\/bisbalpenedes.com\/web\/wp-json\/wp\/v2\/posts\/28916"}],"collection":[{"href":"https:\/\/bisbalpenedes.com\/web\/wp-json\/wp\/v2\/posts"}],"about":[{"href":"https:\/\/bisbalpenedes.com\/web\/wp-json\/wp\/v2\/types\/post"}],"author":[{"embeddable":true,"href":"https:\/\/bisbalpenedes.com\/web\/wp-json\/wp\/v2\/users\/4"}],"replies":[{"embeddable":true,"href":"https:\/\/bisbalpenedes.com\/web\/wp-json\/wp\/v2\/comments?post=28916"}],"version-history":[{"count":1,"href":"https:\/\/bisbalpenedes.com\/web\/wp-json\/wp\/v2\/posts\/28916\/revisions"}],"predecessor-version":[{"id":28918,"href":"https:\/\/bisbalpenedes.com\/web\/wp-json\/wp\/v2\/posts\/28916\/revisions\/28918"}],"wp:featuredmedia":[{"embeddable":true,"href":"https:\/\/bisbalpenedes.com\/web\/wp-json\/wp\/v2\/media\/28917"}],"wp:attachment":[{"href":"https:\/\/bisbalpenedes.com\/web\/wp-json\/wp\/v2\/media?parent=28916"}],"wp:term":[{"taxonomy":"category","embeddable":true,"href":"https:\/\/bisbalpenedes.com\/web\/wp-json\/wp\/v2\/categories?post=28916"},{"taxonomy":"post_tag","embeddable":true,"href":"https:\/\/bisbalpenedes.com\/web\/wp-json\/wp\/v2\/tags?post=28916"}],"curies":[{"name":"wp","href":"https:\/\/api.w.org\/{rel}","templated":true}]}}