{"id":28906,"date":"2024-01-29T15:15:27","date_gmt":"2024-01-29T13:15:27","guid":{"rendered":"https:\/\/bisbalpenedes.com\/web\/?p=28906"},"modified":"2024-01-29T15:15:27","modified_gmt":"2024-01-29T13:15:27","slug":"ja-podeu-demanar-hora-per-renovar-vos-el-dni-a-la-bisbal-del-penedes-el-proper-20-de-febrer","status":"publish","type":"post","link":"https:\/\/bisbalpenedes.com\/web\/2024\/01\/29\/ja-podeu-demanar-hora-per-renovar-vos-el-dni-a-la-bisbal-del-penedes-el-proper-20-de-febrer\/","title":{"rendered":"Ja podeu demanar hora per renovar-vos el DNI a la Bisbal del Pened\u00e8s el proper 20 de febrer"},"content":{"rendered":"\n<p>Els interessats en renovar-lo o fer la primera expedici\u00f3 a menors, ja us podeu inscriure personalment a les oficines municipals o trucant per tel\u00e8fon de l\u2019Ajuntament 977688438.<\/p>\n\n\n\n<p>Una vegada apuntats, l\u2019Ajuntament contactar\u00e0 amb vosaltres per confirmar-vos el dia i l\u2019hora que us correspon per a la vostra renovaci\u00f3 o expedici\u00f3.<\/p>\n\n\n\n<p>Les persones que tingueu hora per al 20 de febrer, tamb\u00e9 haureu de venir personalment el dijous 22 de febrer per recollir el vostre DNI.<\/p>\n\n\n\n<p>Per renovar el DNI en qualsevol altra data us recordem que teniu disponible l&#8217;oficina del Vendrell, ubicada al Cam\u00ed Reial, 15.<\/p>\n\n\n\n<hr class=\"wp-block-separator has-alpha-channel-opacity\"\/>\n\n\n\n<p>Los interesados en renovarlo o bien en hacer la primera expedici\u00f3n a menores, ya pod\u00e9is inscribiros personalmente, en las oficinas municipales, o llamando por tel\u00e9fono al Ayuntamiento 977688438.<\/p>\n\n\n\n<p>Una vez apuntados, el Ayuntamiento contactar\u00e1 con vosotros para confirmaros el d\u00eda y la hora que os corresponde para vuestra renovaci\u00f3n o expedici\u00f3n.<\/p>\n\n\n\n<p>Las personas que teng\u00e1is hora para el 20 de febrero, tambi\u00e9n tendr\u00e9is que venir personalmente el jueves 22 de febrero para recoger vuestro DNI.<\/p>\n\n\n\n<p>Para renovar el DNI en cualquier otra fecha os recordamos que ten\u00e9is disponible la oficina del Vendrell, ubicada en el Cam\u00ed Reial, 15.<\/p>\n","protected":false},"excerpt":{"rendered":"<p>Els interessats en renovar-lo o fer la primera expedici\u00f3 a menors, ja us podeu inscriure personalment a les oficines municipals o trucant per tel\u00e8fon de l\u2019Ajuntament 977688438. Una vegada apuntats, &hellip; <a href=\"https:\/\/bisbalpenedes.com\/web\/2024\/01\/29\/ja-podeu-demanar-hora-per-renovar-vos-el-dni-a-la-bisbal-del-penedes-el-proper-20-de-febrer\/\" class=\"more-link\">Read More<\/a><\/p>\n","protected":false},"author":4,"featured_media":28907,"comment_status":"closed","ping_status":"closed","sticky":false,"template":"","format":"standard","meta":[],"categories":[8],"tags":[1374],"_links":{"self":[{"href":"https:\/\/bisbalpenedes.com\/web\/wp-json\/wp\/v2\/posts\/28906"}],"collection":[{"href":"https:\/\/bisbalpenedes.com\/web\/wp-json\/wp\/v2\/posts"}],"about":[{"href":"https:\/\/bisbalpenedes.com\/web\/wp-json\/wp\/v2\/types\/post"}],"author":[{"embeddable":true,"href":"https:\/\/bisbalpenedes.com\/web\/wp-json\/wp\/v2\/users\/4"}],"replies":[{"embeddable":true,"href":"https:\/\/bisbalpenedes.com\/web\/wp-json\/wp\/v2\/comments?post=28906"}],"version-history":[{"count":1,"href":"https:\/\/bisbalpenedes.com\/web\/wp-json\/wp\/v2\/posts\/28906\/revisions"}],"predecessor-version":[{"id":28908,"href":"https:\/\/bisbalpenedes.com\/web\/wp-json\/wp\/v2\/posts\/28906\/revisions\/28908"}],"wp:featuredmedia":[{"embeddable":true,"href":"https:\/\/bisbalpenedes.com\/web\/wp-json\/wp\/v2\/media\/28907"}],"wp:attachment":[{"href":"https:\/\/bisbalpenedes.com\/web\/wp-json\/wp\/v2\/media?parent=28906"}],"wp:term":[{"taxonomy":"category","embeddable":true,"href":"https:\/\/bisbalpenedes.com\/web\/wp-json\/wp\/v2\/categories?post=28906"},{"taxonomy":"post_tag","embeddable":true,"href":"https:\/\/bisbalpenedes.com\/web\/wp-json\/wp\/v2\/tags?post=28906"}],"curies":[{"name":"wp","href":"https:\/\/api.w.org\/{rel}","templated":true}]}}