{"id":28897,"date":"2024-01-26T15:41:07","date_gmt":"2024-01-26T13:41:07","guid":{"rendered":"https:\/\/bisbalpenedes.com\/web\/?p=28897"},"modified":"2024-01-26T15:41:07","modified_gmt":"2024-01-26T13:41:07","slug":"saprova-la-modificacio-del-pla-de-seguretat-i-salut-de-les-obres-de-millora-de-les-infraestructures-del-barri-de-la-riba","status":"publish","type":"post","link":"https:\/\/bisbalpenedes.com\/web\/2024\/01\/26\/saprova-la-modificacio-del-pla-de-seguretat-i-salut-de-les-obres-de-millora-de-les-infraestructures-del-barri-de-la-riba\/","title":{"rendered":"S&#8217;aprova la modificaci\u00f3 del Pla de seguretat i salut de les obres de millora de les infraestructures del barri de la Riba"},"content":{"rendered":"\n<p>Aquest dilluns 22 de gener s&#8217;ha celebrat una Junta de govern local amb un punt amb compet\u00e8ncia del Ple delegada a la Junta de govern, segons l\u2019acord plenari del 6 de juliol de 2023:<\/p>\n\n\n\n<ul><li><strong>Expedient 1948\/2023. Modificaci\u00f3 del Pla de seguretat i salut de les obres de millora de les infraestructures del barri de la Riba.<\/strong><\/li><\/ul>\n\n\n\n<p>Les sessions de la Junta de Govern Local no s\u00f3n p\u00fabliques, per\u00f2 quan actua en compet\u00e8ncies delegades del Ple, la sessi\u00f3 se sotmet als mateixos requisits de publicitat que les sessions del Ple, que s\u00ed que s\u00f3n p\u00fabliques. Aix\u00ed ho va declarar la STS 161\/2013, de 26 de setembre. Per aquest motiu, a les 18:45h es van obrir les portes de la sala de plens perqu\u00e8 hi pugui assistir p\u00fablic. Tamb\u00e9 es gravar\u00e0 aquest punt de l\u2019ordre del dia i posteriorment s&#8217;ha publicat el v\u00eddeo per garantir la seva publicitat. El podeu trobar aqu\u00ed:&nbsp;<a href=\"https:\/\/actes.bisbalpenedes.com\/session\/sessionDetail\/8a8080848acca6ef018d3ad3ee4b0059\" target=\"_blank\" rel=\"noreferrer noopener\">https:\/\/actes.bisbalpenedes.com\/session\/sessionDetail\/8a8080848acca6ef018d3ad3ee4b0059&nbsp;<\/a><\/p>\n\n\n\n<hr class=\"wp-block-separator has-alpha-channel-opacity\"\/>\n\n\n\n<p><strong>CASTELLANO |<\/strong>&nbsp;El lunes 22 de enero se ha celebrado una Junta de Gobierno local con un punto con competencia del Pleno delegada a la Junta de gobierno, seg\u00fan el acuerdo plenario del 6 de julio de 2023:<\/p>\n\n\n\n<ul><li><strong>Expediente 1948\/2023. Modificaci\u00f3n del Plan de seguridad y salud de las obras de mejora de las infraestructuras del barrio de la Riba.<\/strong><\/li><\/ul>\n\n\n\n<p>Las sesiones de la Junta de Gobierno Local no son p\u00fablicas, pero cuando act\u00faa en competencias delegadas del Pleno, la sesi\u00f3n se somete a los mismos requisitos de publicidad que las sesiones del Pleno, que s\u00ed que son p\u00fablicas. As\u00ed lo declar\u00f3 la STS 161\/2013&nbsp;&nbsp;&nbsp;&nbsp; , de 26 de septiembre. Por este motivo, a las 18:45h se abrieron las puertas de la sala de plenos para que pueda asistir p\u00fablico. Tambi\u00e9n se grabar\u00e1 este punto del orden del d\u00eda y posteriormente se ha publicado el v\u00eddeo para garantizar su publicidad. Lo pod\u00e9is encontrar aqu\u00ed:&nbsp;<a href=\"https:\/\/actes.bisbalpenedes.com\/session\/sessionDetail\/8a8080848acca6ef018d3ad3ee4b0059\" target=\"_blank\" rel=\"noreferrer noopener\">https:\/\/actes.bisbalpenedes.com\/session\/sessionDetail\/8a8080848acca6ef018d3ad3ee4b0059<\/a><\/p>\n","protected":false},"excerpt":{"rendered":"<p>Aquest dilluns 22 de gener s&#8217;ha celebrat una Junta de govern local amb un punt amb compet\u00e8ncia del Ple delegada a la Junta de govern, segons l\u2019acord plenari del 6 &hellip; <a href=\"https:\/\/bisbalpenedes.com\/web\/2024\/01\/26\/saprova-la-modificacio-del-pla-de-seguretat-i-salut-de-les-obres-de-millora-de-les-infraestructures-del-barri-de-la-riba\/\" class=\"more-link\">Read More<\/a><\/p>\n","protected":false},"author":4,"featured_media":28898,"comment_status":"closed","ping_status":"closed","sticky":false,"template":"","format":"standard","meta":[],"categories":[3085,8],"tags":[686,1337],"_links":{"self":[{"href":"https:\/\/bisbalpenedes.com\/web\/wp-json\/wp\/v2\/posts\/28897"}],"collection":[{"href":"https:\/\/bisbalpenedes.com\/web\/wp-json\/wp\/v2\/posts"}],"about":[{"href":"https:\/\/bisbalpenedes.com\/web\/wp-json\/wp\/v2\/types\/post"}],"author":[{"embeddable":true,"href":"https:\/\/bisbalpenedes.com\/web\/wp-json\/wp\/v2\/users\/4"}],"replies":[{"embeddable":true,"href":"https:\/\/bisbalpenedes.com\/web\/wp-json\/wp\/v2\/comments?post=28897"}],"version-history":[{"count":1,"href":"https:\/\/bisbalpenedes.com\/web\/wp-json\/wp\/v2\/posts\/28897\/revisions"}],"predecessor-version":[{"id":28899,"href":"https:\/\/bisbalpenedes.com\/web\/wp-json\/wp\/v2\/posts\/28897\/revisions\/28899"}],"wp:featuredmedia":[{"embeddable":true,"href":"https:\/\/bisbalpenedes.com\/web\/wp-json\/wp\/v2\/media\/28898"}],"wp:attachment":[{"href":"https:\/\/bisbalpenedes.com\/web\/wp-json\/wp\/v2\/media?parent=28897"}],"wp:term":[{"taxonomy":"category","embeddable":true,"href":"https:\/\/bisbalpenedes.com\/web\/wp-json\/wp\/v2\/categories?post=28897"},{"taxonomy":"post_tag","embeddable":true,"href":"https:\/\/bisbalpenedes.com\/web\/wp-json\/wp\/v2\/tags?post=28897"}],"curies":[{"name":"wp","href":"https:\/\/api.w.org\/{rel}","templated":true}]}}