{"id":28892,"date":"2024-01-26T15:14:14","date_gmt":"2024-01-26T13:14:14","guid":{"rendered":"https:\/\/bisbalpenedes.com\/web\/?p=28892"},"modified":"2024-01-26T15:14:14","modified_gmt":"2024-01-26T13:14:14","slug":"nou-avis-de-llega-700-per-incidencies-en-la-tdt","status":"publish","type":"post","link":"https:\/\/bisbalpenedes.com\/web\/2024\/01\/26\/nou-avis-de-llega-700-per-incidencies-en-la-tdt\/","title":{"rendered":"Nou av\u00eds de Llega 700 per incid\u00e8ncies en la TDT"},"content":{"rendered":"\n<p>Ja est\u00e0 disponible, en moltes zones de la Bisbal del Pened\u00e8s, el servei m\u00f2bil de darrera generaci\u00f3 4G i 5G dels principals operadors sobre les bandes de freq\u00fc\u00e8ncia de 700 i 800 MHz. La prestaci\u00f3 dels serveis m\u00f2bils en aquestes bandes de freq\u00fc\u00e8ncia -anteriorment utilitzades per la TDT- permet oferir una millor cobertura en interiors i la major extensi\u00f3 de cobertura possible<\/p>\n\n\n\n<p>La nova connexi\u00f3 millora la velocitat de connexi\u00f3 a internet, els serveis de televisi\u00f3, v\u00eddeo i m\u00fasica sota demanda, aix\u00ed com els nous serveis que estan per arribar. No obstant aix\u00f2, aquesta nova implantaci\u00f3 tecnol\u00f2gica pot haver comportat l\u2019aparici\u00f3 de determinades afectacions en la recepci\u00f3 del senyal de TDT de casa vostra.<\/p>\n\n\n\n<p>Per resoldre, de forma gratu\u00efta, les possibles afectacions en la recepci\u00f3 dels canals de televisi\u00f3 que h\u00e0giu detectat o que s\u2019hagin pogut ocasionar, cal que us adreceu a Llega 700, telefonant al tel\u00e8fon gratu\u00eft 900 833 999. Tamb\u00e9 podreu trobar informaci\u00f3 al web\u00a0<a href=\"http:\/\/www.llega700.es\/\">www.llega700.es<\/a>. Quan us hi poseu en contacte us informaran de si la vostra zona est\u00e0 afectada o no, \u00e9s a dir, si la possible incid\u00e8ncia que h\u00e0giu detectat t\u00e9 a veure amb aix\u00f2 o no.<\/p>\n\n\n\n<p><\/p>\n\n\n\n<figure class=\"wp-block-image size-large\"><img loading=\"lazy\" width=\"1024\" height=\"740\" src=\"https:\/\/bisbalpenedes.com\/web\/wp-content\/uploads\/2024\/01\/InfografA\u0303\u00ada-Llega700-1024x740.jpg\" alt=\"\" class=\"wp-image-28894\" srcset=\"https:\/\/bisbalpenedes.com\/web\/wp-content\/uploads\/2024\/01\/InfografA\u0303\u00ada-Llega700-1024x740.jpg 1024w, https:\/\/bisbalpenedes.com\/web\/wp-content\/uploads\/2024\/01\/InfografA\u0303\u00ada-Llega700-300x217.jpg 300w, https:\/\/bisbalpenedes.com\/web\/wp-content\/uploads\/2024\/01\/InfografA\u0303\u00ada-Llega700-768x555.jpg 768w, https:\/\/bisbalpenedes.com\/web\/wp-content\/uploads\/2024\/01\/InfografA\u0303\u00ada-Llega700-1536x1109.jpg 1536w, https:\/\/bisbalpenedes.com\/web\/wp-content\/uploads\/2024\/01\/InfografA\u0303\u00ada-Llega700-2048x1479.jpg 2048w, https:\/\/bisbalpenedes.com\/web\/wp-content\/uploads\/2024\/01\/InfografA\u0303\u00ada-Llega700-600x433.jpg 600w\" sizes=\"(max-width: 1024px) 100vw, 1024px\" \/><\/figure>\n\n\n\n<p><strong>CASTELLANO |\u00a0<\/strong>Ya est\u00e1 disponible, en muchas zonas de la Bisbal del Pened\u00e8s, el servicio m\u00f3vil de \u00faltima generaci\u00f3n 4G y 5G de los principales operadores sobre las bandas de frecuencia de 700 y 800 MHz. La prestaci\u00f3n de los servicios m\u00f3viles en estas bandas de frecuencia -anteriormente empleadas por la TDT- permite ofrecer una mejor cobertura en interiores y la mayor extensi\u00f3n de cobertura posible.<\/p>\n\n\n\n<p>La nueva conexi\u00f3n mejora la velocidad de conexi\u00f3n a internet, los servicios de televisi\u00f3n, v\u00eddeo y m\u00fasica bajo demanda, as\u00ed como los nuevos servicios que est\u00e1n por llegar. No obstante, esta nueva implantaci\u00f3n tecnol\u00f3gica puede haber comportado la aparici\u00f3n de determinadas afectaciones en la recepci\u00f3n de la se\u00f1al de TDT de vuestro hogar.<\/p>\n\n\n\n<p>Para resolver, de forma gratuita, las posibles afectaciones en la recepci\u00f3n de los canales de televisi\u00f3n que hay\u00e1is detectado o que se hayan podido ocasionar, os ten\u00e9is que dirigir a Llega 700, telefoneando al tel\u00e9fono gratuito 900 833 999. Tambi\u00e9n podr\u00e9is encontrar informaci\u00f3n en la web\u00a0<a href=\"http:\/\/www.llega700.es\/\">www.llega700.es<\/a>. Cuando os pong\u00e1is en contacto os informar\u00e1n de si vuestra zona est\u00e1 afectada o no, es decir, si la posible incidencia que hay\u00e1is detectado tiene que ver con esto o no.<\/p>\n","protected":false},"excerpt":{"rendered":"<p>Ja est\u00e0 disponible, en moltes zones de la Bisbal del Pened\u00e8s, el servei m\u00f2bil de darrera generaci\u00f3 4G i 5G dels principals operadors sobre les bandes de freq\u00fc\u00e8ncia de 700 &hellip; <a href=\"https:\/\/bisbalpenedes.com\/web\/2024\/01\/26\/nou-avis-de-llega-700-per-incidencies-en-la-tdt\/\" class=\"more-link\">Read More<\/a><\/p>\n","protected":false},"author":4,"featured_media":28893,"comment_status":"closed","ping_status":"closed","sticky":false,"template":"","format":"standard","meta":[],"categories":[2402,8],"tags":[5086,1098,393,5390,289],"_links":{"self":[{"href":"https:\/\/bisbalpenedes.com\/web\/wp-json\/wp\/v2\/posts\/28892"}],"collection":[{"href":"https:\/\/bisbalpenedes.com\/web\/wp-json\/wp\/v2\/posts"}],"about":[{"href":"https:\/\/bisbalpenedes.com\/web\/wp-json\/wp\/v2\/types\/post"}],"author":[{"embeddable":true,"href":"https:\/\/bisbalpenedes.com\/web\/wp-json\/wp\/v2\/users\/4"}],"replies":[{"embeddable":true,"href":"https:\/\/bisbalpenedes.com\/web\/wp-json\/wp\/v2\/comments?post=28892"}],"version-history":[{"count":1,"href":"https:\/\/bisbalpenedes.com\/web\/wp-json\/wp\/v2\/posts\/28892\/revisions"}],"predecessor-version":[{"id":28895,"href":"https:\/\/bisbalpenedes.com\/web\/wp-json\/wp\/v2\/posts\/28892\/revisions\/28895"}],"wp:featuredmedia":[{"embeddable":true,"href":"https:\/\/bisbalpenedes.com\/web\/wp-json\/wp\/v2\/media\/28893"}],"wp:attachment":[{"href":"https:\/\/bisbalpenedes.com\/web\/wp-json\/wp\/v2\/media?parent=28892"}],"wp:term":[{"taxonomy":"category","embeddable":true,"href":"https:\/\/bisbalpenedes.com\/web\/wp-json\/wp\/v2\/categories?post=28892"},{"taxonomy":"post_tag","embeddable":true,"href":"https:\/\/bisbalpenedes.com\/web\/wp-json\/wp\/v2\/tags?post=28892"}],"curies":[{"name":"wp","href":"https:\/\/api.w.org\/{rel}","templated":true}]}}