{"id":28854,"date":"2024-01-26T12:12:11","date_gmt":"2024-01-26T10:12:11","guid":{"rendered":"https:\/\/bisbalpenedes.com\/web\/?p=28854"},"modified":"2024-01-26T12:12:12","modified_gmt":"2024-01-26T10:12:12","slug":"sha-obert-la-convocatoria-per-a-la-gestio-del-servei-de-bar-cafeteria-del-local-social-de-la-miralba","status":"publish","type":"post","link":"https:\/\/bisbalpenedes.com\/web\/2024\/01\/26\/sha-obert-la-convocatoria-per-a-la-gestio-del-servei-de-bar-cafeteria-del-local-social-de-la-miralba\/","title":{"rendered":"S&#8217;ha obert la convocat\u00f2ria per a la gesti\u00f3 del servei de bar-cafeteria del local social de la Miralba"},"content":{"rendered":"\n<p>El termini per presentar sol\u00b7licituds per portar el servei de bar-cafeteria del local social de la Miralba, \u00e9s <strong>del dijous 25 de gener fins al dimecres 7 de febrer de 2024 a les 14:00h.<\/strong><\/p>\n\n\n\n<p>La part del local destinada a l\u2019activitat del bar-cafeteria sense cuina, \u00e9s la seg\u00fcent: bar, les cambres higi\u00e8niques, el porxo i el magatzem.<\/p>\n\n\n\n<p>Per con\u00e8ixer les condicions i requisits, consulteu les bases a:<\/p>\n\n\n\n<p>Enlla\u00e7 al perfil del contractant: <a href=\"https:\/\/contractaciopublica.cat\/ca\/detall-publicacio\/300058232\">https:\/\/contractaciopublica.cat\/ca\/detall-publicacio\/300058232<\/a><br><\/p>\n\n\n\n<hr class=\"wp-block-separator has-alpha-channel-opacity\"\/>\n\n\n\n<p>El plazo para presentar solicitudes para llevar el servicio de bar-cafeter\u00eda del local social de la Miralba, <strong>es del jueves 25 de enero hasta mi\u00e9rcoles 7 de febrero de 2024 a las 14:00h.<\/strong><\/p>\n\n\n\n<p>La parte del local destinada a la actividad de bar-cafeter\u00eda sin cocina, es la siguiente: bar, lavabos, porche y almac\u00e9n.<\/p>\n\n\n\n<p>Para conocer las condiciones y requisitos, consulten las bases en:<\/p>\n\n\n\n<p>Enlace al perfil del contratante: <a href=\"https:\/\/contractaciopublica.cat\/ca\/detall-publicacio\/300058232\">https:\/\/contractaciopublica.cat\/ca\/detall-publicacio\/300058232<\/a><\/p>\n","protected":false},"excerpt":{"rendered":"<p>El termini per presentar sol\u00b7licituds per portar el servei de bar-cafeteria del local social de la Miralba, \u00e9s del dijous 25 de gener fins al dimecres 7 de febrer de &hellip; <a href=\"https:\/\/bisbalpenedes.com\/web\/2024\/01\/26\/sha-obert-la-convocatoria-per-a-la-gestio-del-servei-de-bar-cafeteria-del-local-social-de-la-miralba\/\" class=\"more-link\">Read More<\/a><\/p>\n","protected":false},"author":4,"featured_media":24640,"comment_status":"closed","ping_status":"closed","sticky":false,"template":"","format":"standard","meta":[],"categories":[4287,8],"tags":[459,5608,1582,393,246],"_links":{"self":[{"href":"https:\/\/bisbalpenedes.com\/web\/wp-json\/wp\/v2\/posts\/28854"}],"collection":[{"href":"https:\/\/bisbalpenedes.com\/web\/wp-json\/wp\/v2\/posts"}],"about":[{"href":"https:\/\/bisbalpenedes.com\/web\/wp-json\/wp\/v2\/types\/post"}],"author":[{"embeddable":true,"href":"https:\/\/bisbalpenedes.com\/web\/wp-json\/wp\/v2\/users\/4"}],"replies":[{"embeddable":true,"href":"https:\/\/bisbalpenedes.com\/web\/wp-json\/wp\/v2\/comments?post=28854"}],"version-history":[{"count":1,"href":"https:\/\/bisbalpenedes.com\/web\/wp-json\/wp\/v2\/posts\/28854\/revisions"}],"predecessor-version":[{"id":28855,"href":"https:\/\/bisbalpenedes.com\/web\/wp-json\/wp\/v2\/posts\/28854\/revisions\/28855"}],"wp:featuredmedia":[{"embeddable":true,"href":"https:\/\/bisbalpenedes.com\/web\/wp-json\/wp\/v2\/media\/24640"}],"wp:attachment":[{"href":"https:\/\/bisbalpenedes.com\/web\/wp-json\/wp\/v2\/media?parent=28854"}],"wp:term":[{"taxonomy":"category","embeddable":true,"href":"https:\/\/bisbalpenedes.com\/web\/wp-json\/wp\/v2\/categories?post=28854"},{"taxonomy":"post_tag","embeddable":true,"href":"https:\/\/bisbalpenedes.com\/web\/wp-json\/wp\/v2\/tags?post=28854"}],"curies":[{"name":"wp","href":"https:\/\/api.w.org\/{rel}","templated":true}]}}