{"id":2885,"date":"2017-07-20T02:37:57","date_gmt":"2017-07-19T20:37:57","guid":{"rendered":"http:\/\/bisbalpenedes.com\/web\/?p=2885"},"modified":"2017-07-20T10:53:03","modified_gmt":"2017-07-20T04:53:03","slug":"2885","status":"publish","type":"post","link":"https:\/\/bisbalpenedes.com\/web\/2017\/07\/20\/2885\/","title":{"rendered":"El dilluns 24 de juliol se celebra Santa Cristina a l&#8217;Ermita"},"content":{"rendered":"<p><a href=\"http:\/\/bisbalpenedes.com\/web\/wp-content\/uploads\/2017\/07\/IMG_20160328_124948405.jpg\"><img loading=\"lazy\" class=\"aligncenter size-medium wp-image-2886\" title=\"altar santa cristina\" src=\"http:\/\/bisbalpenedes.com\/web\/wp-content\/uploads\/2017\/07\/IMG_20160328_124948405-300x168.jpg\" alt=\"\" width=\"300\" height=\"168\" srcset=\"https:\/\/bisbalpenedes.com\/web\/wp-content\/uploads\/2017\/07\/IMG_20160328_124948405-300x168.jpg 300w, https:\/\/bisbalpenedes.com\/web\/wp-content\/uploads\/2017\/07\/IMG_20160328_124948405-600x337.jpg 600w, https:\/\/bisbalpenedes.com\/web\/wp-content\/uploads\/2017\/07\/IMG_20160328_124948405-1024x575.jpg 1024w\" sizes=\"(max-width: 300px) 100vw, 300px\" \/><\/a><\/p>\n<p>Dilluns vinent, 24 de juliol, es celebra Santa Cristina. Com \u00e9s habitual l&#8217;organitzaci\u00f3 va a c\u00e0rrec de la Junta de l&#8217;Ermita de Santa Cristina de la Parr\u00f2quia de Santa Maria de La Bisbal i l&#8217;Ajuntament de La Bisbal hi col\u00b7labora.<\/p>\n<p>Amb motiu d&#8217;aquesta celebraci\u00f3 es far\u00e0 la tradicional missa a l&#8217;Ermita a partir de les 8 del vespre i, tot seguit, hi haur\u00e0 sopar popular. La vetllada acabar\u00e0 amb l&#8217;actuaci\u00f3 de &#8220;Javier i Laura&#8221;, artistes bisbalencs.<\/p>\n<p>El sopar inclour\u00e0: pa amb tom\u00e0quet, emobotits, truites i amanida. Tamb\u00e9 hi haur\u00e0 men\u00fa infantil. El preu dels adults \u00e9s de 12\u20ac i el del men\u00fa infantil de 6\u20ac. Els tiquets es poden comprar al Forn de les Escales i a la Fruiteria Montserrat.<\/p>\n","protected":false},"excerpt":{"rendered":"<p>Dilluns vinent, 24 de juliol, es celebra Santa Cristina. Com \u00e9s habitual l&#8217;organitzaci\u00f3 va a c\u00e0rrec de la Junta de l&#8217;Ermita de Santa Cristina de la Parr\u00f2quia de Santa Maria &hellip; <a href=\"https:\/\/bisbalpenedes.com\/web\/2017\/07\/20\/2885\/\" class=\"more-link\">Read More<\/a><\/p>\n","protected":false},"author":4,"featured_media":2886,"comment_status":"closed","ping_status":"closed","sticky":false,"template":"","format":"standard","meta":[],"categories":[398],"tags":[640,639,557,637,638,623,126],"_links":{"self":[{"href":"https:\/\/bisbalpenedes.com\/web\/wp-json\/wp\/v2\/posts\/2885"}],"collection":[{"href":"https:\/\/bisbalpenedes.com\/web\/wp-json\/wp\/v2\/posts"}],"about":[{"href":"https:\/\/bisbalpenedes.com\/web\/wp-json\/wp\/v2\/types\/post"}],"author":[{"embeddable":true,"href":"https:\/\/bisbalpenedes.com\/web\/wp-json\/wp\/v2\/users\/4"}],"replies":[{"embeddable":true,"href":"https:\/\/bisbalpenedes.com\/web\/wp-json\/wp\/v2\/comments?post=2885"}],"version-history":[{"count":4,"href":"https:\/\/bisbalpenedes.com\/web\/wp-json\/wp\/v2\/posts\/2885\/revisions"}],"predecessor-version":[{"id":2888,"href":"https:\/\/bisbalpenedes.com\/web\/wp-json\/wp\/v2\/posts\/2885\/revisions\/2888"}],"wp:featuredmedia":[{"embeddable":true,"href":"https:\/\/bisbalpenedes.com\/web\/wp-json\/wp\/v2\/media\/2886"}],"wp:attachment":[{"href":"https:\/\/bisbalpenedes.com\/web\/wp-json\/wp\/v2\/media?parent=2885"}],"wp:term":[{"taxonomy":"category","embeddable":true,"href":"https:\/\/bisbalpenedes.com\/web\/wp-json\/wp\/v2\/categories?post=2885"},{"taxonomy":"post_tag","embeddable":true,"href":"https:\/\/bisbalpenedes.com\/web\/wp-json\/wp\/v2\/tags?post=2885"}],"curies":[{"name":"wp","href":"https:\/\/api.w.org\/{rel}","templated":true}]}}