{"id":28847,"date":"2024-01-26T11:34:45","date_gmt":"2024-01-26T09:34:45","guid":{"rendered":"https:\/\/bisbalpenedes.com\/web\/?p=28847"},"modified":"2024-04-17T09:36:16","modified_gmt":"2024-04-17T07:36:16","slug":"lajuntament-de-la-bisbal-del-penedes-ha-presentat-el-protocol-de-la-diada-castellera-del-15-dagost%ef%bf%bc","status":"publish","type":"post","link":"https:\/\/bisbalpenedes.com\/web\/2024\/01\/26\/lajuntament-de-la-bisbal-del-penedes-ha-presentat-el-protocol-de-la-diada-castellera-del-15-dagost%ef%bf%bc\/","title":{"rendered":"L\u2019Ajuntament de la Bisbal del Pened\u00e8s ha presentat el protocol de la diada castellera del 15 d\u2019agost\ufffc"},"content":{"rendered":"\n<p><strong>L\u2019Ajuntament de la Bisbal del Pened\u00e8s ha presentat, aquest dimecres 24 de gener, el protocol per a la diada castellera del 15 d\u2019agost<\/strong>. Es tracta d\u2019un document <strong>treballat conjuntament per l\u2019Ajuntament de la Bisbal del Pened\u00e8s i la Colla Castellera de la Bisbal del Pened\u00e8s (Bous)<\/strong> que, una vegada confeccionat, ha estat revisat per totes les colles participants en la diada amb l\u2019objectiu que el document final estigu\u00e9s <strong>consensuat per totes les parts<\/strong>. La presentaci\u00f3 del protocol s\u2019ha fet en un acte obert a la ciutadania, celebrat al Centre Municipal de Cultura i, durant la presentaci\u00f3, s\u2019ha comptat amb la pres\u00e8ncia de representants de la Colla Castellera de la Bisbal del Pened\u00e8s (Bous), dels Castellers de Vilafranca, de la Colla Vella dels Xiquets de Valls i de la Colla Joves Xiquets de Valls.<\/p>\n\n\n\n<p>El protocol de la diada castellera del 15 d\u2019agost de la Bisbal del Pened\u00e8s neix de la necessitat <strong>d\u2019establir el funcionament de la diada de la Bisbal del Pened\u00e8s, per millorar-ne el ritme i adaptar-la a les necessitats actuals.<\/strong> Amb el protocol, s\u2019agilitza, es clarifica i es modernitza la diada castellera. Entre els diferents punts que aborda el document, destaca el <strong>canvi d\u2019hora de la diada, que a partir d\u2019aquest 2024 se celebrar\u00e0 el 15 d\u2019agost a les 18h<\/strong>. L\u2019alcaldessa de la Bisbal del Pened\u00e8s, Agn\u00e8s Ferr\u00e9, ha explicat que <em>\u201cla nostra diada \u00e9s hist\u00f2rica i molt important per al m\u00f3n casteller i fa temps que les colles havien comentat la import\u00e0ncia que aquesta diada tingu\u00e9s un protocol de pla\u00e7a per agilitzar la diada, ja que ara es fan molts castells de gamma extra i les diades s\u2019allarguen. A m\u00e9s, amb el canvi clim\u00e0tic ens trobem que hem de fer un pensament i, tot i que la tradici\u00f3 era fer aquesta diada a les 12h, per responsabilitat hem de fer un canvi d\u2019horari, perqu\u00e8 a aquella hora fa molta calor\u201d. <\/em>Ferr\u00e9 ha afegit que amb l\u2019objectiu de poder continuar gaudint d\u2019una gran diada a la Bisbal<em> \u201cl\u2019Ajuntament es va reunir amb la Colla Castellera de la Bisbal del Pened\u00e8s per poder confeccionar aquest protocol i, una vegada consensuat amb totes les colles, l\u2019hem presentat aquest dimecres\u201d.<\/em><\/p>\n\n\n\n<div class=\"wp-block-file\"><object class=\"wp-block-file__embed\" data=\"https:\/\/bisbalpenedes.com\/web\/wp-content\/uploads\/2024\/04\/PROTOCOL-DIADA-CASTELLERA-15-DAGOST.pdf\" type=\"application\/pdf\" style=\"width:100%;height:600px\" aria-label=\"Incrustaci\u00f3 del fitxer PROTOCOL DIADA CASTELLERA 15 D'AGOST.\"><\/object><a id=\"wp-block-file--media-b7d21b6f-872e-4ca4-836b-de9fcc27d9a9\" href=\"https:\/\/bisbalpenedes.com\/web\/wp-content\/uploads\/2024\/04\/PROTOCOL-DIADA-CASTELLERA-15-DAGOST.pdf\">PROTOCOL DIADA CASTELLERA 15 D&#8217;AGOST<\/a><a href=\"https:\/\/bisbalpenedes.com\/web\/wp-content\/uploads\/2024\/04\/PROTOCOL-DIADA-CASTELLERA-15-DAGOST.pdf\" class=\"wp-block-file__button\" download aria-describedby=\"wp-block-file--media-b7d21b6f-872e-4ca4-836b-de9fcc27d9a9\">Baixa<\/a><\/div>\n\n\n\n<hr class=\"wp-block-separator has-alpha-channel-opacity\"\/>\n\n\n\n<p><strong>CASTELLANO | El Ajuntament de la Bisbal del Pened\u00e8s ha presentado, este mi\u00e9rcoles 24 de enero, el protocolo para la diada castellera del 15 de agosto<\/strong>. Se trata de un documento trabajado conjuntamente por el Ajuntament de la Bisbal del Pened\u00e8s y la Colla Castellera de la Bisbal del Pened\u00e8s (Bous) que, una vez confeccionado, ha sido revisado por todas las &#8216;collas&#8217; participantes en la diada con el objetivo de que el documento final estuviese <strong>consensuado por todas las partes<\/strong>. La presentaci\u00f3n del protocolo se ha realizado en un acto abierto a la ciudadan\u00eda, celebrado en el Centre Municipal de Cultura y, durante la presentaci\u00f3n, se ha contado con la presencia de representantes de la Colla Castellera de la Bisbal del Pened\u00e8s (Bous), de los Castellers de Vilafranca, de la Colla Vella dels Xiquets de Valls y de la Colla Joves Xiquets de Valls.<\/p>\n\n\n\n<p>El protocolo de la diada castellera del 15 de agosto de la Bisbal del Pened\u00e8s nace de la necesidad <strong>de establecer el funcionamiento de la diada de la Bisbal del Pened\u00e8s, para mejorar el ritmo y adaptarla a las necesidades actuales. <\/strong>Con el protocolo, se agiliza, se clarifica y se moderniza la diada castellera. Entre los distintos puntos que aborda el documento, destaca el <strong>cambio de hora de la diada, que apartir de este 2024 se celebrar\u00e1 el 15 de agosto a las 18h.<\/strong> La alcaldesa de la Bisbal del Pened\u00e8s, Agn\u00e8s Ferr\u00e9, ha explicado que <em>&#8220;nuestra diada es hist\u00f3rica y muy importante para el mundo casteller y hace tiempo que las &#8216;collas&#8217; hab\u00edan comentado la importancia de que esta diada tuviese un protocolo de plaza para agilizar la diada, ya que ahora se hacen muchos castillos de gama extra y las diadas se alargan. Adem\u00e1s, con el cambio clim\u00e1tico nos encontramos que tenemos que hacer un pensamiento y, aunque la tradici\u00f3n era hacer esta diada a las 12h, por responsabilidad tenemos que hacer un cambio de horario, porque a aquella hora hace mucha calor&#8221;. <\/em>Ferr\u00e9 ha a\u00f1adido que con el objetivo de poder continuar disfrutando de una gran diada en la Bisbal <em>&#8220;el Ajuntament se reuni\u00f3 con la Colla Castellera de la Bisbal del Pened\u00e8s para poder confeccionar este protocolo y, una vez consensuado con todas las &#8216;collas&#8217;, lo hemos presentado este mi\u00e9rcoles&#8221;.<\/em><\/p>\n\n\n\n<div class=\"wp-block-file\"><object class=\"wp-block-file__embed\" data=\"https:\/\/bisbalpenedes.com\/web\/wp-content\/uploads\/2024\/01\/Protocol-diada-castellera-BISBAL.pdf\" type=\"application\/pdf\" style=\"width:100%;height:600px\" aria-label=\"Incrustaci\u00f3 del fitxer Protocol diada castellera BISBAL.\"><\/object><a id=\"wp-block-file--media-0112e499-e6eb-4785-91cf-d0d96a58509d\" href=\"https:\/\/bisbalpenedes.com\/web\/wp-content\/uploads\/2024\/01\/Protocol-diada-castellera-BISBAL.pdf\">Protocol diada castellera BISBAL<\/a><a href=\"https:\/\/bisbalpenedes.com\/web\/wp-content\/uploads\/2024\/01\/Protocol-diada-castellera-BISBAL.pdf\" class=\"wp-block-file__button\" download aria-describedby=\"wp-block-file--media-0112e499-e6eb-4785-91cf-d0d96a58509d\">Baixa<\/a><\/div>\n","protected":false},"excerpt":{"rendered":"<p>L\u2019Ajuntament de la Bisbal del Pened\u00e8s ha presentat, aquest dimecres 24 de gener, el protocol per a la diada castellera del 15 d\u2019agost. Es tracta d\u2019un document treballat conjuntament per &hellip; <a href=\"https:\/\/bisbalpenedes.com\/web\/2024\/01\/26\/lajuntament-de-la-bisbal-del-penedes-ha-presentat-el-protocol-de-la-diada-castellera-del-15-dagost%ef%bf%bc\/\" class=\"more-link\">Read More<\/a><\/p>\n","protected":false},"author":4,"featured_media":28848,"comment_status":"closed","ping_status":"closed","sticky":false,"template":"","format":"standard","meta":[],"categories":[13,8],"tags":[379,667,6442,1720,1220,691,393,1374,6441],"_links":{"self":[{"href":"https:\/\/bisbalpenedes.com\/web\/wp-json\/wp\/v2\/posts\/28847"}],"collection":[{"href":"https:\/\/bisbalpenedes.com\/web\/wp-json\/wp\/v2\/posts"}],"about":[{"href":"https:\/\/bisbalpenedes.com\/web\/wp-json\/wp\/v2\/types\/post"}],"author":[{"embeddable":true,"href":"https:\/\/bisbalpenedes.com\/web\/wp-json\/wp\/v2\/users\/4"}],"replies":[{"embeddable":true,"href":"https:\/\/bisbalpenedes.com\/web\/wp-json\/wp\/v2\/comments?post=28847"}],"version-history":[{"count":3,"href":"https:\/\/bisbalpenedes.com\/web\/wp-json\/wp\/v2\/posts\/28847\/revisions"}],"predecessor-version":[{"id":29878,"href":"https:\/\/bisbalpenedes.com\/web\/wp-json\/wp\/v2\/posts\/28847\/revisions\/29878"}],"wp:featuredmedia":[{"embeddable":true,"href":"https:\/\/bisbalpenedes.com\/web\/wp-json\/wp\/v2\/media\/28848"}],"wp:attachment":[{"href":"https:\/\/bisbalpenedes.com\/web\/wp-json\/wp\/v2\/media?parent=28847"}],"wp:term":[{"taxonomy":"category","embeddable":true,"href":"https:\/\/bisbalpenedes.com\/web\/wp-json\/wp\/v2\/categories?post=28847"},{"taxonomy":"post_tag","embeddable":true,"href":"https:\/\/bisbalpenedes.com\/web\/wp-json\/wp\/v2\/tags?post=28847"}],"curies":[{"name":"wp","href":"https:\/\/api.w.org\/{rel}","templated":true}]}}