{"id":28844,"date":"2024-01-26T12:50:25","date_gmt":"2024-01-26T10:50:25","guid":{"rendered":"https:\/\/bisbalpenedes.com\/web\/?p=28844"},"modified":"2024-01-26T13:02:06","modified_gmt":"2024-01-26T11:02:06","slug":"la-bisbal-del-penedes-ha-inaugurat-el-pavello-municipal-aquest-cap-de-setmana-amb-una-gran-festa-de-lesport%ef%bf%bc","status":"publish","type":"post","link":"https:\/\/bisbalpenedes.com\/web\/2024\/01\/26\/la-bisbal-del-penedes-ha-inaugurat-el-pavello-municipal-aquest-cap-de-setmana-amb-una-gran-festa-de-lesport%ef%bf%bc\/","title":{"rendered":"La Bisbal del Pened\u00e8s ha inaugurat el pavell\u00f3 municipal aquest cap de setmana amb una gran festa de l&#8217;esport\ufffc"},"content":{"rendered":"\n<p>La&nbsp;presidenta de la Diputaci\u00f3 de Tarragona, Noem\u00ed Llaurad\u00f3;&nbsp;el representant territorial d&#8217;Esports de la Generalitat a Tarragona, Aleix Rom;&nbsp;&nbsp;i l&#8217;alcaldessa de la Bisbal del Pened\u00e8s, Agn\u00e8s Ferr\u00e9; han inaugurat el pavell\u00f3 esportiu municipal de la Bisbal aquest diumenge 21 de gener. El cost total d\u2019aquestes obres ha estat de 1.656.428,90\u20ac (IVA incl\u00f2s) i s\u2019ha comptat amb una subvenci\u00f3 del Pla d\u2019Acci\u00f3 Municipal (PAM) de la Diputaci\u00f3 de Tarragona per un import de 150.752\u20ac.<\/p>\n\n\n\n<p>Les obres de la fase 1 del pavell\u00f3 municipal van comen\u00e7ar l&#8217;octubre del 2022 i han tingut una durada d&#8217;un any i escaig. Les actuacions han incl\u00f2s la rehabilitaci\u00f3 del pavell\u00f3 esportiu i la construcci\u00f3 d&#8217;un edifici annex amb l&#8217;administraci\u00f3, el control d&#8217;acc\u00e9s, el vest\u00edbul amb acc\u00e9s a les grades, els vestidors, els serveis higi\u00e8nics, els passadissos, la infermeria i el local de neteja. Ara, l&#8217;Ajuntament de la Bisbal del Pened\u00e8s treballa per posar en marxa la fase 2, que inclour\u00e0 d&#8217;edifici de serveis i la zona de bar, tot i que l\u2019alcaldessa Agn\u00e8s Ferr\u00e9 ha dit que caldr\u00e0 esperar, ja que&nbsp;<em>\u201cla segona fase comen\u00e7ar\u00e0 quan el Tribunal Superior de Just\u00edcia de Catalunya resolgui un recurs interposat per una entitat\u201d.<\/em><\/p>\n\n\n\n<p>El representant territorial d\u2019Esports de la Generalitat a Tarragona, Aleix Rom, ha donat l\u2019enhorabona al municipi per aquest nou equipament i ha destacat que&nbsp;<em>\u201ctots som conscients que avui \u00e9s un dia hist\u00f2ric per a la vila perqu\u00e8 se seguiran augmentant i promocionant h\u00e0bits saludables a trav\u00e9s de l\u2019esport aix\u00ed com din\u00e0miques de cohesi\u00f3 social -gr\u00e0cies a les entitats esportives- i tamb\u00e9 de dinamitzaci\u00f3 econ\u00f2mica i turisme esportiu, que tamb\u00e9 tenen molta import\u00e0ncia i posaran la Bisbal en l\u2019epicentre esportiu del territori\u201d.<\/em><\/p>\n\n\n\n<p>Per la seva banda, la presidenta de la Diputaci\u00f3 de Tarragona, Noem\u00ed Llaurad\u00f3, ha explicat que&nbsp;<em>\u201c\u00e9s una il\u00b7lusi\u00f3 assistir a actes com aquest perqu\u00e8 aquesta congregaci\u00f3 de gent que heu vingut aqu\u00ed reflecteix la il\u00b7lusi\u00f3 que ten\u00edeu totes i tots perqu\u00e8 finalment es fes realitat aquest projecte\u201d i ha afegit<\/em>&nbsp;que&nbsp;<em>\u201cla Diputaci\u00f3 est\u00e0 molt orgullosa d\u2019haver-hi col\u00b7laborat econ\u00f2micament perqu\u00e8 creiem que \u00e9s molt important que des de la nostra instituci\u00f3 estiguem al costat dels pobles, dels municipis i de les deu comarques, i \u00e9s una satisfacci\u00f3 per a nosaltres quan podem venir a veure com s\u2019ha fet tangible aquesta col\u00b7laboraci\u00f3\u201d.<\/em>&nbsp;Llaurad\u00f3 ha remarcat que&nbsp;<em>\u201caquestes instal\u00b7lacions van m\u00e9s enll\u00e0 d\u2019un espai f\u00edsic: inclouen all\u00f2 que hi passar\u00e0 dins, el que ahir hi va comen\u00e7ar a passar i el que hi passar\u00e0 en els seg\u00fcents mesos. Tots els equipaments s\u00f3n importants, per\u00f2 els equipaments esportius tenen un impacte directe en promoure la salut i millorar la qualitat de vida de les persones\u201d.<\/em><\/p>\n\n\n\n<p>L\u2019alcaldessa de la Bisbal del Pened\u00e8s, Agn\u00e8s Ferr\u00e9, ha explicat que&nbsp;<em>\u201cavui \u00e9s un dia molt especial per a l\u2019equip de govern perqu\u00e8 s\u2019acaba una primera fase que ha tingut unes dificultats que s\u2019han pogut superar per la bona entesa que hi ha hagut entre els t\u00e8cnics municipals, els directors d\u2019obres i l\u2019empresa executora\u201d.<\/em>&nbsp;Ferr\u00e9 ha fet un rep\u00e0s a la hist\u00f2ria d\u2019aquest equipament -que abans era privat i que, des de fa uns anys, \u00e9s municipal- i ha recordat el regidor Pere Saumoy,&nbsp;<em>\u201cque tamb\u00e9 ens va acompanyar en aquest projecte com a regidor i que malauradament ens va deixar fa uns mesos. Avui estaria molt content d\u2019estar aqu\u00ed amb nosaltres\u201d.<\/em><\/p>\n\n\n\n<p>Per la seva banda, el regidor d\u2019Esports, Joan Gimeno, s\u2019ha mostrat -com ell mateix ha reconegut- \u201c<em>emocionat i motivat amb aquest nou espai, que \u00e9s per a tots els ve\u00efns de la Bisbal\u201d<\/em>. Gimeno ha agra\u00eft la feina de l\u2019anterior regidora d\u2019Esports, Leo Uceda, i de la resta d\u2019equip de govern del mandat anterior i ha donat les gr\u00e0cies a l\u2019alcaldessa Agn\u00e8s Ferr\u00e9 per&nbsp;<em>\u201cfer cr\u00e9ixer la Bisbal\u201d<\/em>&nbsp;. El regidor bisbalenc ha explicat que&nbsp;<em>\u201ct\u00e9 molts records de venir al pavell\u00f3 esportiu a l\u2019hora del pati quan era petit, quan plovia, d\u2019haver vist exhibicions de patinatge i taekwondo o d\u2019haver fet partits de futbol sala\u201d,<\/em>&nbsp;uns moments que espera que ara, amb aquest equipament totalment reformat, es puguin tornar a repetir.<\/p>\n\n\n\n<p>Les activitats amb motiu de la inauguraci\u00f3 del pavell\u00f3 van comen\u00e7ar el dissabte amb una gimcana esportiva per a fam\u00edlies organitzada des del Consell Esportiu del Baix Pened\u00e8s, una exhibici\u00f3 de b\u00e0squet amb els Orange Stars, les partides de tennis taula amb els campions locals Alfredo Juan i Josep Mart\u00ednez (Pepitu) del Club Tennis Taula Vilafranca i una sessi\u00f3 de ioga amb l\u2019empresa bisbalenca Mi Ser Bienestar. El diumenge al mat\u00ed, es va tallar la cinta inaugural, es va descobrir la placa commemorativa i, tot seguit, es van fer els parlaments institucionals, que van acabar amb \u2018El cant dels Segadors\u2019. Tot seguit els bisbalencs Javi i Laura van interpretar dues peces musicals amb guitarra i veu i els assistents van poder gaudir de les actuacions de diferents entitats de cultura popular amb el Ball de Diables de la Bisbal, la Colla Castellera de la Bisbal (Bous) i els Geganters i Grallers de la Societat. Les persones que van venir a la inauguraci\u00f3 van poder fer un petit aperitiu a peu dret servit per l\u2019empresa amb vincles al municipi \u2018Secrets Vintage\u2019 i els m\u00e9s menuts tamb\u00e9 van jugar als inflables esportius que es van instal\u00b7lar a l\u2019exterior del pavell\u00f3. Els actes amb motiu de la inauguraci\u00f3 van finalitzar el diumenge al vespre amb l\u2019interclub de boxa organitzat pel Club de Boxa Albinyana. Val a dir que durant tot el cap de setmana s\u2019han dut a terme visites per con\u00e8ixer tot l\u2019equipament i que, aquestes, han comptat amb l\u2019assist\u00e8ncia de mig miler de persones.<\/p>\n\n\n\n<figure class=\"wp-container-2 wp-block-gallery-1 wp-block-gallery has-nested-images columns-default is-cropped\">\n<figure class=\"wp-block-image\"><img loading=\"lazy\" width=\"1920\" height=\"1080\" data-id=\"28871\"  src=\"https:\/\/bisbalpenedes.com\/web\/wp-content\/uploads\/2024\/01\/PAVELLO\u0301-TALLAR-CINTA-1-2.jpg\" alt=\"\" class=\"wp-image-28871\" srcset=\"https:\/\/bisbalpenedes.com\/web\/wp-content\/uploads\/2024\/01\/PAVELLO\u0301-TALLAR-CINTA-1-2.jpg 1920w, https:\/\/bisbalpenedes.com\/web\/wp-content\/uploads\/2024\/01\/PAVELLO\u0301-TALLAR-CINTA-1-2-300x169.jpg 300w, https:\/\/bisbalpenedes.com\/web\/wp-content\/uploads\/2024\/01\/PAVELLO\u0301-TALLAR-CINTA-1-2-1024x576.jpg 1024w, https:\/\/bisbalpenedes.com\/web\/wp-content\/uploads\/2024\/01\/PAVELLO\u0301-TALLAR-CINTA-1-2-768x432.jpg 768w, https:\/\/bisbalpenedes.com\/web\/wp-content\/uploads\/2024\/01\/PAVELLO\u0301-TALLAR-CINTA-1-2-1536x864.jpg 1536w, https:\/\/bisbalpenedes.com\/web\/wp-content\/uploads\/2024\/01\/PAVELLO\u0301-TALLAR-CINTA-1-2-600x338.jpg 600w\" sizes=\"(max-width: 1920px) 100vw, 1920px\" \/><figcaption>Tallada de la cinta a c\u00e0rrec de la presidenta de la Diputaci\u00f3, Noem\u00ed Llaurad\u00f3; i l&#8217;alcaldessa de la Bisbal del Pened\u00e8s, Agn\u00e8s Ferr\u00e9.<\/figcaption><\/figure>\n\n\n\n<figure class=\"wp-block-image\"><img loading=\"lazy\" width=\"2400\" height=\"1600\" data-id=\"28860\"  src=\"https:\/\/bisbalpenedes.com\/web\/wp-content\/uploads\/2024\/01\/INAUGURACIO\u0301-PAVELLO\u0301-ESPORTIU-3.jpg\" alt=\"\" class=\"wp-image-28860\" srcset=\"https:\/\/bisbalpenedes.com\/web\/wp-content\/uploads\/2024\/01\/INAUGURACIO\u0301-PAVELLO\u0301-ESPORTIU-3.jpg 2400w, https:\/\/bisbalpenedes.com\/web\/wp-content\/uploads\/2024\/01\/INAUGURACIO\u0301-PAVELLO\u0301-ESPORTIU-3-300x200.jpg 300w, https:\/\/bisbalpenedes.com\/web\/wp-content\/uploads\/2024\/01\/INAUGURACIO\u0301-PAVELLO\u0301-ESPORTIU-3-1024x683.jpg 1024w, https:\/\/bisbalpenedes.com\/web\/wp-content\/uploads\/2024\/01\/INAUGURACIO\u0301-PAVELLO\u0301-ESPORTIU-3-768x512.jpg 768w, https:\/\/bisbalpenedes.com\/web\/wp-content\/uploads\/2024\/01\/INAUGURACIO\u0301-PAVELLO\u0301-ESPORTIU-3-1536x1024.jpg 1536w, https:\/\/bisbalpenedes.com\/web\/wp-content\/uploads\/2024\/01\/INAUGURACIO\u0301-PAVELLO\u0301-ESPORTIU-3-2048x1365.jpg 2048w, https:\/\/bisbalpenedes.com\/web\/wp-content\/uploads\/2024\/01\/INAUGURACIO\u0301-PAVELLO\u0301-ESPORTIU-3-600x400.jpg 600w\" sizes=\"(max-width: 2400px) 100vw, 2400px\" \/><figcaption>Parlaments institucionals <\/figcaption><\/figure>\n\n\n\n<figure class=\"wp-block-image\"><img loading=\"lazy\" width=\"1440\" height=\"960\" data-id=\"28861\"  src=\"https:\/\/bisbalpenedes.com\/web\/wp-content\/uploads\/2024\/01\/INAUGURACIO\u0301-PAVELLO\u0301-ESPORTIU-10.jpg\" alt=\"\" class=\"wp-image-28861\" srcset=\"https:\/\/bisbalpenedes.com\/web\/wp-content\/uploads\/2024\/01\/INAUGURACIO\u0301-PAVELLO\u0301-ESPORTIU-10.jpg 1440w, https:\/\/bisbalpenedes.com\/web\/wp-content\/uploads\/2024\/01\/INAUGURACIO\u0301-PAVELLO\u0301-ESPORTIU-10-300x200.jpg 300w, https:\/\/bisbalpenedes.com\/web\/wp-content\/uploads\/2024\/01\/INAUGURACIO\u0301-PAVELLO\u0301-ESPORTIU-10-1024x683.jpg 1024w, https:\/\/bisbalpenedes.com\/web\/wp-content\/uploads\/2024\/01\/INAUGURACIO\u0301-PAVELLO\u0301-ESPORTIU-10-768x512.jpg 768w, https:\/\/bisbalpenedes.com\/web\/wp-content\/uploads\/2024\/01\/INAUGURACIO\u0301-PAVELLO\u0301-ESPORTIU-10-600x400.jpg 600w\" sizes=\"(max-width: 1440px) 100vw, 1440px\" \/><figcaption>Gimcana Esportiva amb el Consell Esportiu del Baix Pened\u00e8s<\/figcaption><\/figure>\n\n\n\n<figure class=\"wp-block-image\"><img loading=\"lazy\" width=\"2400\" height=\"1600\" data-id=\"28862\"  src=\"https:\/\/bisbalpenedes.com\/web\/wp-content\/uploads\/2024\/01\/INAUGURACIO\u0301-PAVELLO\u0301-ESPORTIU-6.jpg\" alt=\"\" class=\"wp-image-28862\" srcset=\"https:\/\/bisbalpenedes.com\/web\/wp-content\/uploads\/2024\/01\/INAUGURACIO\u0301-PAVELLO\u0301-ESPORTIU-6.jpg 2400w, https:\/\/bisbalpenedes.com\/web\/wp-content\/uploads\/2024\/01\/INAUGURACIO\u0301-PAVELLO\u0301-ESPORTIU-6-300x200.jpg 300w, https:\/\/bisbalpenedes.com\/web\/wp-content\/uploads\/2024\/01\/INAUGURACIO\u0301-PAVELLO\u0301-ESPORTIU-6-1024x683.jpg 1024w, https:\/\/bisbalpenedes.com\/web\/wp-content\/uploads\/2024\/01\/INAUGURACIO\u0301-PAVELLO\u0301-ESPORTIU-6-768x512.jpg 768w, https:\/\/bisbalpenedes.com\/web\/wp-content\/uploads\/2024\/01\/INAUGURACIO\u0301-PAVELLO\u0301-ESPORTIU-6-1536x1024.jpg 1536w, https:\/\/bisbalpenedes.com\/web\/wp-content\/uploads\/2024\/01\/INAUGURACIO\u0301-PAVELLO\u0301-ESPORTIU-6-2048x1365.jpg 2048w, https:\/\/bisbalpenedes.com\/web\/wp-content\/uploads\/2024\/01\/INAUGURACIO\u0301-PAVELLO\u0301-ESPORTIU-6-600x400.jpg 600w\" sizes=\"(max-width: 2400px) 100vw, 2400px\" \/><figcaption>Castellers de la Bisbal &#8211; Bous durant la inauguraci\u00f3 fent 2p4 a l&#8217;interior del pavell\u00f3<\/figcaption><\/figure>\n\n\n\n<figure class=\"wp-block-image\"><img loading=\"lazy\" width=\"2400\" height=\"1600\" data-id=\"28863\"  src=\"https:\/\/bisbalpenedes.com\/web\/wp-content\/uploads\/2024\/01\/INAUGURACIO\u0301-PAVELLO\u0301-ESPORTIU-11.jpg\" alt=\"\" class=\"wp-image-28863\" srcset=\"https:\/\/bisbalpenedes.com\/web\/wp-content\/uploads\/2024\/01\/INAUGURACIO\u0301-PAVELLO\u0301-ESPORTIU-11.jpg 2400w, https:\/\/bisbalpenedes.com\/web\/wp-content\/uploads\/2024\/01\/INAUGURACIO\u0301-PAVELLO\u0301-ESPORTIU-11-300x200.jpg 300w, https:\/\/bisbalpenedes.com\/web\/wp-content\/uploads\/2024\/01\/INAUGURACIO\u0301-PAVELLO\u0301-ESPORTIU-11-1024x683.jpg 1024w, https:\/\/bisbalpenedes.com\/web\/wp-content\/uploads\/2024\/01\/INAUGURACIO\u0301-PAVELLO\u0301-ESPORTIU-11-768x512.jpg 768w, https:\/\/bisbalpenedes.com\/web\/wp-content\/uploads\/2024\/01\/INAUGURACIO\u0301-PAVELLO\u0301-ESPORTIU-11-1536x1024.jpg 1536w, https:\/\/bisbalpenedes.com\/web\/wp-content\/uploads\/2024\/01\/INAUGURACIO\u0301-PAVELLO\u0301-ESPORTIU-11-2048x1365.jpg 2048w, https:\/\/bisbalpenedes.com\/web\/wp-content\/uploads\/2024\/01\/INAUGURACIO\u0301-PAVELLO\u0301-ESPORTIU-11-600x400.jpg 600w\" sizes=\"(max-width: 2400px) 100vw, 2400px\" \/><figcaption>Orange Stars de B\u00e0squet<\/figcaption><\/figure>\n\n\n\n<figure class=\"wp-block-image\"><img loading=\"lazy\" width=\"2400\" height=\"1600\" data-id=\"28864\"  src=\"https:\/\/bisbalpenedes.com\/web\/wp-content\/uploads\/2024\/01\/INAUGURACIO\u0301-PAVELLO\u0301-ESPORTIU-5.jpg\" alt=\"\" class=\"wp-image-28864\" srcset=\"https:\/\/bisbalpenedes.com\/web\/wp-content\/uploads\/2024\/01\/INAUGURACIO\u0301-PAVELLO\u0301-ESPORTIU-5.jpg 2400w, https:\/\/bisbalpenedes.com\/web\/wp-content\/uploads\/2024\/01\/INAUGURACIO\u0301-PAVELLO\u0301-ESPORTIU-5-300x200.jpg 300w, https:\/\/bisbalpenedes.com\/web\/wp-content\/uploads\/2024\/01\/INAUGURACIO\u0301-PAVELLO\u0301-ESPORTIU-5-1024x683.jpg 1024w, https:\/\/bisbalpenedes.com\/web\/wp-content\/uploads\/2024\/01\/INAUGURACIO\u0301-PAVELLO\u0301-ESPORTIU-5-768x512.jpg 768w, https:\/\/bisbalpenedes.com\/web\/wp-content\/uploads\/2024\/01\/INAUGURACIO\u0301-PAVELLO\u0301-ESPORTIU-5-1536x1024.jpg 1536w, https:\/\/bisbalpenedes.com\/web\/wp-content\/uploads\/2024\/01\/INAUGURACIO\u0301-PAVELLO\u0301-ESPORTIU-5-2048x1365.jpg 2048w, https:\/\/bisbalpenedes.com\/web\/wp-content\/uploads\/2024\/01\/INAUGURACIO\u0301-PAVELLO\u0301-ESPORTIU-5-600x400.jpg 600w\" sizes=\"(max-width: 2400px) 100vw, 2400px\" \/><figcaption>Dia de la inauguraci\u00f3 &#8211; Exterior de les instal\u00b7lacions<\/figcaption><\/figure>\n\n\n\n<figure class=\"wp-block-image\"><img loading=\"lazy\" width=\"2400\" height=\"1600\" data-id=\"28865\"  src=\"https:\/\/bisbalpenedes.com\/web\/wp-content\/uploads\/2024\/01\/INAUGURACIO\u0301-PAVELLO\u0301-ESPORTIU-7.jpg\" alt=\"\" class=\"wp-image-28865\" srcset=\"https:\/\/bisbalpenedes.com\/web\/wp-content\/uploads\/2024\/01\/INAUGURACIO\u0301-PAVELLO\u0301-ESPORTIU-7.jpg 2400w, https:\/\/bisbalpenedes.com\/web\/wp-content\/uploads\/2024\/01\/INAUGURACIO\u0301-PAVELLO\u0301-ESPORTIU-7-300x200.jpg 300w, https:\/\/bisbalpenedes.com\/web\/wp-content\/uploads\/2024\/01\/INAUGURACIO\u0301-PAVELLO\u0301-ESPORTIU-7-1024x683.jpg 1024w, https:\/\/bisbalpenedes.com\/web\/wp-content\/uploads\/2024\/01\/INAUGURACIO\u0301-PAVELLO\u0301-ESPORTIU-7-768x512.jpg 768w, https:\/\/bisbalpenedes.com\/web\/wp-content\/uploads\/2024\/01\/INAUGURACIO\u0301-PAVELLO\u0301-ESPORTIU-7-1536x1024.jpg 1536w, https:\/\/bisbalpenedes.com\/web\/wp-content\/uploads\/2024\/01\/INAUGURACIO\u0301-PAVELLO\u0301-ESPORTIU-7-2048x1365.jpg 2048w, https:\/\/bisbalpenedes.com\/web\/wp-content\/uploads\/2024\/01\/INAUGURACIO\u0301-PAVELLO\u0301-ESPORTIU-7-600x400.jpg 600w\" sizes=\"(max-width: 2400px) 100vw, 2400px\" \/><figcaption>Timbalers del Ball de Diables de la Bisbal del Pened\u00e8s el dia de la inauguraci\u00f3<\/figcaption><\/figure>\n\n\n\n<figure class=\"wp-block-image\"><img loading=\"lazy\" width=\"2400\" height=\"1600\" data-id=\"28866\"  src=\"https:\/\/bisbalpenedes.com\/web\/wp-content\/uploads\/2024\/01\/INAUGURACIO\u0301-PAVELLO\u0301-ESPORTIU-9.jpg\" alt=\"\" class=\"wp-image-28866\" srcset=\"https:\/\/bisbalpenedes.com\/web\/wp-content\/uploads\/2024\/01\/INAUGURACIO\u0301-PAVELLO\u0301-ESPORTIU-9.jpg 2400w, https:\/\/bisbalpenedes.com\/web\/wp-content\/uploads\/2024\/01\/INAUGURACIO\u0301-PAVELLO\u0301-ESPORTIU-9-300x200.jpg 300w, https:\/\/bisbalpenedes.com\/web\/wp-content\/uploads\/2024\/01\/INAUGURACIO\u0301-PAVELLO\u0301-ESPORTIU-9-1024x683.jpg 1024w, https:\/\/bisbalpenedes.com\/web\/wp-content\/uploads\/2024\/01\/INAUGURACIO\u0301-PAVELLO\u0301-ESPORTIU-9-768x512.jpg 768w, https:\/\/bisbalpenedes.com\/web\/wp-content\/uploads\/2024\/01\/INAUGURACIO\u0301-PAVELLO\u0301-ESPORTIU-9-1536x1024.jpg 1536w, https:\/\/bisbalpenedes.com\/web\/wp-content\/uploads\/2024\/01\/INAUGURACIO\u0301-PAVELLO\u0301-ESPORTIU-9-2048x1365.jpg 2048w, https:\/\/bisbalpenedes.com\/web\/wp-content\/uploads\/2024\/01\/INAUGURACIO\u0301-PAVELLO\u0301-ESPORTIU-9-600x400.jpg 600w\" sizes=\"(max-width: 2400px) 100vw, 2400px\" \/><figcaption>Boxa amb el Club de Boxa Albinyana<\/figcaption><\/figure>\n\n\n\n<figure class=\"wp-block-image\"><img loading=\"lazy\" width=\"2400\" height=\"1600\" data-id=\"28867\"  src=\"https:\/\/bisbalpenedes.com\/web\/wp-content\/uploads\/2024\/01\/INAUGURACIO\u0301-PAVELLO\u0301-ESPORTIU-13.jpg\" alt=\"\" class=\"wp-image-28867\" srcset=\"https:\/\/bisbalpenedes.com\/web\/wp-content\/uploads\/2024\/01\/INAUGURACIO\u0301-PAVELLO\u0301-ESPORTIU-13.jpg 2400w, https:\/\/bisbalpenedes.com\/web\/wp-content\/uploads\/2024\/01\/INAUGURACIO\u0301-PAVELLO\u0301-ESPORTIU-13-300x200.jpg 300w, https:\/\/bisbalpenedes.com\/web\/wp-content\/uploads\/2024\/01\/INAUGURACIO\u0301-PAVELLO\u0301-ESPORTIU-13-1024x683.jpg 1024w, https:\/\/bisbalpenedes.com\/web\/wp-content\/uploads\/2024\/01\/INAUGURACIO\u0301-PAVELLO\u0301-ESPORTIU-13-768x512.jpg 768w, https:\/\/bisbalpenedes.com\/web\/wp-content\/uploads\/2024\/01\/INAUGURACIO\u0301-PAVELLO\u0301-ESPORTIU-13-1536x1024.jpg 1536w, https:\/\/bisbalpenedes.com\/web\/wp-content\/uploads\/2024\/01\/INAUGURACIO\u0301-PAVELLO\u0301-ESPORTIU-13-2048x1365.jpg 2048w, https:\/\/bisbalpenedes.com\/web\/wp-content\/uploads\/2024\/01\/INAUGURACIO\u0301-PAVELLO\u0301-ESPORTIU-13-600x400.jpg 600w\" sizes=\"(max-width: 2400px) 100vw, 2400px\" \/><figcaption>Ioga amb la Milena i el Sergi de Mi Ser Bienestar<\/figcaption><\/figure>\n\n\n\n<figure class=\"wp-block-image\"><img loading=\"lazy\" width=\"2400\" height=\"1600\" data-id=\"28868\"  src=\"https:\/\/bisbalpenedes.com\/web\/wp-content\/uploads\/2024\/01\/INAUGURACIO\u0301-PAVELLO\u0301-ESPORTIU-12.jpg\" alt=\"\" class=\"wp-image-28868\" srcset=\"https:\/\/bisbalpenedes.com\/web\/wp-content\/uploads\/2024\/01\/INAUGURACIO\u0301-PAVELLO\u0301-ESPORTIU-12.jpg 2400w, https:\/\/bisbalpenedes.com\/web\/wp-content\/uploads\/2024\/01\/INAUGURACIO\u0301-PAVELLO\u0301-ESPORTIU-12-300x200.jpg 300w, https:\/\/bisbalpenedes.com\/web\/wp-content\/uploads\/2024\/01\/INAUGURACIO\u0301-PAVELLO\u0301-ESPORTIU-12-1024x683.jpg 1024w, https:\/\/bisbalpenedes.com\/web\/wp-content\/uploads\/2024\/01\/INAUGURACIO\u0301-PAVELLO\u0301-ESPORTIU-12-768x512.jpg 768w, https:\/\/bisbalpenedes.com\/web\/wp-content\/uploads\/2024\/01\/INAUGURACIO\u0301-PAVELLO\u0301-ESPORTIU-12-1536x1024.jpg 1536w, https:\/\/bisbalpenedes.com\/web\/wp-content\/uploads\/2024\/01\/INAUGURACIO\u0301-PAVELLO\u0301-ESPORTIU-12-2048x1365.jpg 2048w, https:\/\/bisbalpenedes.com\/web\/wp-content\/uploads\/2024\/01\/INAUGURACIO\u0301-PAVELLO\u0301-ESPORTIU-12-600x400.jpg 600w\" sizes=\"(max-width: 2400px) 100vw, 2400px\" \/><figcaption>Tennis Taula amb el CTT Vilafranca<\/figcaption><\/figure>\n\n\n\n<figure class=\"wp-block-image\"><img loading=\"lazy\" width=\"2400\" height=\"1600\" data-id=\"28869\"  src=\"https:\/\/bisbalpenedes.com\/web\/wp-content\/uploads\/2024\/01\/INAUGURACIO\u0301-PAVELLO\u0301-ESPORTIU-15.jpg\" alt=\"\" class=\"wp-image-28869\" srcset=\"https:\/\/bisbalpenedes.com\/web\/wp-content\/uploads\/2024\/01\/INAUGURACIO\u0301-PAVELLO\u0301-ESPORTIU-15.jpg 2400w, https:\/\/bisbalpenedes.com\/web\/wp-content\/uploads\/2024\/01\/INAUGURACIO\u0301-PAVELLO\u0301-ESPORTIU-15-300x200.jpg 300w, https:\/\/bisbalpenedes.com\/web\/wp-content\/uploads\/2024\/01\/INAUGURACIO\u0301-PAVELLO\u0301-ESPORTIU-15-1024x683.jpg 1024w, https:\/\/bisbalpenedes.com\/web\/wp-content\/uploads\/2024\/01\/INAUGURACIO\u0301-PAVELLO\u0301-ESPORTIU-15-768x512.jpg 768w, https:\/\/bisbalpenedes.com\/web\/wp-content\/uploads\/2024\/01\/INAUGURACIO\u0301-PAVELLO\u0301-ESPORTIU-15-1536x1024.jpg 1536w, https:\/\/bisbalpenedes.com\/web\/wp-content\/uploads\/2024\/01\/INAUGURACIO\u0301-PAVELLO\u0301-ESPORTIU-15-2048x1365.jpg 2048w, https:\/\/bisbalpenedes.com\/web\/wp-content\/uploads\/2024\/01\/INAUGURACIO\u0301-PAVELLO\u0301-ESPORTIU-15-600x400.jpg 600w\" sizes=\"(max-width: 2400px) 100vw, 2400px\" \/><figcaption>Club de Boxa Albinyana<\/figcaption><\/figure>\n\n\n\n<figure class=\"wp-block-image\"><img loading=\"lazy\" width=\"2560\" height=\"1920\" data-id=\"28870\"  src=\"https:\/\/bisbalpenedes.com\/web\/wp-content\/uploads\/2024\/01\/INAUGURACIO\u0301-PAVELLO\u0301-ESPORTIU-14-scaled.jpg\" alt=\"\" class=\"wp-image-28870\" srcset=\"https:\/\/bisbalpenedes.com\/web\/wp-content\/uploads\/2024\/01\/INAUGURACIO\u0301-PAVELLO\u0301-ESPORTIU-14-scaled.jpg 2560w, https:\/\/bisbalpenedes.com\/web\/wp-content\/uploads\/2024\/01\/INAUGURACIO\u0301-PAVELLO\u0301-ESPORTIU-14-300x225.jpg 300w, https:\/\/bisbalpenedes.com\/web\/wp-content\/uploads\/2024\/01\/INAUGURACIO\u0301-PAVELLO\u0301-ESPORTIU-14-1024x768.jpg 1024w, https:\/\/bisbalpenedes.com\/web\/wp-content\/uploads\/2024\/01\/INAUGURACIO\u0301-PAVELLO\u0301-ESPORTIU-14-768x576.jpg 768w, https:\/\/bisbalpenedes.com\/web\/wp-content\/uploads\/2024\/01\/INAUGURACIO\u0301-PAVELLO\u0301-ESPORTIU-14-1536x1152.jpg 1536w, https:\/\/bisbalpenedes.com\/web\/wp-content\/uploads\/2024\/01\/INAUGURACIO\u0301-PAVELLO\u0301-ESPORTIU-14-2048x1536.jpg 2048w, https:\/\/bisbalpenedes.com\/web\/wp-content\/uploads\/2024\/01\/INAUGURACIO\u0301-PAVELLO\u0301-ESPORTIU-14-600x450.jpg 600w\" sizes=\"(max-width: 2560px) 100vw, 2560px\" \/><figcaption>Fotografia de grup de la Joventut Bisbalenca<\/figcaption><\/figure>\n\n\n\n<figure class=\"wp-block-image\"><img loading=\"lazy\" width=\"2048\" height=\"1366\" data-id=\"28873\"  src=\"https:\/\/bisbalpenedes.com\/web\/wp-content\/uploads\/2024\/01\/SECRETS-VINTAGE-2.jpeg\" alt=\"\" class=\"wp-image-28873\" srcset=\"https:\/\/bisbalpenedes.com\/web\/wp-content\/uploads\/2024\/01\/SECRETS-VINTAGE-2.jpeg 2048w, https:\/\/bisbalpenedes.com\/web\/wp-content\/uploads\/2024\/01\/SECRETS-VINTAGE-2-300x200.jpeg 300w, https:\/\/bisbalpenedes.com\/web\/wp-content\/uploads\/2024\/01\/SECRETS-VINTAGE-2-1024x683.jpeg 1024w, https:\/\/bisbalpenedes.com\/web\/wp-content\/uploads\/2024\/01\/SECRETS-VINTAGE-2-768x512.jpeg 768w, https:\/\/bisbalpenedes.com\/web\/wp-content\/uploads\/2024\/01\/SECRETS-VINTAGE-2-1536x1025.jpeg 1536w, https:\/\/bisbalpenedes.com\/web\/wp-content\/uploads\/2024\/01\/SECRETS-VINTAGE-2-600x400.jpeg 600w\" sizes=\"(max-width: 2048px) 100vw, 2048px\" \/><figcaption>Tall de pernil a c\u00e0rrec del Jos\u00e9 de Can Gordei (A Cuchillo&#8230; corte de jam\u00f3n)<\/figcaption><\/figure>\n\n\n\n<figure class=\"wp-block-image\"><img loading=\"lazy\" width=\"2048\" height=\"1366\" data-id=\"28874\"  src=\"https:\/\/bisbalpenedes.com\/web\/wp-content\/uploads\/2024\/01\/SECRETS-VINTAGE.jpeg\" alt=\"\" class=\"wp-image-28874\" srcset=\"https:\/\/bisbalpenedes.com\/web\/wp-content\/uploads\/2024\/01\/SECRETS-VINTAGE.jpeg 2048w, https:\/\/bisbalpenedes.com\/web\/wp-content\/uploads\/2024\/01\/SECRETS-VINTAGE-300x200.jpeg 300w, https:\/\/bisbalpenedes.com\/web\/wp-content\/uploads\/2024\/01\/SECRETS-VINTAGE-1024x683.jpeg 1024w, https:\/\/bisbalpenedes.com\/web\/wp-content\/uploads\/2024\/01\/SECRETS-VINTAGE-768x512.jpeg 768w, https:\/\/bisbalpenedes.com\/web\/wp-content\/uploads\/2024\/01\/SECRETS-VINTAGE-1536x1025.jpeg 1536w, https:\/\/bisbalpenedes.com\/web\/wp-content\/uploads\/2024\/01\/SECRETS-VINTAGE-600x400.jpeg 600w\" sizes=\"(max-width: 2048px) 100vw, 2048px\" \/><figcaption>Refrigeri a c\u00e0rrec de Secrets Vintage<\/figcaption><\/figure>\n\n\n\n<figure class=\"wp-block-image\"><img loading=\"lazy\" width=\"2048\" height=\"1366\" data-id=\"28877\"  src=\"https:\/\/bisbalpenedes.com\/web\/wp-content\/uploads\/2024\/01\/GEGANTERS-I-GRALLERS.jpeg\" alt=\"\" class=\"wp-image-28877\" srcset=\"https:\/\/bisbalpenedes.com\/web\/wp-content\/uploads\/2024\/01\/GEGANTERS-I-GRALLERS.jpeg 2048w, https:\/\/bisbalpenedes.com\/web\/wp-content\/uploads\/2024\/01\/GEGANTERS-I-GRALLERS-300x200.jpeg 300w, https:\/\/bisbalpenedes.com\/web\/wp-content\/uploads\/2024\/01\/GEGANTERS-I-GRALLERS-1024x683.jpeg 1024w, https:\/\/bisbalpenedes.com\/web\/wp-content\/uploads\/2024\/01\/GEGANTERS-I-GRALLERS-768x512.jpeg 768w, https:\/\/bisbalpenedes.com\/web\/wp-content\/uploads\/2024\/01\/GEGANTERS-I-GRALLERS-1536x1025.jpeg 1536w, https:\/\/bisbalpenedes.com\/web\/wp-content\/uploads\/2024\/01\/GEGANTERS-I-GRALLERS-600x400.jpeg 600w\" sizes=\"(max-width: 2048px) 100vw, 2048px\" \/><figcaption>Geganters i grallers de la Societat durant la inauguraci\u00f3<\/figcaption><\/figure>\n\n\n\n<figure class=\"wp-block-image size-large\"><img loading=\"lazy\" width=\"2048\" height=\"1366\" data-id=\"28875\"  src=\"https:\/\/bisbalpenedes.com\/web\/wp-content\/uploads\/2024\/01\/XAVI-I-LAURA-PAVELLO\u0301.jpeg\" alt=\"\" class=\"wp-image-28875\" srcset=\"https:\/\/bisbalpenedes.com\/web\/wp-content\/uploads\/2024\/01\/XAVI-I-LAURA-PAVELLO\u0301.jpeg 2048w, https:\/\/bisbalpenedes.com\/web\/wp-content\/uploads\/2024\/01\/XAVI-I-LAURA-PAVELLO\u0301-300x200.jpeg 300w, https:\/\/bisbalpenedes.com\/web\/wp-content\/uploads\/2024\/01\/XAVI-I-LAURA-PAVELLO\u0301-1024x683.jpeg 1024w, https:\/\/bisbalpenedes.com\/web\/wp-content\/uploads\/2024\/01\/XAVI-I-LAURA-PAVELLO\u0301-768x512.jpeg 768w, https:\/\/bisbalpenedes.com\/web\/wp-content\/uploads\/2024\/01\/XAVI-I-LAURA-PAVELLO\u0301-1536x1025.jpeg 1536w, https:\/\/bisbalpenedes.com\/web\/wp-content\/uploads\/2024\/01\/XAVI-I-LAURA-PAVELLO\u0301-600x400.jpeg 600w\" sizes=\"(max-width: 2048px) 100vw, 2048px\" \/><figcaption>Laura i Xavi durant la inauguraci\u00f3<\/figcaption><\/figure>\n\n\n\n<figure class=\"wp-block-image size-large\"><img loading=\"lazy\" width=\"2048\" height=\"1366\" data-id=\"28876\"  src=\"https:\/\/bisbalpenedes.com\/web\/wp-content\/uploads\/2024\/01\/XAVI-I-LAURA.jpeg\" alt=\"\" class=\"wp-image-28876\" srcset=\"https:\/\/bisbalpenedes.com\/web\/wp-content\/uploads\/2024\/01\/XAVI-I-LAURA.jpeg 2048w, https:\/\/bisbalpenedes.com\/web\/wp-content\/uploads\/2024\/01\/XAVI-I-LAURA-300x200.jpeg 300w, https:\/\/bisbalpenedes.com\/web\/wp-content\/uploads\/2024\/01\/XAVI-I-LAURA-1024x683.jpeg 1024w, https:\/\/bisbalpenedes.com\/web\/wp-content\/uploads\/2024\/01\/XAVI-I-LAURA-768x512.jpeg 768w, https:\/\/bisbalpenedes.com\/web\/wp-content\/uploads\/2024\/01\/XAVI-I-LAURA-1536x1025.jpeg 1536w, https:\/\/bisbalpenedes.com\/web\/wp-content\/uploads\/2024\/01\/XAVI-I-LAURA-600x400.jpeg 600w\" sizes=\"(max-width: 2048px) 100vw, 2048px\" \/><figcaption>Laura i Xavi cantant durant la inauguraci\u00f3<\/figcaption><\/figure>\n\n\n\n<figure class=\"wp-block-image size-large\"><img loading=\"lazy\" width=\"2400\" height=\"1600\" data-id=\"28883\"  src=\"https:\/\/bisbalpenedes.com\/web\/wp-content\/uploads\/2024\/01\/INAUGURACIO\u0301-PAVELLO\u0301-ESPORTIU-5-1.jpg\" alt=\"\" class=\"wp-image-28883\" srcset=\"https:\/\/bisbalpenedes.com\/web\/wp-content\/uploads\/2024\/01\/INAUGURACIO\u0301-PAVELLO\u0301-ESPORTIU-5-1.jpg 2400w, https:\/\/bisbalpenedes.com\/web\/wp-content\/uploads\/2024\/01\/INAUGURACIO\u0301-PAVELLO\u0301-ESPORTIU-5-1-300x200.jpg 300w, https:\/\/bisbalpenedes.com\/web\/wp-content\/uploads\/2024\/01\/INAUGURACIO\u0301-PAVELLO\u0301-ESPORTIU-5-1-1024x683.jpg 1024w, https:\/\/bisbalpenedes.com\/web\/wp-content\/uploads\/2024\/01\/INAUGURACIO\u0301-PAVELLO\u0301-ESPORTIU-5-1-768x512.jpg 768w, https:\/\/bisbalpenedes.com\/web\/wp-content\/uploads\/2024\/01\/INAUGURACIO\u0301-PAVELLO\u0301-ESPORTIU-5-1-1536x1024.jpg 1536w, https:\/\/bisbalpenedes.com\/web\/wp-content\/uploads\/2024\/01\/INAUGURACIO\u0301-PAVELLO\u0301-ESPORTIU-5-1-2048x1365.jpg 2048w, https:\/\/bisbalpenedes.com\/web\/wp-content\/uploads\/2024\/01\/INAUGURACIO\u0301-PAVELLO\u0301-ESPORTIU-5-1-600x400.jpg 600w\" sizes=\"(max-width: 2400px) 100vw, 2400px\" \/><figcaption>Exterior de les instal\u00b7lacions<\/figcaption><\/figure>\n\n\n\n<figure class=\"wp-block-image\"><img loading=\"lazy\" width=\"1280\" height=\"858\" data-id=\"28859\"  src=\"https:\/\/bisbalpenedes.com\/web\/wp-content\/uploads\/2024\/01\/ENTRANT-PAVELLO\u0301-2.jpg\" alt=\"\" class=\"wp-image-28859\" srcset=\"https:\/\/bisbalpenedes.com\/web\/wp-content\/uploads\/2024\/01\/ENTRANT-PAVELLO\u0301-2.jpg 1280w, https:\/\/bisbalpenedes.com\/web\/wp-content\/uploads\/2024\/01\/ENTRANT-PAVELLO\u0301-2-300x201.jpg 300w, https:\/\/bisbalpenedes.com\/web\/wp-content\/uploads\/2024\/01\/ENTRANT-PAVELLO\u0301-2-1024x686.jpg 1024w, https:\/\/bisbalpenedes.com\/web\/wp-content\/uploads\/2024\/01\/ENTRANT-PAVELLO\u0301-2-768x515.jpg 768w, https:\/\/bisbalpenedes.com\/web\/wp-content\/uploads\/2024\/01\/ENTRANT-PAVELLO\u0301-2-600x402.jpg 600w\" sizes=\"(max-width: 1280px) 100vw, 1280px\" \/><figcaption>Entrada al pavell\u00f3 municipal de les autoritats despr\u00e9s de tallar la cinta<\/figcaption><\/figure>\n<\/figure>\n\n\n\n<hr class=\"wp-block-separator has-alpha-channel-opacity\"\/>\n\n\n\n<p><strong>CASTELLANO |<\/strong>&nbsp;La presidenta de la Diputaci\u00f3 de Tarragona, Noem\u00ed Llaurad\u00f3; el representante territorial de Deportes de la Generalitat a Tarragona, Aleix Rom; y la alcaldesa de la Bisbal del Pened\u00e8s, Agn\u00e8s Ferr\u00e9; han inaugurado el pabell\u00f3n deportivo municipal de la Bisbal este domingo 21 de enero. El coste total de estas obras ha sido de 1.656.428,90\u20ac (IVA incluido) y se ha contado con una subvenci\u00f3n del Plan de Acci\u00f3n Municipal (PAM) de la Diputaci\u00f3n de Tarragona por un importe de 150.752\u20ac.<\/p>\n\n\n\n<p>Las obras de la fase 1 del pabell\u00f3n municipal empezaron en octubre del 2022 y han tenido una duraci\u00f3n de poco m\u00e1s de un a\u00f1o. Las actuaciones han incluido la rehabilitaci\u00f3n del pabell\u00f3n deportivo y la construcci\u00f3n de un edificio anexo con la administraci\u00f3n, el control de acceso, el vest\u00edbulo con acceso a las gradas, los vestidores, los servicios higi\u00e9nicos, los pasillos, la enfermer\u00eda y el local de limpieza. Ahora, el Ajuntament de la Bisbal del Pened\u00e8s trabaja para poner en marcha la fase 2, que incluir\u00e1 el edificio de servicios y la zona de bar, aunque la alcaldesa Agn\u00e8s Ferr\u00e9 ha dicho que&nbsp;<em>&#8220;la segunda fase empezar\u00e1 cuando el Tribunal Superior de Justicia de Catalu\u00f1a resuelva un recurso interpuesto por una entidad&#8221;.<\/em><\/p>\n\n\n\n<p>El representante territorial de Deportes de la Generalitat en Tarragona, Aleix Rom, ha dado la enhorabuena al municipio por este nuevo equipamiento y ha destacado que &#8220;<em>todos somos conscientes de que hoy es un d\u00eda hist\u00f3rico para la villa porque se seguir\u00e1n aumentando y promocionando h\u00e1bitos saludables a trav\u00e9s del deporte as\u00ed como din\u00e1micas de cohesi\u00f3n social -gracias a las entidades deportivas- y tambi\u00e9n de dinamizaci\u00f3n econ\u00f3mica y turismo deportivo, que tambi\u00e9n tienen mucha importancia y pondr\u00e1n la Bisbal en el epicentro deportivo del territorio&#8221;.<\/em><\/p>\n\n\n\n<p>Por su parte, la presidenta de la Diputaci\u00f3 de Tarragona, Noem\u00ed Llaurad\u00f3, ha explicado que&nbsp;<em>&#8220;es una ilusi\u00f3n asistir a actos como este porque esta congregaci\u00f3n de gente que hab\u00e9is venido aqu\u00ed refleja la ilusi\u00f3n que ten\u00edais todas y todos porque finalmente se hiciese realidad este proyecto&#8221; y ha a\u00f1adido que &#8220;la Diputaci\u00f3 est\u00e1 muy orgullosa de haber colaborado econ\u00f3micamente porque creemos que es muy importante que desde nuestra instituci\u00f3n estemos al lado de los pueblos, los municipios y de sus comarcas, y es una satisfacci\u00f3n para nosotros cuando podemos venir a ver c\u00f3mo se ha hecho tangible esta colaboraci\u00f3n&#8221;.<\/em>&nbsp;Llaurad\u00f3 ha remarcado que&nbsp;<em>&#8220;estas instalaciones van m\u00e1s all\u00e1 de un espacio f\u00edsico: incluyen aquello que pasar\u00e1 dentro, lo que ayer empez\u00f3 a pasar y lo que pasar\u00e1 en los siguientes meses. Todos los equipamientos son importantes, pero los equipamientos deportivos tienen un impacto directo en promover la salud y mejorar la calidad de vida de las personas&#8221;.<\/em><\/p>\n\n\n\n<p>La alcaldesa de la Bisbal del Pened\u00e8s, Agn\u00e8s Ferr\u00e9, ha explicado que&nbsp;<em>&#8220;hoy es un d\u00eda muy especial para el equipo de gobierno porque se termina una primera fase que ha tenido unas dificultades que se han podido superar por el buen entendimiento que ha habido entre los t\u00e9cnicos municipales, los directores de obras y la empresa ejecutora&#8221;.<\/em>&nbsp;Ferr\u00e9 ha hecho un repaso a la historia de este equipamiento -que antes era privado y que, desde hace unos a\u00f1os, es municipal- y ha recordado al concejal Pere Saumoy,&nbsp;<em>&#8220;que tambi\u00e9n nos acompa\u00f1\u00f3 en este proyecto como concejal y que por desgracia nos dej\u00f3 hace unos meses. Hoy estar\u00eda muy contento de estar aqu\u00ed con nosotros&#8221;.<\/em><\/p>\n\n\n\n<p>Por su parte, el concejal de Deportes, Joan Gimeno, se ha mostrado -como \u00e9l mismo ha reconocido- &#8220;emocionado y motivado con este nuevo espacio, que es para todos los vecinos de la Bisbal&#8221;. Gimeno ha agradecido el trabajo de la anterior concejala de Deportes, Leo Uceda, y del resto del equipo de gobierno del mandato anterior y ha dado las gracias a la alcaldesa Agn\u00e8s Ferr\u00e9 por&nbsp;<em>&#8220;hacer crecer la Bisbal&#8221;.<\/em>&nbsp;El concejal bisbalenc ha explicado que&nbsp;<em>&#8220;Tiene muchos recuerdos de venir al pabell\u00f3n deportivo a la hora del patio cuando era peque\u00f1o, cuando llov\u00eda, de haber visto exhibiciones de patinaje y taekwondo o de haber hecho partidos de f\u00fatbol sala&#8221;,&nbsp;<\/em>unos momentos que espera que ahora, con este equipamiento totalmente reformado, se puedan volver a repetir.<\/p>\n\n\n\n<p>Las actividades con motivo de la inauguraci\u00f3n del pabell\u00f3n empezaron el s\u00e1bado con una yincana deportiva para familias organizada desde el Consell Esportiu del Baix Pened\u00e8s, una exhibici\u00f3n de baloncesto con los Orange Stars, los partidos de tenis de mesa con los campeones locales Alfredo Juan y Josep Mart\u00ednez (Pepitu) del Club Tennis Taula Vilafranca y una sesi\u00f3n de yoga con la empresa de la Bisbal Mi Ser Bienestar. El domingo por la ma\u00f1ana, se cort\u00f3 la cinta inaugural, se descubri\u00f3 la placa conmemorativa y, a continuaci\u00f3n, se hicieron los parlamentos institucionales, que terminaron con &#8216;El cant dels Segadors&#8217;. A continuaci\u00f3n los bisbalencs Javi y Laura interpretaron dos piezas musicales con guitarra y voz y los asistentes pudieron disfrutar de las actuaciones de distintas entidades de cultura popular con el Ball de Diables de la Bisbal, la Colla Castellera de la Bisbal (Bous) y los Geganters i Grallers de la Societat. Las personas que vinieron a la inauguraci\u00f3n pudieron hacer un peque\u00f1o aperitivo, de pie, servido por la empresa con v\u00ednculos en el municipio &#8216;Secrets Vintage&#8217; y los m\u00e1s peque\u00f1os tambi\u00e9n jugaron en los inflables deportivos que se instalaron en el exterior del pabell\u00f3n. Los actos con motivo de la inauguraci\u00f3n finalizaron el domingo al anochecer con el interclub de boxeo organizado por el Club de Boxa Albinyana. Cabe decir que durante todo el fin de semana se han llevado a cabo visitas para conocer todo el equipamiento y que, estas, han contado con la asistencia de medio millar de personas.<\/p>\n","protected":false},"excerpt":{"rendered":"<p>La&nbsp;presidenta de la Diputaci\u00f3 de Tarragona, Noem\u00ed Llaurad\u00f3;&nbsp;el representant territorial d&#8217;Esports de la Generalitat a Tarragona, Aleix Rom;&nbsp;&nbsp;i l&#8217;alcaldessa de la Bisbal del Pened\u00e8s, Agn\u00e8s Ferr\u00e9; han inaugurat el pavell\u00f3 &hellip; <a href=\"https:\/\/bisbalpenedes.com\/web\/2024\/01\/26\/la-bisbal-del-penedes-ha-inaugurat-el-pavello-municipal-aquest-cap-de-setmana-amb-una-gran-festa-de-lesport%ef%bf%bc\/\" class=\"more-link\">Read More<\/a><\/p>\n","protected":false},"author":4,"featured_media":28857,"comment_status":"closed","ping_status":"closed","sticky":false,"template":"","format":"standard","meta":[],"categories":[19,8,15],"tags":[459,410,393,5810,1374,483],"_links":{"self":[{"href":"https:\/\/bisbalpenedes.com\/web\/wp-json\/wp\/v2\/posts\/28844"}],"collection":[{"href":"https:\/\/bisbalpenedes.com\/web\/wp-json\/wp\/v2\/posts"}],"about":[{"href":"https:\/\/bisbalpenedes.com\/web\/wp-json\/wp\/v2\/types\/post"}],"author":[{"embeddable":true,"href":"https:\/\/bisbalpenedes.com\/web\/wp-json\/wp\/v2\/users\/4"}],"replies":[{"embeddable":true,"href":"https:\/\/bisbalpenedes.com\/web\/wp-json\/wp\/v2\/comments?post=28844"}],"version-history":[{"count":5,"href":"https:\/\/bisbalpenedes.com\/web\/wp-json\/wp\/v2\/posts\/28844\/revisions"}],"predecessor-version":[{"id":28885,"href":"https:\/\/bisbalpenedes.com\/web\/wp-json\/wp\/v2\/posts\/28844\/revisions\/28885"}],"wp:featuredmedia":[{"embeddable":true,"href":"https:\/\/bisbalpenedes.com\/web\/wp-json\/wp\/v2\/media\/28857"}],"wp:attachment":[{"href":"https:\/\/bisbalpenedes.com\/web\/wp-json\/wp\/v2\/media?parent=28844"}],"wp:term":[{"taxonomy":"category","embeddable":true,"href":"https:\/\/bisbalpenedes.com\/web\/wp-json\/wp\/v2\/categories?post=28844"},{"taxonomy":"post_tag","embeddable":true,"href":"https:\/\/bisbalpenedes.com\/web\/wp-json\/wp\/v2\/tags?post=28844"}],"curies":[{"name":"wp","href":"https:\/\/api.w.org\/{rel}","templated":true}]}}