{"id":28838,"date":"2024-01-23T22:52:15","date_gmt":"2024-01-23T20:52:15","guid":{"rendered":"https:\/\/bisbalpenedes.com\/web\/?p=28838"},"modified":"2024-01-23T22:54:32","modified_gmt":"2024-01-23T20:54:32","slug":"lajuntament-de-la-bisbal-abonara-1-32785e-per-cobrir-les-despeses-del-gos-trobat-dies-enrere-a-la-bisbal-del-penedes","status":"publish","type":"post","link":"https:\/\/bisbalpenedes.com\/web\/2024\/01\/23\/lajuntament-de-la-bisbal-abonara-1-32785e-per-cobrir-les-despeses-del-gos-trobat-dies-enrere-a-la-bisbal-del-penedes\/","title":{"rendered":"L&#8217;Ajuntament de la Bisbal abonar\u00e0 1.327,85\u20ac per cobrir les despeses del gos trobat dies enrere a la Bisbal del Pened\u00e8s"},"content":{"rendered":"\n<p>El regidor de Benestar Animal, Daniel Caballero, i el Joan Banach, gerent de la Cl\u00ednica veterin\u00e0ria CanBanach +Vets; s\u2019han reunit avui dimarts per parlar del dogo que dies enrere es va trobar, en molt mal estat de salut, al cam\u00ed del cementiri. CanBanach +Vets ha assumit una part de les despeses cl\u00edniques de l\u2019animal i l\u2019Ajuntament de la Bisbal pagar\u00e0 1.327,85\u20ac (IVA incl\u00f2s) per totes les atencions que ha rebut l\u2019animal fins a la data d\u2019avui. Aquest import tamb\u00e9 inclou les despeses de manutenci\u00f3 de l\u2019animal durant els pr\u00f2xims tres mesos, la vacunaci\u00f3 i el xip. A dia d\u2019avui el gos encara est\u00e0 a Can Banach +Vets i est\u00e0 previst que aviat sigui traslladat a una protectora d\u2019animals, on s\u2019acabar\u00e0 de recuperar. Una vegada s\u2019hagi recuperat del tot s\u2019iniciar\u00e0 el proc\u00e9s d\u2019adopci\u00f3 del gos.<\/p>\n\n\n\n<p>Des d\u2019aqu\u00ed volem agrair l\u2019enorme tasca que ha fet Can Banach +Vets amb aquest gos des del primer dia. Sou un exemple de professionalitat i unes persones excepcionals!<\/p>\n\n\n\n<hr class=\"wp-block-separator has-alpha-channel-opacity\"\/>\n\n\n\n<p><strong>CASTELLANO |\u00a0<\/strong>El concejal de Bienestar Animal, Daniel Caballero, y el gerente de la Cl\u00ednica veterin\u00e0ria CanBanach +Vets, Joan Banach; se han reunido hoy martes para hablar del dogo que d\u00edas atr\u00e1s se encontr\u00f3, en muy mal estado de salud, en el camino del cementerio. Can Banach +Vets ha asumido una parte de los gestos cl\u00ednicos del animal y el Ayuntamiento de la Bisbal pagar\u00e1 1.327,85\u20ac (IVA incluido) por todas las atenciones que ha recibido el animal hasta la fecha de hoy. Este importe tambi\u00e9n incluye los gestos de manutenci\u00f3n del animal durante los pr\u00f3ximos tres meses, la vacunaci\u00f3n y el chip. En estos momentos el perro todav\u00eda est\u00e1 en Can Banach +Vets y est\u00e1 previsto que pronto sea trasladado a una protectora de animales, donde terminar\u00e1 de recuperarse. Cuando se haya recuperado del todo, se iniciar\u00e1 el proceso de adopci\u00f3n del perro.<\/p>\n\n\n\n<p>Desde aqu\u00ed queremos agradecer el enorme Trabajo que ha hecho Can Banach +Vets con este perro desde el primer d\u00eda. \u00a1Sois un ejemplo de profesionalidad y unes personas excepcionales!<\/p>\n","protected":false},"excerpt":{"rendered":"<p>El regidor de Benestar Animal, Daniel Caballero, i el Joan Banach, gerent de la Cl\u00ednica veterin\u00e0ria CanBanach +Vets; s\u2019han reunit avui dimarts per parlar del dogo que dies enrere es &hellip; <a href=\"https:\/\/bisbalpenedes.com\/web\/2024\/01\/23\/lajuntament-de-la-bisbal-abonara-1-32785e-per-cobrir-les-despeses-del-gos-trobat-dies-enrere-a-la-bisbal-del-penedes\/\" class=\"more-link\">Read More<\/a><\/p>\n","protected":false},"author":4,"featured_media":28839,"comment_status":"closed","ping_status":"closed","sticky":false,"template":"","format":"standard","meta":[],"categories":[6117,8],"tags":[459,6437,6439,3139,6438,6440,393,1374,437],"_links":{"self":[{"href":"https:\/\/bisbalpenedes.com\/web\/wp-json\/wp\/v2\/posts\/28838"}],"collection":[{"href":"https:\/\/bisbalpenedes.com\/web\/wp-json\/wp\/v2\/posts"}],"about":[{"href":"https:\/\/bisbalpenedes.com\/web\/wp-json\/wp\/v2\/types\/post"}],"author":[{"embeddable":true,"href":"https:\/\/bisbalpenedes.com\/web\/wp-json\/wp\/v2\/users\/4"}],"replies":[{"embeddable":true,"href":"https:\/\/bisbalpenedes.com\/web\/wp-json\/wp\/v2\/comments?post=28838"}],"version-history":[{"count":3,"href":"https:\/\/bisbalpenedes.com\/web\/wp-json\/wp\/v2\/posts\/28838\/revisions"}],"predecessor-version":[{"id":28842,"href":"https:\/\/bisbalpenedes.com\/web\/wp-json\/wp\/v2\/posts\/28838\/revisions\/28842"}],"wp:featuredmedia":[{"embeddable":true,"href":"https:\/\/bisbalpenedes.com\/web\/wp-json\/wp\/v2\/media\/28839"}],"wp:attachment":[{"href":"https:\/\/bisbalpenedes.com\/web\/wp-json\/wp\/v2\/media?parent=28838"}],"wp:term":[{"taxonomy":"category","embeddable":true,"href":"https:\/\/bisbalpenedes.com\/web\/wp-json\/wp\/v2\/categories?post=28838"},{"taxonomy":"post_tag","embeddable":true,"href":"https:\/\/bisbalpenedes.com\/web\/wp-json\/wp\/v2\/tags?post=28838"}],"curies":[{"name":"wp","href":"https:\/\/api.w.org\/{rel}","templated":true}]}}