{"id":28830,"date":"2024-01-22T18:19:00","date_gmt":"2024-01-22T16:19:00","guid":{"rendered":"https:\/\/bisbalpenedes.com\/web\/?p=28830"},"modified":"2024-01-23T14:25:22","modified_gmt":"2024-01-23T12:25:22","slug":"aquest-dimecres-24-de-gener-a-les-20h-es-presentara-el-protocol-de-la-diada-castellera-del-15-dagost","status":"publish","type":"post","link":"https:\/\/bisbalpenedes.com\/web\/2024\/01\/22\/aquest-dimecres-24-de-gener-a-les-20h-es-presentara-el-protocol-de-la-diada-castellera-del-15-dagost\/","title":{"rendered":"Aquest dimecres 24 de gener a les 20h es presentar\u00e0 el protocol de la diada castellera del 15 d&#8217;agost"},"content":{"rendered":"\n<p>Aquest dimecres 24 de gener, a les 20h, el CMC acollir\u00e0 la presentaci\u00f3 del nou protocol de la diada castellera del 15 d&#8217;agost de la Bisbal del Pened\u00e8s. Comptarem amb la pres\u00e8ncia de totes les colles participants. Us hi esperem!<\/p>\n\n\n\n<p>El protocol de la diada castellera del 15 d\u2019agost neix de la necessitat d\u2019establir el funcionament de la diada de la Bisbal del Pened\u00e8s, per millorar-ne el ritme i adaptar-la a les necessitats actuals. Amb el protocol, s\u2019agilitza, es clarifica i es modernitza la diada castellera.<\/p>\n\n\n\n<p>Aquest protocol s\u2019ha confeccionat despr\u00e9s que l\u2019alcaldessa Agn\u00e8s Ferr\u00e9 i la regidora de Cultura, Judith Vidal, hagin mantingut diverses reunions amb la Colla Castellera de la Bisbal del Pened\u00e8s (Bous). A m\u00e9s, els Castellers de Vilafranca, la Colla Vella dels Xiquets de Valls i la Colla Joves Xiquets de Valls, que participen en la diada del 15 d\u2019agost, han tingut acc\u00e9s al document, l\u2019han revisat i han pogut fer les seves aportacions, amb la finalitat que hi hagi consens entre totes les colles participants de la diada castellera.<\/p>\n\n\n\n<hr class=\"wp-block-separator has-alpha-channel-opacity\"\/>\n\n\n\n<p><strong>CASTELLANO |<\/strong> Este mi\u00e9rcoles 24 de enero, a las 20h, el CMC acoger\u00e1 la presentaci\u00f3n del nuevo protocolo de la diada castellera del 15 de agosto de la Bisbal del Pened\u00e8s. Contaremos con la presencia de todas las &#8216;collas&#8217; participantes. \u00a1Os esperamos!<\/p>\n\n\n\n<p>El protocolo de la diada castellera del 15 de agosto nace de la necesidad de establecer el funcionamiento de la diada de la Bisbal del Pened\u00e8s, para mejorar el ritmo y adaptarla a las necesidades actuales. Con el protocolo, se agiliza, se clarifica y se moderniza la diada castellera.<\/p>\n\n\n\n<p>Este protocolo se ha confeccionado despu\u00e9s de que la alcaldesa Agn\u00e8s Ferr\u00e9 y la concejala de Cultura, Judith Vidal, hayan mantenido varias reuniones con la Colla Castellera de la Bisbal del Pened\u00e8s (Bous). Adem\u00e1s, los Castellers de Vilafranca, la Colla Vella dels Xiquets de Valls y la Colla Joves Xiquets de Valls, que participan en la diada del 15 de agosto, han tenido acceso al documento, lo han revisado y han podido hacer sus aportaciones con la finalidad de que haya consenso entre todas las &#8216;collas&#8217; participantes en la diada castellera.<\/p>\n\n\n\n<p><em>Foto d&#8217;arxiu\/Foto de archivo<\/em><\/p>\n","protected":false},"excerpt":{"rendered":"<p>Aquest dimecres 24 de gener, a les 20h, el CMC acollir\u00e0 la presentaci\u00f3 del nou protocol de la diada castellera del 15 d&#8217;agost de la Bisbal del Pened\u00e8s. Comptarem amb &hellip; <a href=\"https:\/\/bisbalpenedes.com\/web\/2024\/01\/22\/aquest-dimecres-24-de-gener-a-les-20h-es-presentara-el-protocol-de-la-diada-castellera-del-15-dagost\/\" class=\"more-link\">Read More<\/a><\/p>\n","protected":false},"author":4,"featured_media":28831,"comment_status":"closed","ping_status":"closed","sticky":false,"template":"","format":"standard","meta":[],"categories":[2942,13,8],"tags":[377,379,1220,691,393,6435],"_links":{"self":[{"href":"https:\/\/bisbalpenedes.com\/web\/wp-json\/wp\/v2\/posts\/28830"}],"collection":[{"href":"https:\/\/bisbalpenedes.com\/web\/wp-json\/wp\/v2\/posts"}],"about":[{"href":"https:\/\/bisbalpenedes.com\/web\/wp-json\/wp\/v2\/types\/post"}],"author":[{"embeddable":true,"href":"https:\/\/bisbalpenedes.com\/web\/wp-json\/wp\/v2\/users\/4"}],"replies":[{"embeddable":true,"href":"https:\/\/bisbalpenedes.com\/web\/wp-json\/wp\/v2\/comments?post=28830"}],"version-history":[{"count":3,"href":"https:\/\/bisbalpenedes.com\/web\/wp-json\/wp\/v2\/posts\/28830\/revisions"}],"predecessor-version":[{"id":28834,"href":"https:\/\/bisbalpenedes.com\/web\/wp-json\/wp\/v2\/posts\/28830\/revisions\/28834"}],"wp:featuredmedia":[{"embeddable":true,"href":"https:\/\/bisbalpenedes.com\/web\/wp-json\/wp\/v2\/media\/28831"}],"wp:attachment":[{"href":"https:\/\/bisbalpenedes.com\/web\/wp-json\/wp\/v2\/media?parent=28830"}],"wp:term":[{"taxonomy":"category","embeddable":true,"href":"https:\/\/bisbalpenedes.com\/web\/wp-json\/wp\/v2\/categories?post=28830"},{"taxonomy":"post_tag","embeddable":true,"href":"https:\/\/bisbalpenedes.com\/web\/wp-json\/wp\/v2\/tags?post=28830"}],"curies":[{"name":"wp","href":"https:\/\/api.w.org\/{rel}","templated":true}]}}