{"id":28817,"date":"2024-01-18T19:49:19","date_gmt":"2024-01-18T17:49:19","guid":{"rendered":"https:\/\/bisbalpenedes.com\/web\/?p=28817"},"modified":"2024-01-19T13:15:22","modified_gmt":"2024-01-19T11:15:22","slug":"avis-per-talls-intermitents-en-el-subministrament-daigua-al-sector-c-del-priorat","status":"publish","type":"post","link":"https:\/\/bisbalpenedes.com\/web\/2024\/01\/18\/avis-per-talls-intermitents-en-el-subministrament-daigua-al-sector-c-del-priorat\/","title":{"rendered":"Av\u00eds per talls intermitents en el subministrament d&#8217;aigua al sector C del Priorat"},"content":{"rendered":"\n<p>L\u2019Ajuntament de la Bisbal del Pened\u00e8s us informa que amb motiu de les obres de millora de la instal\u00b7laci\u00f3 d\u2019aigua del Priorat de la Bisbal, aquest divendres 19 de gener de 8 a 15h, s\u2019efectuaran suspensions intermitents del subministrament d\u2019aigua al sector C del barri, als carrers Teruel, Huesca, la Coru\u00f1a, Zaragoza, Lugo, Orense, Pontevedra i Toledo.<\/p>\n\n\n\n<p>Tamb\u00e9 hi haur\u00e0 talls intermitents en la mateixa zona el dilluns 22, el dimarts 23 i el dimecres 24 de gener. Disculpeu les mol\u00e8sties.<\/p>\n\n\n\n<hr class=\"wp-block-separator has-alpha-channel-opacity\"\/>\n\n\n\n<p><strong>CASTELLANO |<\/strong>\u00a0El Ayuntamiento de la Bisbal del Pened\u00e8s os informa que con motivo de las obras de mejora de la instalaci\u00f3n de agua del Priorat de la Bisbal, este viernes 19 de enero, de 8 a 15h, se efectuar\u00e1n suspensiones intermitentes del suministro de agua en el sector C del barrio, en las calles Teruel, Huesca, la Coru\u00f1a, Zaragoza, Lugo, Orense, Pontevedra y Toledo.<\/p>\n\n\n\n<p>Tambi\u00e9n habr\u00e1 cortes intermitentes en la misma zona el lunes 22, el martes 23 y el mi\u00e9rcoles 24 de erero. Disculpad las molestias.<\/p>\n\n\n\n<figure class=\"wp-block-image size-large\"><img loading=\"lazy\" width=\"1024\" height=\"1024\" src=\"https:\/\/bisbalpenedes.com\/web\/wp-content\/uploads\/2024\/01\/talls-aigua-setmana-vinent-22-25-gener--1024x1024.png\" alt=\"\" class=\"wp-image-28822\" srcset=\"https:\/\/bisbalpenedes.com\/web\/wp-content\/uploads\/2024\/01\/talls-aigua-setmana-vinent-22-25-gener--1024x1024.png 1024w, https:\/\/bisbalpenedes.com\/web\/wp-content\/uploads\/2024\/01\/talls-aigua-setmana-vinent-22-25-gener--300x300.png 300w, https:\/\/bisbalpenedes.com\/web\/wp-content\/uploads\/2024\/01\/talls-aigua-setmana-vinent-22-25-gener--150x150.png 150w, https:\/\/bisbalpenedes.com\/web\/wp-content\/uploads\/2024\/01\/talls-aigua-setmana-vinent-22-25-gener--768x768.png 768w, https:\/\/bisbalpenedes.com\/web\/wp-content\/uploads\/2024\/01\/talls-aigua-setmana-vinent-22-25-gener--600x600.png 600w, https:\/\/bisbalpenedes.com\/web\/wp-content\/uploads\/2024\/01\/talls-aigua-setmana-vinent-22-25-gener--100x100.png 100w, https:\/\/bisbalpenedes.com\/web\/wp-content\/uploads\/2024\/01\/talls-aigua-setmana-vinent-22-25-gener-.png 1080w\" sizes=\"(max-width: 1024px) 100vw, 1024px\" \/><\/figure>\n","protected":false},"excerpt":{"rendered":"<p>L\u2019Ajuntament de la Bisbal del Pened\u00e8s us informa que amb motiu de les obres de millora de la instal\u00b7laci\u00f3 d\u2019aigua del Priorat de la Bisbal, aquest divendres 19 de gener &hellip; <a href=\"https:\/\/bisbalpenedes.com\/web\/2024\/01\/18\/avis-per-talls-intermitents-en-el-subministrament-daigua-al-sector-c-del-priorat\/\" class=\"more-link\">Read More<\/a><\/p>\n","protected":false},"author":4,"featured_media":28818,"comment_status":"closed","ping_status":"closed","sticky":false,"template":"","format":"standard","meta":[],"categories":[1628,8,3352,15],"tags":[161,649,459,393,21,520,160],"_links":{"self":[{"href":"https:\/\/bisbalpenedes.com\/web\/wp-json\/wp\/v2\/posts\/28817"}],"collection":[{"href":"https:\/\/bisbalpenedes.com\/web\/wp-json\/wp\/v2\/posts"}],"about":[{"href":"https:\/\/bisbalpenedes.com\/web\/wp-json\/wp\/v2\/types\/post"}],"author":[{"embeddable":true,"href":"https:\/\/bisbalpenedes.com\/web\/wp-json\/wp\/v2\/users\/4"}],"replies":[{"embeddable":true,"href":"https:\/\/bisbalpenedes.com\/web\/wp-json\/wp\/v2\/comments?post=28817"}],"version-history":[{"count":3,"href":"https:\/\/bisbalpenedes.com\/web\/wp-json\/wp\/v2\/posts\/28817\/revisions"}],"predecessor-version":[{"id":28824,"href":"https:\/\/bisbalpenedes.com\/web\/wp-json\/wp\/v2\/posts\/28817\/revisions\/28824"}],"wp:featuredmedia":[{"embeddable":true,"href":"https:\/\/bisbalpenedes.com\/web\/wp-json\/wp\/v2\/media\/28818"}],"wp:attachment":[{"href":"https:\/\/bisbalpenedes.com\/web\/wp-json\/wp\/v2\/media?parent=28817"}],"wp:term":[{"taxonomy":"category","embeddable":true,"href":"https:\/\/bisbalpenedes.com\/web\/wp-json\/wp\/v2\/categories?post=28817"},{"taxonomy":"post_tag","embeddable":true,"href":"https:\/\/bisbalpenedes.com\/web\/wp-json\/wp\/v2\/tags?post=28817"}],"curies":[{"name":"wp","href":"https:\/\/api.w.org\/{rel}","templated":true}]}}