{"id":28810,"date":"2024-01-18T14:01:04","date_gmt":"2024-01-18T12:01:04","guid":{"rendered":"https:\/\/bisbalpenedes.com\/web\/?p=28810"},"modified":"2024-01-18T14:11:19","modified_gmt":"2024-01-18T12:11:19","slug":"el-consell-dalcaldes-del-consell-comarcal-del-baix-penedes-demana-mes-mossos-i-bombers-a-interior","status":"publish","type":"post","link":"https:\/\/bisbalpenedes.com\/web\/2024\/01\/18\/el-consell-dalcaldes-del-consell-comarcal-del-baix-penedes-demana-mes-mossos-i-bombers-a-interior\/","title":{"rendered":"<strong>El Consell d&#8217;Alcaldes del Consell Comarcal del Baix Pened\u00e8s demana m\u00e9s mossos i bombers a interior<\/strong>"},"content":{"rendered":"\n<p>Aquest dimecres 17 de gener, el Consell d&#8217;Alcaldes del Baix Pened\u00e8s, del que forma part l&#8217;alcaldessa Agn\u00e8s Ferr\u00e9, s&#8217;ha reunit amb el conseller d&#8217;Interior, Joan Ignasi Elena. Durant la trobada, el Consell d&#8217;Alcaldes li ha demanat un augment d&#8217;efectius de Mossos d&#8217;Esquadra per prevenir i lluitar contra els robatoris i els problemes de seguretat de la comarca, aix\u00ed com una ampliaci\u00f3 de la plantilla del parc de bombers del Vendrell, que presta servei a tot el Baix Pened\u00e8s. El conseller Elena s&#8217;ha comprom\u00e8s a ampliar la plantilla de Mossos amb 21 agents nous entre aquest any i el vinent i tamb\u00e9 a ampliar la plantilla del parc de Bombers del Vendrell de cara al 2025, de tal manera que hi hagi un m\u00ednim de sis efectius per torn.<\/p>\n\n\n\n<p>El president del Consell Comarcal del Baix Pened\u00e8s, Ramon Ferr\u00e9, ha demanat al conseller una bona planificaci\u00f3 de cara al futur per dotar la comarca dels serveis p\u00fablics necessaris per garantir la seguretat, amb m\u00e9s patrulles al carrer. Ferr\u00e9 ha recordat que el Baix Pened\u00e8s \u00e9s la comarca que m\u00e9s creix de Catalunya i <em>&#8220;necessitem que els serveis p\u00fablics es dimensionin per donar el servei que la comarca es mereix. Calen m\u00e9s mossos, bombers, per\u00f2 tamb\u00e9 metges i infermeres&#8221;.<\/em><\/p>\n\n\n\n<p>Per la seva banda, l&#8217;alcaldessa de la Bisbal del Pened\u00e8s, Agn\u00e8s Ferr\u00e9, considera que <em>&#8220;tenim uns excel\u00b7lents professionals als cossos de Mossos d&#8217;Esquadra i de Bombers de la comarca, per\u00f2 ens falten m\u00e9s efectius per al servei de proximitat als municipis de l&#8217;interior de la comarca&#8221;.<\/em> Agn\u00e8s Ferr\u00e9 ha afegit que <em>&#8220;esperem que aquests increments d&#8217;efectius arribin aviat per resoldre algunes de les problem\u00e0tiques que tenim a la comarca, com s\u00f3n els temes de seguretat ciutadana o l&#8217;elevat risc d&#8217;incendi, que s&#8217;ha vist incrementat amb la sequera&#8221;.<\/em><\/p>\n\n\n\n<p>&#8212;<\/p>\n\n\n\n<p><strong>CASTELLANO |<\/strong> Este mi\u00e9rcoles 17 de enero, el Consell d&#8217;Alcaldes del Baix Pened\u00e8s, del que forma parte la alcaldesa Agn\u00e8s Ferr\u00e9, se ha reunido con el conseller de Interior, Joan Ignasi Elena. Durante el encuentro, el Consell d&#8217;Alcaldes le ha pedido un aumento de efectivos de Mossos d&#8217;Esquadra para prevenir y luchar contra los robos y los problemas de seguridad de la comarca, as\u00ed como una ampliaci\u00f3n de la plantilla del parque de bomberos del Vendrell, que presta servicio a todo el Baix Pened\u00e8s. El <em>conseller <\/em>Elena se ha comprometido a ampliar la plantilla de Mossos con 21 agentes nuevos entre este a\u00f1o y el que viene y tambi\u00e9n a ampliar la plantilla del parque de Bombers del Vendrell de cara al 2025, de tal manera que haya un m\u00ednimo de seis efectivos por turno.<\/p>\n\n\n\n<p>El presidente del Consell Comarcal del Baix Pened\u00e8s, Ramon Ferr\u00e9, le ha pedido al <em>conseller<\/em> una buena planificaci\u00f3n de cara al futuro para dotar la comarca de los servicios p\u00fablicos necesarios para garantizar la seguridad, con m\u00e1s patrullas en la calle. Ferr\u00e9 ha recordado que el Baix Pened\u00e8s es la comarca que m\u00e1s crece en Catalunya y <em>&#8220;necesitamos que los servicios p\u00fablicos se dimensionen para dar el servicio que la comarca se merece&#8221;. Hacen falta m\u00e1s mossos, bomberos, pero tambi\u00e9n m\u00e9dicos y enfermeras&#8221;.<\/em><\/p>\n\n\n\n<p>Por su parte, la alcaldesa de la Bisbal del Pened\u00e8s, Agn\u00e8s Ferr\u00e9, considera que <em>&#8220;tenemos unos excelentes profesionales en los cuerpos de Mossos d&#8217;Esquadra y Bombers de la comarca, pero nos faltan m\u00e1s efectivos para el servicio de proximidad en los municipios del interior de la comarca&#8221;<\/em>. Agn\u00e8s Ferr\u00e9 ha a\u00f1adido que <em>&#8220;esperamos que estos incrementos de efectivos lleguen pronto para resolver algunas de las problem\u00e1ticas que tenemos en la comarca, como son los temas de seguridad ciudadana o el elevado riesgo de incendio, que se ha visto incrementado con la sequ\u00eda&#8221;.<\/em><\/p>\n","protected":false},"excerpt":{"rendered":"<p>Aquest dimecres 17 de gener, el Consell d&#8217;Alcaldes del Baix Pened\u00e8s, del que forma part l&#8217;alcaldessa Agn\u00e8s Ferr\u00e9, s&#8217;ha reunit amb el conseller d&#8217;Interior, Joan Ignasi Elena. Durant la trobada, &hellip; <a href=\"https:\/\/bisbalpenedes.com\/web\/2024\/01\/18\/el-consell-dalcaldes-del-consell-comarcal-del-baix-penedes-demana-mes-mossos-i-bombers-a-interior\/\" class=\"more-link\">Read More<\/a><\/p>\n","protected":false},"author":4,"featured_media":28811,"comment_status":"closed","ping_status":"closed","sticky":false,"template":"","format":"standard","meta":[],"categories":[2057,3137,8],"tags":[1151,459,3651,1056,6431,6433,6434,6432,3306,6327],"_links":{"self":[{"href":"https:\/\/bisbalpenedes.com\/web\/wp-json\/wp\/v2\/posts\/28810"}],"collection":[{"href":"https:\/\/bisbalpenedes.com\/web\/wp-json\/wp\/v2\/posts"}],"about":[{"href":"https:\/\/bisbalpenedes.com\/web\/wp-json\/wp\/v2\/types\/post"}],"author":[{"embeddable":true,"href":"https:\/\/bisbalpenedes.com\/web\/wp-json\/wp\/v2\/users\/4"}],"replies":[{"embeddable":true,"href":"https:\/\/bisbalpenedes.com\/web\/wp-json\/wp\/v2\/comments?post=28810"}],"version-history":[{"count":4,"href":"https:\/\/bisbalpenedes.com\/web\/wp-json\/wp\/v2\/posts\/28810\/revisions"}],"predecessor-version":[{"id":28815,"href":"https:\/\/bisbalpenedes.com\/web\/wp-json\/wp\/v2\/posts\/28810\/revisions\/28815"}],"wp:featuredmedia":[{"embeddable":true,"href":"https:\/\/bisbalpenedes.com\/web\/wp-json\/wp\/v2\/media\/28811"}],"wp:attachment":[{"href":"https:\/\/bisbalpenedes.com\/web\/wp-json\/wp\/v2\/media?parent=28810"}],"wp:term":[{"taxonomy":"category","embeddable":true,"href":"https:\/\/bisbalpenedes.com\/web\/wp-json\/wp\/v2\/categories?post=28810"},{"taxonomy":"post_tag","embeddable":true,"href":"https:\/\/bisbalpenedes.com\/web\/wp-json\/wp\/v2\/tags?post=28810"}],"curies":[{"name":"wp","href":"https:\/\/api.w.org\/{rel}","templated":true}]}}