{"id":28804,"date":"2024-01-18T13:22:55","date_gmt":"2024-01-18T11:22:55","guid":{"rendered":"https:\/\/bisbalpenedes.com\/web\/?p=28804"},"modified":"2024-01-18T13:22:55","modified_gmt":"2024-01-18T11:22:55","slug":"agenda-primera-sessio-de-lany-del-cicle-llegir-lopera-dilluns-22-de-gener-a-les-18-15h","status":"publish","type":"post","link":"https:\/\/bisbalpenedes.com\/web\/2024\/01\/18\/agenda-primera-sessio-de-lany-del-cicle-llegir-lopera-dilluns-22-de-gener-a-les-18-15h\/","title":{"rendered":"Agenda &#8211; Primera sessi\u00f3 de l&#8217;any del cicle &#8216;Llegir l&#8217;\u00d2pera&#8221;: dilluns 22 de gener a les 18.15h"},"content":{"rendered":"\n<p>El dilluns 22 de gener, a les 18:15h, se celebrar\u00e0 la primera sessi\u00f3 d\u2019aquest 2024 del cicle Llegir l\u2019\u00d2pera de la <a href=\"https:\/\/www.facebook.com\/BibliotecaBisbal?__cft__[0]=AZWxwPVQtWFKNtzsjuGsAdVbXjTLNJUaAitRJe_inMNFn-33s7iAnJ_wPvql9GWempoy3mRP6YAnB155pobO6QN5GaocgUAqH014PbdmZjGsQoBG9dbQKoj_qatVHZxhOiYAJaRN-9tsCjX7BfCJ7-uE&amp;__tn__=-]K-R\">Biblioteca p\u00fablica de la Bisbal del Pened\u00e8s<\/a>. En ocasi\u00f3 del centenari del naixement de la il\u00b7lustre soprano catalana &#8220;Vict\u00f2ria de los \u00c1ngeles&#8221;, el music\u00f2leg Albert Ferrer Flamarich ens far\u00e0 una aproximaci\u00f3 a la vida i art de la gran dama de lied del segle XX.<\/p>\n\n\n\n<hr class=\"wp-block-separator has-alpha-channel-opacity\"\/>\n\n\n\n<p>El lunes 22 de enero, a las 18:15h, se celebrar\u00e1 la primera sesi\u00f3n de este 2024 <a><\/a>del ciclo Llegir l\u2019\u00d2pera de la Biblioteca p\u00fablica de la Bisbal del Pened\u00e8s. En ocasi\u00f3n del centenario del nacimiento de la ilustre soprano catalana &#8220;Vict\u00f2ria de los \u00c1ngeles&#8221;, el music\u00f3logo Albert Ferrer Flamarich nos har\u00e1 una aproximaci\u00f3n a la vida y arte de la gran dama del lied del siglo XX.<\/p>\n","protected":false},"excerpt":{"rendered":"<p>El dilluns 22 de gener, a les 18:15h, se celebrar\u00e0 la primera sessi\u00f3 d\u2019aquest 2024 del cicle Llegir l\u2019\u00d2pera de la Biblioteca p\u00fablica de la Bisbal del Pened\u00e8s. En ocasi\u00f3 &hellip; <a href=\"https:\/\/bisbalpenedes.com\/web\/2024\/01\/18\/agenda-primera-sessio-de-lany-del-cicle-llegir-lopera-dilluns-22-de-gener-a-les-18-15h\/\" class=\"more-link\">Read More<\/a><\/p>\n","protected":false},"author":4,"featured_media":28796,"comment_status":"closed","ping_status":"closed","sticky":false,"template":"","format":"standard","meta":[],"categories":[8],"tags":[6321,459,393,618,1374,6427,6428],"_links":{"self":[{"href":"https:\/\/bisbalpenedes.com\/web\/wp-json\/wp\/v2\/posts\/28804"}],"collection":[{"href":"https:\/\/bisbalpenedes.com\/web\/wp-json\/wp\/v2\/posts"}],"about":[{"href":"https:\/\/bisbalpenedes.com\/web\/wp-json\/wp\/v2\/types\/post"}],"author":[{"embeddable":true,"href":"https:\/\/bisbalpenedes.com\/web\/wp-json\/wp\/v2\/users\/4"}],"replies":[{"embeddable":true,"href":"https:\/\/bisbalpenedes.com\/web\/wp-json\/wp\/v2\/comments?post=28804"}],"version-history":[{"count":1,"href":"https:\/\/bisbalpenedes.com\/web\/wp-json\/wp\/v2\/posts\/28804\/revisions"}],"predecessor-version":[{"id":28805,"href":"https:\/\/bisbalpenedes.com\/web\/wp-json\/wp\/v2\/posts\/28804\/revisions\/28805"}],"wp:featuredmedia":[{"embeddable":true,"href":"https:\/\/bisbalpenedes.com\/web\/wp-json\/wp\/v2\/media\/28796"}],"wp:attachment":[{"href":"https:\/\/bisbalpenedes.com\/web\/wp-json\/wp\/v2\/media?parent=28804"}],"wp:term":[{"taxonomy":"category","embeddable":true,"href":"https:\/\/bisbalpenedes.com\/web\/wp-json\/wp\/v2\/categories?post=28804"},{"taxonomy":"post_tag","embeddable":true,"href":"https:\/\/bisbalpenedes.com\/web\/wp-json\/wp\/v2\/tags?post=28804"}],"curies":[{"name":"wp","href":"https:\/\/api.w.org\/{rel}","templated":true}]}}