{"id":28789,"date":"2024-01-16T22:11:44","date_gmt":"2024-01-16T20:11:44","guid":{"rendered":"https:\/\/bisbalpenedes.com\/web\/?p=28789"},"modified":"2024-01-16T22:11:44","modified_gmt":"2024-01-16T20:11:44","slug":"avis-carrers-tallats-al-transit-a-la-riba-a-partir-del-dijous-18-de-gener","status":"publish","type":"post","link":"https:\/\/bisbalpenedes.com\/web\/2024\/01\/16\/avis-carrers-tallats-al-transit-a-la-riba-a-partir-del-dijous-18-de-gener\/","title":{"rendered":"Av\u00eds &#8211; Carrers tallats al tr\u00e0nsit a la Riba a partir del dijous 18 de gener"},"content":{"rendered":"\n<p>A partir del dijous 18 de gener no es podr\u00e0 circular pel carrer General Manso ni per la pujada de la Riba. Us agra\u00efm enormement la paci\u00e8ncia i la comprensi\u00f3.<\/p>\n\n\n\n<hr class=\"wp-block-separator has-alpha-channel-opacity\"\/>\n\n\n\n<p>A partir del jueves 18 de enero no se podr\u00e1 circular por la calle General Manso ni por la subida de la Riba. Os agradecemos enormemente la paciencia y la comprensi\u00f3n.<\/p>\n","protected":false},"excerpt":{"rendered":"<p>A partir del dijous 18 de gener no es podr\u00e0 circular pel carrer General Manso ni per la pujada de la Riba. Us agra\u00efm enormement la paci\u00e8ncia i la comprensi\u00f3. &hellip; <a href=\"https:\/\/bisbalpenedes.com\/web\/2024\/01\/16\/avis-carrers-tallats-al-transit-a-la-riba-a-partir-del-dijous-18-de-gener\/\" class=\"more-link\">Read More<\/a><\/p>\n","protected":false},"author":4,"featured_media":28790,"comment_status":"closed","ping_status":"closed","sticky":false,"template":"","format":"standard","meta":[],"categories":[2402,1628,8],"tags":[4613,393,6333,3000,1381],"_links":{"self":[{"href":"https:\/\/bisbalpenedes.com\/web\/wp-json\/wp\/v2\/posts\/28789"}],"collection":[{"href":"https:\/\/bisbalpenedes.com\/web\/wp-json\/wp\/v2\/posts"}],"about":[{"href":"https:\/\/bisbalpenedes.com\/web\/wp-json\/wp\/v2\/types\/post"}],"author":[{"embeddable":true,"href":"https:\/\/bisbalpenedes.com\/web\/wp-json\/wp\/v2\/users\/4"}],"replies":[{"embeddable":true,"href":"https:\/\/bisbalpenedes.com\/web\/wp-json\/wp\/v2\/comments?post=28789"}],"version-history":[{"count":1,"href":"https:\/\/bisbalpenedes.com\/web\/wp-json\/wp\/v2\/posts\/28789\/revisions"}],"predecessor-version":[{"id":28791,"href":"https:\/\/bisbalpenedes.com\/web\/wp-json\/wp\/v2\/posts\/28789\/revisions\/28791"}],"wp:featuredmedia":[{"embeddable":true,"href":"https:\/\/bisbalpenedes.com\/web\/wp-json\/wp\/v2\/media\/28790"}],"wp:attachment":[{"href":"https:\/\/bisbalpenedes.com\/web\/wp-json\/wp\/v2\/media?parent=28789"}],"wp:term":[{"taxonomy":"category","embeddable":true,"href":"https:\/\/bisbalpenedes.com\/web\/wp-json\/wp\/v2\/categories?post=28789"},{"taxonomy":"post_tag","embeddable":true,"href":"https:\/\/bisbalpenedes.com\/web\/wp-json\/wp\/v2\/tags?post=28789"}],"curies":[{"name":"wp","href":"https:\/\/api.w.org\/{rel}","templated":true}]}}