{"id":28766,"date":"2024-01-14T11:35:24","date_gmt":"2024-01-14T09:35:24","guid":{"rendered":"https:\/\/bisbalpenedes.com\/web\/?p=28766"},"modified":"2024-01-14T11:36:08","modified_gmt":"2024-01-14T09:36:08","slug":"el-cap-de-setmana-que-ve-sinaugurara-el-pavello-esportiu-municipal","status":"publish","type":"post","link":"https:\/\/bisbalpenedes.com\/web\/2024\/01\/14\/el-cap-de-setmana-que-ve-sinaugurara-el-pavello-esportiu-municipal\/","title":{"rendered":"El cap de setmana que ve s&#8217;inaugurar\u00e0 el Pavell\u00f3 Esportiu Municipal"},"content":{"rendered":"\n<p>No us perdeu la inauguraci\u00f3 del Pavell\u00f3 Esportiu &nbsp;Municipal de la Bisbal el proper cap de setmana!&nbsp;<\/p>\n\n\n\n<hr class=\"wp-block-separator has-alpha-channel-opacity\"\/>\n\n\n\n<p>\u00a1No os perd\u00e1is la inauguraci\u00f3n del Pavell\u00f3 Esportiu Municipal de la Bisbal el pr\u00f3ximo fin de semana!<\/p>\n\n\n\n<figure class=\"wp-container-2 wp-block-gallery-1 wp-block-gallery has-nested-images columns-default is-cropped\">\n<figure class=\"wp-block-image size-large\"><img loading=\"lazy\" width=\"1024\" height=\"1024\" data-id=\"28768\"  src=\"https:\/\/bisbalpenedes.com\/web\/wp-content\/uploads\/2024\/01\/IMG_4225-1024x1024.jpeg\" alt=\"\" class=\"wp-image-28768\" srcset=\"https:\/\/bisbalpenedes.com\/web\/wp-content\/uploads\/2024\/01\/IMG_4225-1024x1024.jpeg 1024w, https:\/\/bisbalpenedes.com\/web\/wp-content\/uploads\/2024\/01\/IMG_4225-300x300.jpeg 300w, https:\/\/bisbalpenedes.com\/web\/wp-content\/uploads\/2024\/01\/IMG_4225-150x150.jpeg 150w, https:\/\/bisbalpenedes.com\/web\/wp-content\/uploads\/2024\/01\/IMG_4225-768x768.jpeg 768w, https:\/\/bisbalpenedes.com\/web\/wp-content\/uploads\/2024\/01\/IMG_4225-600x600.jpeg 600w, https:\/\/bisbalpenedes.com\/web\/wp-content\/uploads\/2024\/01\/IMG_4225-100x100.jpeg 100w, https:\/\/bisbalpenedes.com\/web\/wp-content\/uploads\/2024\/01\/IMG_4225.jpeg 1080w\" sizes=\"(max-width: 1024px) 100vw, 1024px\" \/><\/figure>\n<\/figure>\n\n\n\n<figure class=\"wp-block-image size-large\"><img loading=\"lazy\" width=\"1024\" height=\"726\" src=\"https:\/\/bisbalpenedes.com\/web\/wp-content\/uploads\/2024\/01\/triptic_inauguracio_pavello_D2-1024x726.jpeg\" alt=\"\" class=\"wp-image-28769\" srcset=\"https:\/\/bisbalpenedes.com\/web\/wp-content\/uploads\/2024\/01\/triptic_inauguracio_pavello_D2-1024x726.jpeg 1024w, https:\/\/bisbalpenedes.com\/web\/wp-content\/uploads\/2024\/01\/triptic_inauguracio_pavello_D2-300x213.jpeg 300w, https:\/\/bisbalpenedes.com\/web\/wp-content\/uploads\/2024\/01\/triptic_inauguracio_pavello_D2-768x545.jpeg 768w, https:\/\/bisbalpenedes.com\/web\/wp-content\/uploads\/2024\/01\/triptic_inauguracio_pavello_D2-1536x1089.jpeg 1536w, https:\/\/bisbalpenedes.com\/web\/wp-content\/uploads\/2024\/01\/triptic_inauguracio_pavello_D2-2048x1452.jpeg 2048w, https:\/\/bisbalpenedes.com\/web\/wp-content\/uploads\/2024\/01\/triptic_inauguracio_pavello_D2-600x425.jpeg 600w\" sizes=\"(max-width: 1024px) 100vw, 1024px\" \/><\/figure>\n","protected":false},"excerpt":{"rendered":"<p>No us perdeu la inauguraci\u00f3 del Pavell\u00f3 Esportiu &nbsp;Municipal de la Bisbal el proper cap de setmana!&nbsp; \u00a1No os perd\u00e1is la inauguraci\u00f3n del Pavell\u00f3 Esportiu Municipal de la Bisbal el &hellip; <a href=\"https:\/\/bisbalpenedes.com\/web\/2024\/01\/14\/el-cap-de-setmana-que-ve-sinaugurara-el-pavello-esportiu-municipal\/\" class=\"more-link\">Read More<\/a><\/p>\n","protected":false},"author":4,"featured_media":28767,"comment_status":"closed","ping_status":"closed","sticky":false,"template":"","format":"standard","meta":[],"categories":[19,8],"tags":[459,368,393,5810,1374,204],"_links":{"self":[{"href":"https:\/\/bisbalpenedes.com\/web\/wp-json\/wp\/v2\/posts\/28766"}],"collection":[{"href":"https:\/\/bisbalpenedes.com\/web\/wp-json\/wp\/v2\/posts"}],"about":[{"href":"https:\/\/bisbalpenedes.com\/web\/wp-json\/wp\/v2\/types\/post"}],"author":[{"embeddable":true,"href":"https:\/\/bisbalpenedes.com\/web\/wp-json\/wp\/v2\/users\/4"}],"replies":[{"embeddable":true,"href":"https:\/\/bisbalpenedes.com\/web\/wp-json\/wp\/v2\/comments?post=28766"}],"version-history":[{"count":2,"href":"https:\/\/bisbalpenedes.com\/web\/wp-json\/wp\/v2\/posts\/28766\/revisions"}],"predecessor-version":[{"id":28771,"href":"https:\/\/bisbalpenedes.com\/web\/wp-json\/wp\/v2\/posts\/28766\/revisions\/28771"}],"wp:featuredmedia":[{"embeddable":true,"href":"https:\/\/bisbalpenedes.com\/web\/wp-json\/wp\/v2\/media\/28767"}],"wp:attachment":[{"href":"https:\/\/bisbalpenedes.com\/web\/wp-json\/wp\/v2\/media?parent=28766"}],"wp:term":[{"taxonomy":"category","embeddable":true,"href":"https:\/\/bisbalpenedes.com\/web\/wp-json\/wp\/v2\/categories?post=28766"},{"taxonomy":"post_tag","embeddable":true,"href":"https:\/\/bisbalpenedes.com\/web\/wp-json\/wp\/v2\/tags?post=28766"}],"curies":[{"name":"wp","href":"https:\/\/api.w.org\/{rel}","templated":true}]}}