{"id":28763,"date":"2024-01-13T13:59:41","date_gmt":"2024-01-13T11:59:41","guid":{"rendered":"https:\/\/bisbalpenedes.com\/web\/?p=28763"},"modified":"2024-01-13T13:59:41","modified_gmt":"2024-01-13T11:59:41","slug":"neix-lassociacio-veinal-i-cultural-de-la-masieta","status":"publish","type":"post","link":"https:\/\/bisbalpenedes.com\/web\/2024\/01\/13\/neix-lassociacio-veinal-i-cultural-de-la-masieta\/","title":{"rendered":"Neix l&#8217;Associaci\u00f3 ve\u00efnal i cultural de La Masieta"},"content":{"rendered":"\n<p>La regidora de Barris, Paqui Cepas; i el regidor de Festes, Feliu Gil; s&#8217;han reunit aquest divendres amb Carles Valenzuela i Jos\u00e9 Vera, president i administratiu, respectivament, de l&#8217;Associaci\u00f3 ve\u00efnal i cultural de la Masieta. Es tracta d&#8217;una nova entitat inscrita al Registre municipal d&#8217;associacions i entitats ciutadanes.<\/p>\n\n\n\n<p>Us desitgem molta sort amb la nova entitat que heu creat!<\/p>\n\n\n\n<hr class=\"wp-block-separator has-alpha-channel-opacity\"\/>\n\n\n\n<p>ENTIDADES | \ud83d\udce3La concejala de Barrios, Paqui Cepas; y el concejal de Fiestas, Feliu Gil; se han reunido este viernes con Carles Valenzuela y Jos\u00e9 Vera, presidente y administrativo, respectivamente, de la Associaci\u00f3 ve\u00efnal i cultural de la Masieta. Se trata de una nueva entidad inscrita en el Registro municipal de asociaciones y entidades ciudadanas.<\/p>\n\n\n\n<p>\u00a1Os deseamos mucha suerte con la nueva entidad que hab\u00e9is creado!<\/p>\n\n\n\n<p><\/p>\n","protected":false},"excerpt":{"rendered":"<p>La regidora de Barris, Paqui Cepas; i el regidor de Festes, Feliu Gil; s&#8217;han reunit aquest divendres amb Carles Valenzuela i Jos\u00e9 Vera, president i administratiu, respectivament, de l&#8217;Associaci\u00f3 ve\u00efnal &hellip; <a href=\"https:\/\/bisbalpenedes.com\/web\/2024\/01\/13\/neix-lassociacio-veinal-i-cultural-de-la-masieta\/\" class=\"more-link\">Read More<\/a><\/p>\n","protected":false},"author":4,"featured_media":28764,"comment_status":"closed","ping_status":"closed","sticky":false,"template":"","format":"standard","meta":[],"categories":[20,8],"tags":[1080,459,351,393,587,1374],"_links":{"self":[{"href":"https:\/\/bisbalpenedes.com\/web\/wp-json\/wp\/v2\/posts\/28763"}],"collection":[{"href":"https:\/\/bisbalpenedes.com\/web\/wp-json\/wp\/v2\/posts"}],"about":[{"href":"https:\/\/bisbalpenedes.com\/web\/wp-json\/wp\/v2\/types\/post"}],"author":[{"embeddable":true,"href":"https:\/\/bisbalpenedes.com\/web\/wp-json\/wp\/v2\/users\/4"}],"replies":[{"embeddable":true,"href":"https:\/\/bisbalpenedes.com\/web\/wp-json\/wp\/v2\/comments?post=28763"}],"version-history":[{"count":1,"href":"https:\/\/bisbalpenedes.com\/web\/wp-json\/wp\/v2\/posts\/28763\/revisions"}],"predecessor-version":[{"id":28765,"href":"https:\/\/bisbalpenedes.com\/web\/wp-json\/wp\/v2\/posts\/28763\/revisions\/28765"}],"wp:featuredmedia":[{"embeddable":true,"href":"https:\/\/bisbalpenedes.com\/web\/wp-json\/wp\/v2\/media\/28764"}],"wp:attachment":[{"href":"https:\/\/bisbalpenedes.com\/web\/wp-json\/wp\/v2\/media?parent=28763"}],"wp:term":[{"taxonomy":"category","embeddable":true,"href":"https:\/\/bisbalpenedes.com\/web\/wp-json\/wp\/v2\/categories?post=28763"},{"taxonomy":"post_tag","embeddable":true,"href":"https:\/\/bisbalpenedes.com\/web\/wp-json\/wp\/v2\/tags?post=28763"}],"curies":[{"name":"wp","href":"https:\/\/api.w.org\/{rel}","templated":true}]}}