{"id":28757,"date":"2024-01-11T21:21:16","date_gmt":"2024-01-11T19:21:16","guid":{"rendered":"https:\/\/bisbalpenedes.com\/web\/?p=28757"},"modified":"2024-01-11T21:21:16","modified_gmt":"2024-01-11T19:21:16","slug":"entrevista-a-llorenc-avino-sobre-el-nou-club-cinema-pop-que-comencara-el-divendres-19-de-gener","status":"publish","type":"post","link":"https:\/\/bisbalpenedes.com\/web\/2024\/01\/11\/entrevista-a-llorenc-avino-sobre-el-nou-club-cinema-pop-que-comencara-el-divendres-19-de-gener\/","title":{"rendered":"Entrevista a Lloren\u00e7 Avi\u00f1\u00f3 sobre el nou Club Cinema Pop que comen\u00e7ar\u00e0 el divendres 19 de gener"},"content":{"rendered":"\n<p>El proper divendres 19 de gener comen\u00e7a un nou club a la Biblioteca p\u00fablica de la Bisbal del Pened\u00e8s, el Club Cinema Pop, condu\u00eft pel periodista i escriptor Lloren\u00e7 Avi\u00f1\u00f3. Hem conversat amb ell sobre aquest espai de cinema i tert\u00falia, tot esperant que us animeu a venir a gaudir d&#8217;aquesta nova activitat cultural que us proposem.<\/p>\n\n\n\n<hr class=\"wp-block-separator has-alpha-channel-opacity\"\/>\n\n\n\n<p>CASTELLANO | El pr\u00f3ximo viernes 19 de enero empieza un nuevo club en la Biblioteca p\u00fablica de la Bisbal del Pened\u00e8s, el Club Cinema Pop, conducido por el periodista y escritor Lloren\u00e7 Avi\u00f1\u00f3. Hemos conversado con \u00e9l sobre este espacio de cine y tertulia, esperando que os anim\u00e9is a venir a disfrutar de esta nueva actividad cultural que os proponemos.<\/p>\n\n\n\n<figure class=\"wp-block-image size-large\"><img loading=\"lazy\" width=\"1024\" height=\"1024\" src=\"https:\/\/bisbalpenedes.com\/web\/wp-content\/uploads\/2024\/01\/CINECLUB-INSTAGRAM-1024x1024.png\" alt=\"\" class=\"wp-image-28759\" srcset=\"https:\/\/bisbalpenedes.com\/web\/wp-content\/uploads\/2024\/01\/CINECLUB-INSTAGRAM-1024x1024.png 1024w, https:\/\/bisbalpenedes.com\/web\/wp-content\/uploads\/2024\/01\/CINECLUB-INSTAGRAM-300x300.png 300w, https:\/\/bisbalpenedes.com\/web\/wp-content\/uploads\/2024\/01\/CINECLUB-INSTAGRAM-150x150.png 150w, https:\/\/bisbalpenedes.com\/web\/wp-content\/uploads\/2024\/01\/CINECLUB-INSTAGRAM-768x768.png 768w, https:\/\/bisbalpenedes.com\/web\/wp-content\/uploads\/2024\/01\/CINECLUB-INSTAGRAM-600x600.png 600w, https:\/\/bisbalpenedes.com\/web\/wp-content\/uploads\/2024\/01\/CINECLUB-INSTAGRAM-100x100.png 100w, https:\/\/bisbalpenedes.com\/web\/wp-content\/uploads\/2024\/01\/CINECLUB-INSTAGRAM.png 1080w\" sizes=\"(max-width: 1024px) 100vw, 1024px\" \/><\/figure>\n","protected":false},"excerpt":{"rendered":"<p>El proper divendres 19 de gener comen\u00e7a un nou club a la Biblioteca p\u00fablica de la Bisbal del Pened\u00e8s, el Club Cinema Pop, condu\u00eft pel periodista i escriptor Lloren\u00e7 Avi\u00f1\u00f3. &hellip; <a href=\"https:\/\/bisbalpenedes.com\/web\/2024\/01\/11\/entrevista-a-llorenc-avino-sobre-el-nou-club-cinema-pop-que-comencara-el-divendres-19-de-gener\/\" class=\"more-link\">Read More<\/a><\/p>\n","protected":false},"author":4,"featured_media":28758,"comment_status":"closed","ping_status":"closed","sticky":false,"template":"","format":"standard","meta":[],"categories":[13,8],"tags":[459,6424,307,6423,1341,393,2458,754],"_links":{"self":[{"href":"https:\/\/bisbalpenedes.com\/web\/wp-json\/wp\/v2\/posts\/28757"}],"collection":[{"href":"https:\/\/bisbalpenedes.com\/web\/wp-json\/wp\/v2\/posts"}],"about":[{"href":"https:\/\/bisbalpenedes.com\/web\/wp-json\/wp\/v2\/types\/post"}],"author":[{"embeddable":true,"href":"https:\/\/bisbalpenedes.com\/web\/wp-json\/wp\/v2\/users\/4"}],"replies":[{"embeddable":true,"href":"https:\/\/bisbalpenedes.com\/web\/wp-json\/wp\/v2\/comments?post=28757"}],"version-history":[{"count":1,"href":"https:\/\/bisbalpenedes.com\/web\/wp-json\/wp\/v2\/posts\/28757\/revisions"}],"predecessor-version":[{"id":28760,"href":"https:\/\/bisbalpenedes.com\/web\/wp-json\/wp\/v2\/posts\/28757\/revisions\/28760"}],"wp:featuredmedia":[{"embeddable":true,"href":"https:\/\/bisbalpenedes.com\/web\/wp-json\/wp\/v2\/media\/28758"}],"wp:attachment":[{"href":"https:\/\/bisbalpenedes.com\/web\/wp-json\/wp\/v2\/media?parent=28757"}],"wp:term":[{"taxonomy":"category","embeddable":true,"href":"https:\/\/bisbalpenedes.com\/web\/wp-json\/wp\/v2\/categories?post=28757"},{"taxonomy":"post_tag","embeddable":true,"href":"https:\/\/bisbalpenedes.com\/web\/wp-json\/wp\/v2\/tags?post=28757"}],"curies":[{"name":"wp","href":"https:\/\/api.w.org\/{rel}","templated":true}]}}