{"id":28753,"date":"2024-01-11T14:22:13","date_gmt":"2024-01-11T12:22:13","guid":{"rendered":"https:\/\/bisbalpenedes.com\/web\/?p=28753"},"modified":"2024-01-11T14:22:13","modified_gmt":"2024-01-11T12:22:13","slug":"sha-incorporat-una-nova-treballadora-a-la-llar-dinfants-a-traves-dun-programa-de-foment-de-locupacio-local-de-la-diputacio-de-tarragona","status":"publish","type":"post","link":"https:\/\/bisbalpenedes.com\/web\/2024\/01\/11\/sha-incorporat-una-nova-treballadora-a-la-llar-dinfants-a-traves-dun-programa-de-foment-de-locupacio-local-de-la-diputacio-de-tarragona\/","title":{"rendered":"S&#8217;ha incorporat una nova treballadora a la llar d&#8217;infants a trav\u00e9s d&#8217;un programa de foment de l&#8217;ocupaci\u00f3 local de la Diputaci\u00f3 de Tarragona"},"content":{"rendered":"\n<p>El regidor d\u2019Ensenyament, Daniel Caballero, ha donat la benvinguda a la nova treballadora de la Llar d\u2019infants municipal l\u2019Oreneta, la Nazaret Naharro, que ha comen\u00e7at a treballar a la llar gr\u00e0cies al contracte de 4 mesos, subvencionat per la Diputaci\u00f3 de Tarragona, per al foment de l\u2019ocupaci\u00f3 local al Camp de Tarragona, les Terres de l\u2019Ebre i el Baix Pened\u00e8s.<\/p>\n\n\n\n<p>El regidor d\u2019Ensenyament ha volgut destacar que <em>\u201camb aquesta nova contractaci\u00f3 donem compliment al Pla de mandat de l\u2019equip de govern, amb qu\u00e8 ens compromet\u00edem a obrir la classe d\u2019i0, que s\u2019ha posat en marxa aquest mes de gener\u201d.<\/em><\/p>\n\n\n\n<hr class=\"wp-block-separator has-alpha-channel-opacity\"\/>\n\n\n\n<p><strong>CASTELLANO |<\/strong> El concejal de Educaci\u00f3n, Daniel Caballero, ha dado la bienvenida a la nueva trabajadora de la Llar d\u2019infants municipal l\u2019Oreneta, Nazaret Naharro, que ha empezado a trabajar en la guarder\u00eda gracias al contrato de 4 meses, subvencionado por la Diputaci\u00f3 de Tarragona, para el fomento de la ocupaci\u00f3n local en el Camp de Tarragona, para el fomento de la ocupaci\u00f3n local en el Camp de Tarragona, les Terres de l\u2019Ebre y el Baix Pened\u00e8s.<\/p>\n\n\n\n<p>El concejal de Educaci\u00f3n ha querido destacar que <em>\u201ccon esta nueva contrataci\u00f3n damos cumplimiento al Plan de mandato del equipo de gobierno, con el que nos compromet\u00edamos a abrir la clase de i0,que se ha puesto en marcha este mes de enero\u201d.<\/em><\/p>\n","protected":false},"excerpt":{"rendered":"<p>El regidor d\u2019Ensenyament, Daniel Caballero, ha donat la benvinguda a la nova treballadora de la Llar d\u2019infants municipal l\u2019Oreneta, la Nazaret Naharro, que ha comen\u00e7at a treballar a la llar &hellip; <a href=\"https:\/\/bisbalpenedes.com\/web\/2024\/01\/11\/sha-incorporat-una-nova-treballadora-a-la-llar-dinfants-a-traves-dun-programa-de-foment-de-locupacio-local-de-la-diputacio-de-tarragona\/\" class=\"more-link\">Read More<\/a><\/p>\n","protected":false},"author":4,"featured_media":28754,"comment_status":"closed","ping_status":"closed","sticky":false,"template":"","format":"standard","meta":[],"categories":[3456,8],"tags":[459,673,862,393],"_links":{"self":[{"href":"https:\/\/bisbalpenedes.com\/web\/wp-json\/wp\/v2\/posts\/28753"}],"collection":[{"href":"https:\/\/bisbalpenedes.com\/web\/wp-json\/wp\/v2\/posts"}],"about":[{"href":"https:\/\/bisbalpenedes.com\/web\/wp-json\/wp\/v2\/types\/post"}],"author":[{"embeddable":true,"href":"https:\/\/bisbalpenedes.com\/web\/wp-json\/wp\/v2\/users\/4"}],"replies":[{"embeddable":true,"href":"https:\/\/bisbalpenedes.com\/web\/wp-json\/wp\/v2\/comments?post=28753"}],"version-history":[{"count":1,"href":"https:\/\/bisbalpenedes.com\/web\/wp-json\/wp\/v2\/posts\/28753\/revisions"}],"predecessor-version":[{"id":28755,"href":"https:\/\/bisbalpenedes.com\/web\/wp-json\/wp\/v2\/posts\/28753\/revisions\/28755"}],"wp:featuredmedia":[{"embeddable":true,"href":"https:\/\/bisbalpenedes.com\/web\/wp-json\/wp\/v2\/media\/28754"}],"wp:attachment":[{"href":"https:\/\/bisbalpenedes.com\/web\/wp-json\/wp\/v2\/media?parent=28753"}],"wp:term":[{"taxonomy":"category","embeddable":true,"href":"https:\/\/bisbalpenedes.com\/web\/wp-json\/wp\/v2\/categories?post=28753"},{"taxonomy":"post_tag","embeddable":true,"href":"https:\/\/bisbalpenedes.com\/web\/wp-json\/wp\/v2\/tags?post=28753"}],"curies":[{"name":"wp","href":"https:\/\/api.w.org\/{rel}","templated":true}]}}