{"id":28750,"date":"2024-01-11T13:07:22","date_gmt":"2024-01-11T11:07:22","guid":{"rendered":"https:\/\/bisbalpenedes.com\/web\/?p=28750"},"modified":"2024-01-11T13:07:22","modified_gmt":"2024-01-11T11:07:22","slug":"es-renova-la-porta-daces-al-pati-de-lescola-centenaria","status":"publish","type":"post","link":"https:\/\/bisbalpenedes.com\/web\/2024\/01\/11\/es-renova-la-porta-daces-al-pati-de-lescola-centenaria\/","title":{"rendered":"Es renova la porta d&#8217;ac\u00e9s al pati de l&#8217;escola centenaria"},"content":{"rendered":"\n<p>La porta del pati de l\u2019edifici centenari de l\u2019escola Ull de Vent ha estrenat porta aquesta setmana. La que hi havia era molt antiga i no s\u2019obria correctament. Per aix\u00f2, des de la Regidoria d\u2019Ensenyament se li va encarregar una porta nova al ferrer Pere Porta, que ha costat 2.624,82\u20ac amb IVA incl\u00f2s.<\/p>\n\n\n\n<hr class=\"wp-block-separator has-alpha-channel-opacity\"\/>\n\n\n\n<p><strong>CASTELLANO |&nbsp;<\/strong>La puerta del patio del edificio centenario de la escuela Ull de Vent ha estrenado puerta esta semana. La que hab\u00eda era muy antigua y no abr\u00eda correctamente. Por este motivo, desde la Concejal\u00eda de Educaci\u00f3n se le encarg\u00f3 una puerta nueva al herrero Pere Porta, que ha costado 2.624,82\u20ac con IVA incluido.<\/p>\n","protected":false},"excerpt":{"rendered":"<p>La porta del pati de l\u2019edifici centenari de l\u2019escola Ull de Vent ha estrenat porta aquesta setmana. La que hi havia era molt antiga i no s\u2019obria correctament. Per aix\u00f2, &hellip; <a href=\"https:\/\/bisbalpenedes.com\/web\/2024\/01\/11\/es-renova-la-porta-daces-al-pati-de-lescola-centenaria\/\" class=\"more-link\">Read More<\/a><\/p>\n","protected":false},"author":4,"featured_media":28751,"comment_status":"closed","ping_status":"closed","sticky":false,"template":"","format":"standard","meta":[],"categories":[3456,8],"tags":[459,65,337,393,6179,1862,222],"_links":{"self":[{"href":"https:\/\/bisbalpenedes.com\/web\/wp-json\/wp\/v2\/posts\/28750"}],"collection":[{"href":"https:\/\/bisbalpenedes.com\/web\/wp-json\/wp\/v2\/posts"}],"about":[{"href":"https:\/\/bisbalpenedes.com\/web\/wp-json\/wp\/v2\/types\/post"}],"author":[{"embeddable":true,"href":"https:\/\/bisbalpenedes.com\/web\/wp-json\/wp\/v2\/users\/4"}],"replies":[{"embeddable":true,"href":"https:\/\/bisbalpenedes.com\/web\/wp-json\/wp\/v2\/comments?post=28750"}],"version-history":[{"count":1,"href":"https:\/\/bisbalpenedes.com\/web\/wp-json\/wp\/v2\/posts\/28750\/revisions"}],"predecessor-version":[{"id":28752,"href":"https:\/\/bisbalpenedes.com\/web\/wp-json\/wp\/v2\/posts\/28750\/revisions\/28752"}],"wp:featuredmedia":[{"embeddable":true,"href":"https:\/\/bisbalpenedes.com\/web\/wp-json\/wp\/v2\/media\/28751"}],"wp:attachment":[{"href":"https:\/\/bisbalpenedes.com\/web\/wp-json\/wp\/v2\/media?parent=28750"}],"wp:term":[{"taxonomy":"category","embeddable":true,"href":"https:\/\/bisbalpenedes.com\/web\/wp-json\/wp\/v2\/categories?post=28750"},{"taxonomy":"post_tag","embeddable":true,"href":"https:\/\/bisbalpenedes.com\/web\/wp-json\/wp\/v2\/tags?post=28750"}],"curies":[{"name":"wp","href":"https:\/\/api.w.org\/{rel}","templated":true}]}}