{"id":28742,"date":"2024-01-10T15:38:24","date_gmt":"2024-01-10T13:38:24","guid":{"rendered":"https:\/\/bisbalpenedes.com\/web\/?p=28742"},"modified":"2024-01-15T12:54:16","modified_gmt":"2024-01-15T10:54:16","slug":"apunteu-vos-a-les-activitats-familiars-que-es-faran-amb-motiu-de-la-inauguracio-del-pavello-esportiu-el-dissabte-20-de-gener-al-mati","status":"publish","type":"post","link":"https:\/\/bisbalpenedes.com\/web\/2024\/01\/10\/apunteu-vos-a-les-activitats-familiars-que-es-faran-amb-motiu-de-la-inauguracio-del-pavello-esportiu-el-dissabte-20-de-gener-al-mati\/","title":{"rendered":"Apunteu-vos a les activitats familiars que es faran amb motiu de la inauguraci\u00f3 del Pavell\u00f3 esportiu el dissabte 20 de gener al mat\u00ed"},"content":{"rendered":"\n<p>\ud83c\udfc0 El dissabte 20 de gener, al mat\u00ed, farem activitats familiars, organitzades des del Consell Esportiu del Baix Pened\u00e8s, perqu\u00e8 totes les fam\u00edlies pugueu gaudir del nou Pavell\u00f3 esportiu municipal. Hi haur\u00e0 premis per als primers classificats i tots els participants rebran un obsequi.<\/p>\n\n\n\n<p>\ud83e\udd45Es faran grups de 4 persones (poden ser 4 infants o un grup amb un m\u00e0xim de 2 adults) i seran activitats de tipus esportiu adaptades perqu\u00e8 siguin un joc i es converteixin en una activitat de lleure (seran de l\u2019estil d\u2019una gimcana).<\/p>\n\n\n\n<p>\ud83e\udd38\u200d\u2642\ufe0fUs animem a participar, les places s\u00f3n limitades!<\/p>\n\n\n\n<p>\ud83d\udc49Edat: a partir de 7 anys<\/p>\n\n\n\n<p>\ud83d\uddd3Data l\u00edmit d\u2019inscripcions: dilluns 15 de gener de 2024.<\/p>\n\n\n\n<p>\ud83d\udd70Horari de les activitats: de 10h a 13h.<\/p>\n\n\n\n<p>\u270d\ufe0fInscripcions: a les oficines municipals o al correu electr\u00f2nic joan@bisbalpenedes.com<\/p>\n\n\n\n<p>\u2795Properament us informarem de la resta d\u2019activitats que farem durant el cap de setmana de la inauguraci\u00f3.<\/p>\n\n\n\n<hr class=\"wp-block-separator has-alpha-channel-opacity\"\/>\n\n\n\n<p>CASTELLANO |&nbsp;\ud83c\udfc0 El s\u00e1bado 20 de enero, por la ma\u00f1ana, haremos actividades familiares, organizadas desde el Consell Esportiu del Baix Pened\u00e8s, para que todas las familias pod\u00e1is disfrutar del nuevo Pabell\u00f3n deportivo municipal. Habr\u00e1 premios para los primeros clasificados y todos los participantes recibir\u00e1n un obsequio.<\/p>\n\n\n\n<p>\ud83e\udd45Se har\u00e1n grupos de 4 personas (pueden ser 4 ni\u00f1os o un grupo con un m\u00e1ximo de 2 adultos) y ser\u00e1n actividades de tipo deportivo adaptadas para que sean un juego y se conviertan en una actividad de tiempo libre (ser\u00e1n del estilo de una gincana).<\/p>\n\n\n\n<p>\ud83e\udd38\u200d\u2642\ufe0fOs animamos a participar, \u00a1las plazas son limitadas!<\/p>\n\n\n\n<p>\ud83d\udc49Edad: a partir de 7 a\u00f1os<\/p>\n\n\n\n<p>\ud83d\uddd3Fecha l\u00edmite de inscripciones: lunes 15 de enero de 2024.<\/p>\n\n\n\n<p>\ud83d\udd70Horario de las actividades: de 10h a 13h<\/p>\n\n\n\n<p>\u270d\ufe0fInscripciones: en las oficinas municipales o en el correo electr\u00f3nico joan@bisbalpenedes.com<\/p>\n\n\n\n<p>\u2795Pr\u00f3ximamente os informaremos del resto de actividades que haremos durante el fin de semana de la inauguraci\u00f3n.<\/p>\n\n\n\n<p><\/p>\n\n\n\n<figure class=\"wp-block-image size-large\"><img loading=\"lazy\" width=\"1024\" height=\"726\" src=\"https:\/\/bisbalpenedes.com\/web\/wp-content\/uploads\/2024\/01\/triptic_inauguracio_pavello_D1-1024x726.jpeg\" alt=\"\" class=\"wp-image-28767\" srcset=\"https:\/\/bisbalpenedes.com\/web\/wp-content\/uploads\/2024\/01\/triptic_inauguracio_pavello_D1-1024x726.jpeg 1024w, https:\/\/bisbalpenedes.com\/web\/wp-content\/uploads\/2024\/01\/triptic_inauguracio_pavello_D1-300x213.jpeg 300w, https:\/\/bisbalpenedes.com\/web\/wp-content\/uploads\/2024\/01\/triptic_inauguracio_pavello_D1-768x545.jpeg 768w, https:\/\/bisbalpenedes.com\/web\/wp-content\/uploads\/2024\/01\/triptic_inauguracio_pavello_D1-1536x1089.jpeg 1536w, https:\/\/bisbalpenedes.com\/web\/wp-content\/uploads\/2024\/01\/triptic_inauguracio_pavello_D1-2048x1452.jpeg 2048w, https:\/\/bisbalpenedes.com\/web\/wp-content\/uploads\/2024\/01\/triptic_inauguracio_pavello_D1-600x425.jpeg 600w\" sizes=\"(max-width: 1024px) 100vw, 1024px\" \/><\/figure>\n\n\n\n<figure class=\"wp-block-image size-large\"><img loading=\"lazy\" width=\"1024\" height=\"726\" src=\"https:\/\/bisbalpenedes.com\/web\/wp-content\/uploads\/2024\/01\/triptic_inauguracio_pavello_D2-1024x726.jpeg\" alt=\"\" class=\"wp-image-28769\" srcset=\"https:\/\/bisbalpenedes.com\/web\/wp-content\/uploads\/2024\/01\/triptic_inauguracio_pavello_D2-1024x726.jpeg 1024w, https:\/\/bisbalpenedes.com\/web\/wp-content\/uploads\/2024\/01\/triptic_inauguracio_pavello_D2-300x213.jpeg 300w, https:\/\/bisbalpenedes.com\/web\/wp-content\/uploads\/2024\/01\/triptic_inauguracio_pavello_D2-768x545.jpeg 768w, https:\/\/bisbalpenedes.com\/web\/wp-content\/uploads\/2024\/01\/triptic_inauguracio_pavello_D2-1536x1089.jpeg 1536w, https:\/\/bisbalpenedes.com\/web\/wp-content\/uploads\/2024\/01\/triptic_inauguracio_pavello_D2-2048x1452.jpeg 2048w, https:\/\/bisbalpenedes.com\/web\/wp-content\/uploads\/2024\/01\/triptic_inauguracio_pavello_D2-600x425.jpeg 600w\" sizes=\"(max-width: 1024px) 100vw, 1024px\" \/><\/figure>\n","protected":false},"excerpt":{"rendered":"<p>\ud83c\udfc0 El dissabte 20 de gener, al mat\u00ed, farem activitats familiars, organitzades des del Consell Esportiu del Baix Pened\u00e8s, perqu\u00e8 totes les fam\u00edlies pugueu gaudir del nou Pavell\u00f3 esportiu municipal. &hellip; <a href=\"https:\/\/bisbalpenedes.com\/web\/2024\/01\/10\/apunteu-vos-a-les-activitats-familiars-que-es-faran-amb-motiu-de-la-inauguracio-del-pavello-esportiu-el-dissabte-20-de-gener-al-mati\/\" class=\"more-link\">Read More<\/a><\/p>\n","protected":false},"author":4,"featured_media":28745,"comment_status":"closed","ping_status":"closed","sticky":false,"template":"","format":"standard","meta":[],"categories":[19,8],"tags":[4927,459,2441,227,5810],"_links":{"self":[{"href":"https:\/\/bisbalpenedes.com\/web\/wp-json\/wp\/v2\/posts\/28742"}],"collection":[{"href":"https:\/\/bisbalpenedes.com\/web\/wp-json\/wp\/v2\/posts"}],"about":[{"href":"https:\/\/bisbalpenedes.com\/web\/wp-json\/wp\/v2\/types\/post"}],"author":[{"embeddable":true,"href":"https:\/\/bisbalpenedes.com\/web\/wp-json\/wp\/v2\/users\/4"}],"replies":[{"embeddable":true,"href":"https:\/\/bisbalpenedes.com\/web\/wp-json\/wp\/v2\/comments?post=28742"}],"version-history":[{"count":3,"href":"https:\/\/bisbalpenedes.com\/web\/wp-json\/wp\/v2\/posts\/28742\/revisions"}],"predecessor-version":[{"id":28780,"href":"https:\/\/bisbalpenedes.com\/web\/wp-json\/wp\/v2\/posts\/28742\/revisions\/28780"}],"wp:featuredmedia":[{"embeddable":true,"href":"https:\/\/bisbalpenedes.com\/web\/wp-json\/wp\/v2\/media\/28745"}],"wp:attachment":[{"href":"https:\/\/bisbalpenedes.com\/web\/wp-json\/wp\/v2\/media?parent=28742"}],"wp:term":[{"taxonomy":"category","embeddable":true,"href":"https:\/\/bisbalpenedes.com\/web\/wp-json\/wp\/v2\/categories?post=28742"},{"taxonomy":"post_tag","embeddable":true,"href":"https:\/\/bisbalpenedes.com\/web\/wp-json\/wp\/v2\/tags?post=28742"}],"curies":[{"name":"wp","href":"https:\/\/api.w.org\/{rel}","templated":true}]}}