{"id":28732,"date":"2024-01-09T22:53:05","date_gmt":"2024-01-09T20:53:05","guid":{"rendered":"https:\/\/bisbalpenedes.com\/web\/?p=28732"},"modified":"2024-01-09T23:02:17","modified_gmt":"2024-01-09T21:02:17","slug":"el-dissabte-27-de-gener-a-les-18h-el-cmc-acollira-la-projeccio-de-la-pellicula-creatura-del-cicle-gaudi","status":"publish","type":"post","link":"https:\/\/bisbalpenedes.com\/web\/2024\/01\/09\/el-dissabte-27-de-gener-a-les-18h-el-cmc-acollira-la-projeccio-de-la-pellicula-creatura-del-cicle-gaudi\/","title":{"rendered":"<strong>El dissabte 27 de gener a les 18h el CMC acollir\u00e0 la projecci\u00f3 de la pel\u00b7l\u00edcula \u201cCreatura\u201d del Cicle Gaud\u00ed<\/strong>"},"content":{"rendered":"\n<p>El dissabte 27 de gener, a les 18h, l\u2019Auditori Salb\u00e0 del CMC acollir\u00e0 la projecci\u00f3 del film \u201cCreatura\u201d del Cicle Gaud\u00ed.<\/p>\n\n\n\n<p><strong>FITXA T\u00c8CNICA<\/strong><\/p>\n\n\n\n<p>Direcci\u00f3:&nbsp;Elena Mart\u00edn Gimeno<\/p>\n\n\n\n<p>Gui\u00f3: Elena Mart\u00edn Gimeno, Clara Roquet<\/p>\n\n\n\n<p>Productora: Vila\u00fct Films, Lastor Media, Avalon, Elastica Films, S\/B Films<\/p>\n\n\n\n<p>Estrena: Setembre&nbsp;2023<\/p>\n\n\n\n<p>Durada:&nbsp;112 min.<\/p>\n\n\n\n<p>G\u00e8nere: Drama&nbsp;<\/p>\n\n\n\n<p>Versi\u00f3: Original en catal\u00e0<\/p>\n\n\n\n<p>Int\u00e8rprets:Elena Mart\u00edn Gimeno, Oriol Pla, Clara Segura, Alex Brendem\u00fchl, Cl\u00e0udia Malagelada, Mila Borr\u00e0s, Carla Linares, Marc Cartany\u00e0<\/p>\n\n\n\n<p><strong>SINOPSI<\/strong><\/p>\n\n\n\n<p>Despr\u00e9s de mudar-se amb la seva parella a la seva nova llar, la Mila s\u2019adona que la seva p\u00e8rdua de desig es troba en si mateixa. Comen\u00e7a un viatge al voltant de la seva educaci\u00f3 sexual en el qual revisita experi\u00e8ncies de la seva inf\u00e0ncia i adolesc\u00e8ncia amb l\u2019esperan\u00e7a de reconciliar-se amb el seu propi cos.<\/p>\n\n\n\n<p>Com \u00e9s habitual, el preu de l\u2019entrada ser\u00e0 de 4,5\u20ac (general) i 3\u20ac per als espectadors que presentin el carnet de la Biblioteca p\u00fablica de la Bisbal del Pened\u00e8s. Els beneficis es destinaran a l\u2019entitat que gestioni la taquilla abans de la projecci\u00f3 (es fa un sorteig entre les entitats que volen fer aquesta tasca), en aquesta ocasi\u00f3 el Grup de Geganters i Grallers de la Societat.<\/p>\n\n\n\n<figure class=\"wp-block-embed is-type-video is-provider-youtube wp-block-embed-youtube wp-embed-aspect-16-9 wp-has-aspect-ratio\"><div class=\"wp-block-embed__wrapper\">\n<iframe loading=\"lazy\" title=\"Cicle Gaud\u00ed: &quot;Creatura&quot;\" width=\"1170\" height=\"658\" src=\"https:\/\/www.youtube.com\/embed\/67-RNF9auBA?feature=oembed\" frameborder=\"0\" allow=\"accelerometer; autoplay; clipboard-write; encrypted-media; gyroscope; picture-in-picture; web-share\" allowfullscreen><\/iframe>\n<\/div><\/figure>\n\n\n\n<hr class=\"wp-block-separator has-alpha-channel-opacity\"\/>\n\n\n\n<p><strong>CASTELLANO |&nbsp;<\/strong>El s\u00e1bado 27 de enero, a las 18h, el Auditori Salb\u00e0 del CMC acoger\u00e1 la proyecci\u00f3n del film \u201cCreatura\u201d del Cicle Gaud\u00ed.<\/p>\n\n\n\n<p><strong>FICHA T\u00c9CNICA<\/strong><\/p>\n\n\n\n<p>Direcci\u00f3n: Elena Mart\u00edn Gimeno<\/p>\n\n\n\n<p>Gui\u00f3n: Elena Mart\u00edn Gimeno, Clara Roquet<\/p>\n\n\n\n<p>Productora:&nbsp;Vila\u00fct Films, Lastor Media, Avalon, Elastica Films, S\/B Films<\/p>\n\n\n\n<p>Estreno:&nbsp;Setembre 2023<\/p>\n\n\n\n<p>Duraci\u00f3n: 112 min.<\/p>\n\n\n\n<p>G\u00e9nero: Drama<\/p>\n\n\n\n<p>Versi\u00f3n: Original en catal\u00e0<\/p>\n\n\n\n<p>Int\u00e9rpretes:&nbsp;Elena Mart\u00edn Gimeno, Oriol Pla, Clara Segura, Alex Brendem\u00fchl, Cl\u00e0udia Malagelada, Mila Borr\u00e0s, Carla Linares, Marc Cartany\u00e0<\/p>\n\n\n\n<p><strong>SINOPSIS<\/strong><\/p>\n\n\n\n<p>Despu\u00e9s de mudarse con su pareja a su nuevo hogar, Mila se da cuenta de que su p\u00e9rdida de deseo se encuentra en ella misma. Empieza un viaje alrededor de su educaci\u00f3n sexual en el cual revisita experiencias de su infancia y adolescencia con la esperanza de reconciliarse con su propio cuerpo.<\/p>\n\n\n\n<p>Como es habitual, el precio de la entrada ser\u00e1 de 4,5\u20ac (general) y 3\u20ac para los espectadores que presenten el carn\u00e9 de la Biblioteca p\u00fablica de la Bisbal del Pened\u00e8s. Los beneficios se destinar\u00e1n a la entidad que gestione la taquilla antes de la proyecci\u00f3n (se hace un sorteo entre las entidades que quieren hacer esta tarea), en esta ocasi\u00f3n el Grup de Gegaters i Grallers de la Societat.<\/p>\n","protected":false},"excerpt":{"rendered":"<p>El dissabte 27 de gener, a les 18h, l\u2019Auditori Salb\u00e0 del CMC acollir\u00e0 la projecci\u00f3 del film \u201cCreatura\u201d del Cicle Gaud\u00ed. FITXA T\u00c8CNICA Direcci\u00f3:&nbsp;Elena Mart\u00edn Gimeno Gui\u00f3: Elena Mart\u00edn Gimeno, &hellip; <a href=\"https:\/\/bisbalpenedes.com\/web\/2024\/01\/09\/el-dissabte-27-de-gener-a-les-18h-el-cmc-acollira-la-projeccio-de-la-pellicula-creatura-del-cicle-gaudi\/\" class=\"more-link\">Read More<\/a><\/p>\n","protected":false},"author":4,"featured_media":28733,"comment_status":"closed","ping_status":"closed","sticky":false,"template":"","format":"standard","meta":[],"categories":[2942,13,8],"tags":[459,308,307,6420,225,393,1374],"_links":{"self":[{"href":"https:\/\/bisbalpenedes.com\/web\/wp-json\/wp\/v2\/posts\/28732"}],"collection":[{"href":"https:\/\/bisbalpenedes.com\/web\/wp-json\/wp\/v2\/posts"}],"about":[{"href":"https:\/\/bisbalpenedes.com\/web\/wp-json\/wp\/v2\/types\/post"}],"author":[{"embeddable":true,"href":"https:\/\/bisbalpenedes.com\/web\/wp-json\/wp\/v2\/users\/4"}],"replies":[{"embeddable":true,"href":"https:\/\/bisbalpenedes.com\/web\/wp-json\/wp\/v2\/comments?post=28732"}],"version-history":[{"count":2,"href":"https:\/\/bisbalpenedes.com\/web\/wp-json\/wp\/v2\/posts\/28732\/revisions"}],"predecessor-version":[{"id":28735,"href":"https:\/\/bisbalpenedes.com\/web\/wp-json\/wp\/v2\/posts\/28732\/revisions\/28735"}],"wp:featuredmedia":[{"embeddable":true,"href":"https:\/\/bisbalpenedes.com\/web\/wp-json\/wp\/v2\/media\/28733"}],"wp:attachment":[{"href":"https:\/\/bisbalpenedes.com\/web\/wp-json\/wp\/v2\/media?parent=28732"}],"wp:term":[{"taxonomy":"category","embeddable":true,"href":"https:\/\/bisbalpenedes.com\/web\/wp-json\/wp\/v2\/categories?post=28732"},{"taxonomy":"post_tag","embeddable":true,"href":"https:\/\/bisbalpenedes.com\/web\/wp-json\/wp\/v2\/tags?post=28732"}],"curies":[{"name":"wp","href":"https:\/\/api.w.org\/{rel}","templated":true}]}}