{"id":2873,"date":"2017-07-20T01:58:37","date_gmt":"2017-07-19T19:58:37","guid":{"rendered":"http:\/\/bisbalpenedes.com\/web\/?p=2873"},"modified":"2017-07-20T02:27:55","modified_gmt":"2017-07-19T20:27:55","slug":"la-bisbal-celebra-aquest-cap-de-setmana-la-festa-major-xica","status":"publish","type":"post","link":"https:\/\/bisbalpenedes.com\/web\/2017\/07\/20\/la-bisbal-celebra-aquest-cap-de-setmana-la-festa-major-xica\/","title":{"rendered":"La Societat celebra aquest cap de setmana la Festa Major Xica de Santa Margarida"},"content":{"rendered":"<p><a href=\"http:\/\/bisbalpenedes.com\/web\/wp-content\/uploads\/2017\/07\/festa_major_xica_2017_a.jpg\"><img loading=\"lazy\" class=\"aligncenter size-medium wp-image-2874\" title=\"festa major petita 2017\" src=\"http:\/\/bisbalpenedes.com\/web\/wp-content\/uploads\/2017\/07\/festa_major_xica_2017_a-212x300.jpg\" alt=\"\" width=\"212\" height=\"300\" srcset=\"https:\/\/bisbalpenedes.com\/web\/wp-content\/uploads\/2017\/07\/festa_major_xica_2017_a-212x300.jpg 212w, https:\/\/bisbalpenedes.com\/web\/wp-content\/uploads\/2017\/07\/festa_major_xica_2017_a-600x849.jpg 600w, https:\/\/bisbalpenedes.com\/web\/wp-content\/uploads\/2017\/07\/festa_major_xica_2017_a-723x1024.jpg 723w, https:\/\/bisbalpenedes.com\/web\/wp-content\/uploads\/2017\/07\/festa_major_xica_2017_a.jpg 1169w\" sizes=\"(max-width: 212px) 100vw, 212px\" \/><\/a><\/p>\n<p>La Societat ha decidit recuperar la festa en honor a Santa Margarida. Antigament, a La Bisbal, se celebraven festes com Sant Isidre, Sant Antoni o Santa Margarida, per\u00f2 es van anar perdent i finalment la vila es va centrar en celebrar Sant Sebasti\u00e0 el 20 de gener i Santa Maria el 15 d&#8217;agost, els actuals copatrons de La Bisbal. Les festes relacionades amb el santoral sovint tenien a veure amb la pagesia i els vots religiosos que el poble feia a un sant, com ara a Sant Sebasti\u00e0, al qual se li va demanar que interced\u00eds per fer marxar la pesta del poble i, segons diu la creen\u00e7a popular, va fer que la pesta desaparegu\u00e9s de la vila.<\/p>\n<p>Des de La Societat han programat actes amb motiu de la celebraci\u00f3 de Santa Margarida. Per aquest motiu han preparat tot un seguit d&#8217;actes que tindran lloc aquest cap de setmana i que comptaran amb la col\u00b7laboraci\u00f3 de l&#8217;Ajuntament de La Bisbal.<\/p>\n<p>PROGRAMA<\/p>\n<p>Dissabte 22 de juliol a les 22h hi haur\u00e0 havaneres amb el grup &#8220;Son de la habana&#8221; a La Societat. En acabar, hi haur\u00e0 rom cremat per a tothom.<\/p>\n<p>Diumenge 23 de juliol a les 9h tindran lloc les matinades amb els Grallers de La Societat. A les 12h Cercavila amb els Geganters de La Societat i els Capgrossos de l&#8217;Ajuntament d&#8217;Art\u00e0 i, a continuaci\u00f3, actuaci\u00f3 castellera amb els Bous de La Bisbal. A les 19h hi haur\u00e0 teatre amb amanida de teatre &#8220;Once&#8221; a La Societat, amb entrada gratu\u00efta.<\/p>\n","protected":false},"excerpt":{"rendered":"<p>La Societat ha decidit recuperar la festa en honor a Santa Margarida. Antigament, a La Bisbal, se celebraven festes com Sant Isidre, Sant Antoni o Santa Margarida, per\u00f2 es van &hellip; <a href=\"https:\/\/bisbalpenedes.com\/web\/2017\/07\/20\/la-bisbal-celebra-aquest-cap-de-setmana-la-festa-major-xica\/\" class=\"more-link\">Read More<\/a><\/p>\n","protected":false},"author":4,"featured_media":2874,"comment_status":"closed","ping_status":"closed","sticky":false,"template":"","format":"standard","meta":[],"categories":[13],"tags":[631,589,300,633,636,634,630,635,632],"_links":{"self":[{"href":"https:\/\/bisbalpenedes.com\/web\/wp-json\/wp\/v2\/posts\/2873"}],"collection":[{"href":"https:\/\/bisbalpenedes.com\/web\/wp-json\/wp\/v2\/posts"}],"about":[{"href":"https:\/\/bisbalpenedes.com\/web\/wp-json\/wp\/v2\/types\/post"}],"author":[{"embeddable":true,"href":"https:\/\/bisbalpenedes.com\/web\/wp-json\/wp\/v2\/users\/4"}],"replies":[{"embeddable":true,"href":"https:\/\/bisbalpenedes.com\/web\/wp-json\/wp\/v2\/comments?post=2873"}],"version-history":[{"count":6,"href":"https:\/\/bisbalpenedes.com\/web\/wp-json\/wp\/v2\/posts\/2873\/revisions"}],"predecessor-version":[{"id":2879,"href":"https:\/\/bisbalpenedes.com\/web\/wp-json\/wp\/v2\/posts\/2873\/revisions\/2879"}],"wp:featuredmedia":[{"embeddable":true,"href":"https:\/\/bisbalpenedes.com\/web\/wp-json\/wp\/v2\/media\/2874"}],"wp:attachment":[{"href":"https:\/\/bisbalpenedes.com\/web\/wp-json\/wp\/v2\/media?parent=2873"}],"wp:term":[{"taxonomy":"category","embeddable":true,"href":"https:\/\/bisbalpenedes.com\/web\/wp-json\/wp\/v2\/categories?post=2873"},{"taxonomy":"post_tag","embeddable":true,"href":"https:\/\/bisbalpenedes.com\/web\/wp-json\/wp\/v2\/tags?post=2873"}],"curies":[{"name":"wp","href":"https:\/\/api.w.org\/{rel}","templated":true}]}}