{"id":28724,"date":"2024-01-09T21:52:24","date_gmt":"2024-01-09T19:52:24","guid":{"rendered":"https:\/\/bisbalpenedes.com\/web\/?p=28724"},"modified":"2024-01-09T21:52:24","modified_gmt":"2024-01-09T19:52:24","slug":"us-obligatori-de-la-mascareta-als-centres-i-serveis-sanitaris-per-a-la-prevencio-i-el-control-dinfeccions","status":"publish","type":"post","link":"https:\/\/bisbalpenedes.com\/web\/2024\/01\/09\/us-obligatori-de-la-mascareta-als-centres-i-serveis-sanitaris-per-a-la-prevencio-i-el-control-dinfeccions\/","title":{"rendered":"\u00das obligatori de la mascareta als centres i serveis sanitaris per a la prevenci\u00f3 i el control d&#8217;infeccions"},"content":{"rendered":"\n<p>Avui dimarts 9 de gener s\u2019ha publicat al DOGC la Resoluci\u00f3 SLT\/16\/2024, de 8 de gener, d\u2019adopci\u00f3 de l\u2019obligatorietat de l\u2019\u00fas de la mascareta en centres i serveis sanitaris per a la prevenci\u00f3 i el control d\u2019infeccions.&nbsp;<\/p>\n\n\n\n<p>L\u2019obligatorietat \u00e9s per a persones de sis anys en endavant sempre que es trobin en centres i serveis sanitaris (centres d\u2019atenci\u00f3 interm\u00e8dia, centres d\u2019atenci\u00f3 hospital\u00e0ria, centres d\u2019atenci\u00f3 interm\u00e8dia, centres d\u2019atenci\u00f3 a la salut mental). Aquesta obligaci\u00f3 s\u2019est\u00e9n a les persones treballadores, els visitants i els pacients, amb l\u2019excepci\u00f3 de les persones ingressades quan romanguin en la seva habitaci\u00f3.&nbsp;<\/p>\n\n\n\n<p>Aquesta obligaci\u00f3 no ser\u00e0 exigible en els seg\u00fcents sup\u00f2sits:<\/p>\n\n\n\n<p>a) A les persones que presentin algun tipus de malaltia o dificultat respirat\u00f2ria que pugui veure\u2019s agreujada per l\u2019\u00fas de la mascareta o que, per la seva situaci\u00f3 de discapacitat o depend\u00e8ncia, no disposin d\u2019autonomia per treure\u2019s la mascareta o b\u00e9 presentin alteracions de conducta que facin inviable la seva utilitzaci\u00f3.<\/p>\n\n\n\n<p>b) En el cas que l\u2019\u00fas de la mascareta resulti incompatible amb la naturalesa pr\u00f2pia de les activitats, d\u2019acord amb les indicacions de les autoritats sanit\u00e0ries.<\/p>\n\n\n\n<p>&nbsp;Aix\u00ed, l\u2019\u00fas de la mascareta \u00e9s obligatori en:<\/p>\n\n\n\n<ul><li>&nbsp;Centres sanitaris: CAP, CUAP i hospitals<\/li><\/ul>\n\n\n\n<ul><li>&nbsp;Centres sociosanitaris<\/li><\/ul>\n\n\n\n<p>Es recomana fer-la servir:<\/p>\n\n\n\n<ul><li>En resid\u00e8ncies, en cas d&#8217;aparici\u00f3 de s\u00edmptomes<\/li><\/ul>\n\n\n\n<ul><li>En persones simptom\u00e0tiques<\/li><\/ul>\n\n\n\n<ul><li>En farm\u00e0cies<\/li><\/ul>\n\n\n\n<p>M\u00e9s informaci\u00f3:&nbsp;<a href=\"https:\/\/canalsalut.gencat.cat\/ca\/salut-a-z\/m\/mascareta\/\">https:\/\/canalsalut.gencat.cat\/ca\/salut-a-z\/m\/mascareta\/<\/a><\/p>\n\n\n\n<hr class=\"wp-block-separator has-alpha-channel-opacity\"\/>\n\n\n\n<p><strong>CASTELLANO |&nbsp;<\/strong>Hoy martes 9 de enero se ha publicado en el DOGC la Resoluci\u00f3n SLT\/16\/2024, del 8 de enero, de adopci\u00f3n de la obligatoriedad del uso de la mascarilla en centros y servicios sanitarios para la prevenci\u00f3n y el control de infecciones.<\/p>\n\n\n\n<p>La obligatoriedad es para personas de seis a\u00f1os en adelante, siempre que est\u00e9n en centros y servicios sanitarios (centros de atenci\u00f3n intermedia, centros de atenci\u00f3n hospitalaria, centros de atenci\u00f3n intermedia, centros de atenci\u00f3n a la salud mental). Esta obligaci\u00f3n se extiende a las personas trabajadoras, los visitantes y los pacientes, con la excepci\u00f3n de las personas ingresadas que permanezcan en su habitaci\u00f3n.<\/p>\n\n\n\n<p>Esta obligaci\u00f3n no ser\u00e1 exigible en los siguientes supuestos:<\/p>\n\n\n\n<p>a) A las personas que presenten alg\u00fan tipo de enfermedad o dificultad respiratoria que pueda verse agravada por el uso de la mascarilla o que, por su situaci\u00f3n de discapacidad o dependencia, no dispongan de autonom\u00eda para sacarse la mascarilla o bien presenten alteraciones de conducta que hagan inviable su utilizaci\u00f3n.<\/p>\n\n\n\n<p>b) En el caso de que el uso de la mascarilla resulte incompatible con la naturaleza propia de las actividades, de acuerdo con las indicaciones de las autoridades sanitarias.<\/p>\n\n\n\n<p>As\u00ed, el uso de la mascarilla es obligatorio en:<\/p>\n\n\n\n<ul><li>Centros sanitarios: CAP, CUAP y hospitales<\/li><\/ul>\n\n\n\n<ul><li>Centros sociosanitarios<\/li><\/ul>\n\n\n\n<p>Se recomienda utilizarla:<\/p>\n\n\n\n<ul><li>En residencias, en caso de aparici\u00f3n de s\u00edntomas<\/li><\/ul>\n\n\n\n<ul><li>En personas sintom\u00e1ticas<\/li><\/ul>\n\n\n\n<ul><li>En farmacias<\/li><\/ul>\n\n\n\n<p>M\u00e1s informaci\u00f3n:&nbsp;<a href=\"https:\/\/canalsalut.gencat.cat\/ca\/salut-a-z\/m\/mascareta\/\">https:\/\/canalsalut.gencat.cat\/ca\/salut-a-z\/m\/mascareta\/<\/a>&nbsp;<\/p>\n","protected":false},"excerpt":{"rendered":"<p>Avui dimarts 9 de gener s\u2019ha publicat al DOGC la Resoluci\u00f3 SLT\/16\/2024, de 8 de gener, d\u2019adopci\u00f3 de l\u2019obligatorietat de l\u2019\u00fas de la mascareta en centres i serveis sanitaris per &hellip; <a href=\"https:\/\/bisbalpenedes.com\/web\/2024\/01\/09\/us-obligatori-de-la-mascareta-als-centres-i-serveis-sanitaris-per-a-la-prevencio-i-el-control-dinfeccions\/\" class=\"more-link\">Read More<\/a><\/p>\n","protected":false},"author":4,"featured_media":28725,"comment_status":"closed","ping_status":"closed","sticky":false,"template":"","format":"standard","meta":[],"categories":[8,14],"tags":[],"_links":{"self":[{"href":"https:\/\/bisbalpenedes.com\/web\/wp-json\/wp\/v2\/posts\/28724"}],"collection":[{"href":"https:\/\/bisbalpenedes.com\/web\/wp-json\/wp\/v2\/posts"}],"about":[{"href":"https:\/\/bisbalpenedes.com\/web\/wp-json\/wp\/v2\/types\/post"}],"author":[{"embeddable":true,"href":"https:\/\/bisbalpenedes.com\/web\/wp-json\/wp\/v2\/users\/4"}],"replies":[{"embeddable":true,"href":"https:\/\/bisbalpenedes.com\/web\/wp-json\/wp\/v2\/comments?post=28724"}],"version-history":[{"count":1,"href":"https:\/\/bisbalpenedes.com\/web\/wp-json\/wp\/v2\/posts\/28724\/revisions"}],"predecessor-version":[{"id":28726,"href":"https:\/\/bisbalpenedes.com\/web\/wp-json\/wp\/v2\/posts\/28724\/revisions\/28726"}],"wp:featuredmedia":[{"embeddable":true,"href":"https:\/\/bisbalpenedes.com\/web\/wp-json\/wp\/v2\/media\/28725"}],"wp:attachment":[{"href":"https:\/\/bisbalpenedes.com\/web\/wp-json\/wp\/v2\/media?parent=28724"}],"wp:term":[{"taxonomy":"category","embeddable":true,"href":"https:\/\/bisbalpenedes.com\/web\/wp-json\/wp\/v2\/categories?post=28724"},{"taxonomy":"post_tag","embeddable":true,"href":"https:\/\/bisbalpenedes.com\/web\/wp-json\/wp\/v2\/tags?post=28724"}],"curies":[{"name":"wp","href":"https:\/\/api.w.org\/{rel}","templated":true}]}}