{"id":28719,"date":"2024-01-09T12:45:54","date_gmt":"2024-01-09T10:45:54","guid":{"rendered":"https:\/\/bisbalpenedes.com\/web\/?p=28719"},"modified":"2024-01-09T12:45:54","modified_gmt":"2024-01-09T10:45:54","slug":"avis-afectacions-de-transit-a-la-riba-partir-del-dimecres-10-de-gener","status":"publish","type":"post","link":"https:\/\/bisbalpenedes.com\/web\/2024\/01\/09\/avis-afectacions-de-transit-a-la-riba-partir-del-dimecres-10-de-gener\/","title":{"rendered":"Av\u00eds &#8211; Afectacions de tr\u00e0nsit a la Riba partir del dimecres 10 de gener"},"content":{"rendered":"\n<p>A partir d\u2019aquest dimecres no es podr\u00e0 circular ni aparcar al carrer Santa Cristina, entre el carrer General Manso i el carrer Pare Junqu\u00e9, de 7:30h a 20h. Els ve\u00efns que h\u00e0giu de fer servir el cotxe l\u2019haureu de treure del garatge fora d\u2019aquest horari. Disculpeu les mol\u00e8sties.<\/p>\n\n\n\n<hr class=\"wp-block-separator has-alpha-channel-opacity\"\/>\n\n\n\n<p><strong>CASTELLANO |<\/strong>&nbsp;A partir de este mi\u00e9rcoles no se podr\u00e1 circular ni aparcar en la calle Santa Cristina, entre la calle General Manso y la calle Pare Junqu\u00e9, de 7:30h a 20h. Los vecinos que teng\u00e1is que utilizar el coche lo tendr\u00e9is que sacar del garaje fuera de este horario. Disculpad las molestias.<\/p>\n","protected":false},"excerpt":{"rendered":"<p>A partir d\u2019aquest dimecres no es podr\u00e0 circular ni aparcar al carrer Santa Cristina, entre el carrer General Manso i el carrer Pare Junqu\u00e9, de 7:30h a 20h. Els ve\u00efns &hellip; <a href=\"https:\/\/bisbalpenedes.com\/web\/2024\/01\/09\/avis-afectacions-de-transit-a-la-riba-partir-del-dimecres-10-de-gener\/\" class=\"more-link\">Read More<\/a><\/p>\n","protected":false},"author":4,"featured_media":28721,"comment_status":"closed","ping_status":"closed","sticky":false,"template":"","format":"standard","meta":[],"categories":[1628,8],"tags":[459,3115,2111,393,1381],"_links":{"self":[{"href":"https:\/\/bisbalpenedes.com\/web\/wp-json\/wp\/v2\/posts\/28719"}],"collection":[{"href":"https:\/\/bisbalpenedes.com\/web\/wp-json\/wp\/v2\/posts"}],"about":[{"href":"https:\/\/bisbalpenedes.com\/web\/wp-json\/wp\/v2\/types\/post"}],"author":[{"embeddable":true,"href":"https:\/\/bisbalpenedes.com\/web\/wp-json\/wp\/v2\/users\/4"}],"replies":[{"embeddable":true,"href":"https:\/\/bisbalpenedes.com\/web\/wp-json\/wp\/v2\/comments?post=28719"}],"version-history":[{"count":2,"href":"https:\/\/bisbalpenedes.com\/web\/wp-json\/wp\/v2\/posts\/28719\/revisions"}],"predecessor-version":[{"id":28723,"href":"https:\/\/bisbalpenedes.com\/web\/wp-json\/wp\/v2\/posts\/28719\/revisions\/28723"}],"wp:featuredmedia":[{"embeddable":true,"href":"https:\/\/bisbalpenedes.com\/web\/wp-json\/wp\/v2\/media\/28721"}],"wp:attachment":[{"href":"https:\/\/bisbalpenedes.com\/web\/wp-json\/wp\/v2\/media?parent=28719"}],"wp:term":[{"taxonomy":"category","embeddable":true,"href":"https:\/\/bisbalpenedes.com\/web\/wp-json\/wp\/v2\/categories?post=28719"},{"taxonomy":"post_tag","embeddable":true,"href":"https:\/\/bisbalpenedes.com\/web\/wp-json\/wp\/v2\/tags?post=28719"}],"curies":[{"name":"wp","href":"https:\/\/api.w.org\/{rel}","templated":true}]}}