{"id":28714,"date":"2024-01-08T15:11:47","date_gmt":"2024-01-08T13:11:47","guid":{"rendered":"https:\/\/bisbalpenedes.com\/web\/?p=28714"},"modified":"2024-01-08T15:11:47","modified_gmt":"2024-01-08T13:11:47","slug":"dos-bisbalencs-apareixen-al-documental-laietana-43-el-cau-de-la-bestia-que-sestrena-de-ma-a-les-22-05h-a-nits-sense-ficcio-tv3","status":"publish","type":"post","link":"https:\/\/bisbalpenedes.com\/web\/2024\/01\/08\/dos-bisbalencs-apareixen-al-documental-laietana-43-el-cau-de-la-bestia-que-sestrena-de-ma-a-les-22-05h-a-nits-sense-ficcio-tv3\/","title":{"rendered":"Dos bisbalencs apareixen al documental &#8220;Laietana, 43. El cau de la B\u00e8stia&#8221; que s&#8217;estrena de m\u00e0 a les 22.05h a Nits Sense Ficci\u00f3 (TV3)"},"content":{"rendered":"\n<p>Dem\u00e0 dimarts 9 de gener, a les 22:05h, el programa Nits Sense Ficci\u00f3 de TV3 estrenar\u00e0 el documental \u201cLaietana, 43. El cau de la B\u00e8stia\u201d en el qual han participat els alumnes de TeatreEspai del Vendrell, entre els quals hi ha dos bisbalencs: l\u2019Aniol i la Myriam. A partir de l\u2019emissi\u00f3, tamb\u00e9 el podreu recuperar a la p\u00e0gina del <a href=\"https:\/\/panel.eagora.app\/comunicados\/www.3cat.cat\">www.3cat.cat<\/a><\/p>\n\n\n\n<p>Tr\u00e0iler: <a href=\"https:\/\/www.ccma.cat\/3cat\/trailer-laietana-dimarts-ok\/video\/6253771\/\">https:\/\/www.ccma.cat\/3cat\/trailer-laietana-dimarts-ok\/video\/6253771\/<\/a><\/p>\n\n\n\n<p>\ud835\udde6\ud835\uddf6\ud835\uddfb\ud835\uddfc\ud835\uddfd\ud835\ude00\ud835\uddf6: \u201cEls germans Creix van ser dos dels m\u00e9s temibles torturadors durant el franquisme. M\u00e9s de 40 agents de policia, com a m\u00ednim, van fer de torturadors durant d\u00e8cades a la comissaria Laietana de Barcelona, temuda per la brutalitat i el sadisme en els interrogatoris dels detinguts per raons ideol\u00f2giques, religioses, \u00e8tniques o de g\u00e8nere. El documental els identifica amb l\u2019ajuda de les seves v\u00edctimes\u201d.<\/p>\n\n\n\n<p>M\u00e9s informaci\u00f3: <a href=\"https:\/\/www.ccma.cat\/premsa\/nits-sense-ficcio-estrena-el-documental-laietana-43-el-cau-de-la-bestia\/nota-de-premsa\/3269681\/\">https:\/\/www.ccma.cat\/premsa\/nits-sense-ficcio-estrena-el-documental-laietana-43-el-cau-de-la-bestia\/nota-de-premsa\/3269681\/<\/a><\/p>\n\n\n\n<hr class=\"wp-block-separator has-alpha-channel-opacity\"\/>\n\n\n\n<p><strong>CASTELLANO |<\/strong> Ma\u00f1ana martes 9 de enero, a las 22:05h, el programa Nits Sense Ficci\u00f3 de TV3 estrenar\u00e1 el documental \u201cLaietana, 43. El cau de la B\u00e8stia\u201d en el cual han participado los alumnos de TeatreEspai del Vendrell, entre los cuales hay dos bisbalencs: Aniol y Myriam. A partir de la emisi\u00f3n, tambi\u00e9n lo podr\u00e9is recuperar en la p\u00e1gina del www.3cat.cat.<\/p>\n\n\n\n<p>Tr\u00e1iler: <a href=\"https:\/\/www.ccma.cat\/3cat\/trailer-laietana-dimarts-ok\/video\/6253771\/\">https:\/\/www.ccma.cat\/3cat\/trailer-laietana-dimarts-ok\/video\/6253771\/<\/a><\/p>\n\n\n\n<p>\ud835\udde6\ud835\uddf6\ud835\uddfb\ud835\uddfc\ud835\uddfd\ud835\ude00\ud835\uddf6\ud835\ude00: \u201cLos hermanos Creix fueron dos de los m\u00e1s temibles torturadores durante el franquismo. M\u00e1s de 40 agentes de polic\u00eda, como m\u00ednimo, hicieron de torturadores durante d\u00e9cadas en la comisar\u00eda Laietana de Barcelona, temida por la brutalidad y el sadismo en los interrogatorios de los detenidos por razones ideol\u00f3gicas, religiosas, \u00e9tnicas o de g\u00e9nero. El documental los identifica con la ayuda de sus v\u00edctimas\u201d.<\/p>\n\n\n\n<p>M\u00e1s informaci\u00f3n: <a href=\"https:\/\/www.ccma.cat\/premsa\/nits-sense-ficcio-estrena-el-documental-laietana-43-el-cau-de-la-bestia\/nota-de-premsa\/3269681\/\">https:\/\/www.ccma.cat\/premsa\/nits-sense-ficcio-estrena-el-documental-laietana-43-el-cau-de-la-bestia\/nota-de-premsa\/3269681\/<\/a><\/p>\n\n\n\n<p>*Imatge: captura del tr\u00e0iler del documental<\/p>\n","protected":false},"excerpt":{"rendered":"<p>Dem\u00e0 dimarts 9 de gener, a les 22:05h, el programa Nits Sense Ficci\u00f3 de TV3 estrenar\u00e0 el documental \u201cLaietana, 43. El cau de la B\u00e8stia\u201d en el qual han participat &hellip; <a href=\"https:\/\/bisbalpenedes.com\/web\/2024\/01\/08\/dos-bisbalencs-apareixen-al-documental-laietana-43-el-cau-de-la-bestia-que-sestrena-de-ma-a-les-22-05h-a-nits-sense-ficcio-tv3\/\" class=\"more-link\">Read More<\/a><\/p>\n","protected":false},"author":4,"featured_media":28715,"comment_status":"closed","ping_status":"closed","sticky":false,"template":"","format":"standard","meta":[],"categories":[2370,8],"tags":[319,1202,393,6418,6419],"_links":{"self":[{"href":"https:\/\/bisbalpenedes.com\/web\/wp-json\/wp\/v2\/posts\/28714"}],"collection":[{"href":"https:\/\/bisbalpenedes.com\/web\/wp-json\/wp\/v2\/posts"}],"about":[{"href":"https:\/\/bisbalpenedes.com\/web\/wp-json\/wp\/v2\/types\/post"}],"author":[{"embeddable":true,"href":"https:\/\/bisbalpenedes.com\/web\/wp-json\/wp\/v2\/users\/4"}],"replies":[{"embeddable":true,"href":"https:\/\/bisbalpenedes.com\/web\/wp-json\/wp\/v2\/comments?post=28714"}],"version-history":[{"count":1,"href":"https:\/\/bisbalpenedes.com\/web\/wp-json\/wp\/v2\/posts\/28714\/revisions"}],"predecessor-version":[{"id":28716,"href":"https:\/\/bisbalpenedes.com\/web\/wp-json\/wp\/v2\/posts\/28714\/revisions\/28716"}],"wp:featuredmedia":[{"embeddable":true,"href":"https:\/\/bisbalpenedes.com\/web\/wp-json\/wp\/v2\/media\/28715"}],"wp:attachment":[{"href":"https:\/\/bisbalpenedes.com\/web\/wp-json\/wp\/v2\/media?parent=28714"}],"wp:term":[{"taxonomy":"category","embeddable":true,"href":"https:\/\/bisbalpenedes.com\/web\/wp-json\/wp\/v2\/categories?post=28714"},{"taxonomy":"post_tag","embeddable":true,"href":"https:\/\/bisbalpenedes.com\/web\/wp-json\/wp\/v2\/tags?post=28714"}],"curies":[{"name":"wp","href":"https:\/\/api.w.org\/{rel}","templated":true}]}}