{"id":28710,"date":"2024-01-08T14:58:09","date_gmt":"2024-01-08T12:58:09","guid":{"rendered":"https:\/\/bisbalpenedes.com\/web\/?p=28710"},"modified":"2024-01-08T22:11:36","modified_gmt":"2024-01-08T20:11:36","slug":"agenda-el-divendres-12-de-gener-a-les-1930h-es-presentara-el-llibre-clavellet-un-vampir-de-lalguer-al-cmc","status":"publish","type":"post","link":"https:\/\/bisbalpenedes.com\/web\/2024\/01\/08\/agenda-el-divendres-12-de-gener-a-les-1930h-es-presentara-el-llibre-clavellet-un-vampir-de-lalguer-al-cmc\/","title":{"rendered":"Agenda &#8211; El divendres 12 de gener a les 19:30h es presentar\u00e0 el llibre &#8220;Clavellet, un vampir de l&#8217;Alguer&#8221; al CMC"},"content":{"rendered":"\n<p>El proper divendres 12 de gener, a les 19:30h, l\u2019auditori del CMC acollir\u00e0 la presentaci\u00f3 del llibre \u201cClavellet, un vampir de l\u2019Alguer\u201d (Cal\u00famnia Edicions). Es tracta de la primera novel\u00b7la de Jordi Mart\u00ed Font, on l\u2019autor ha barrejat hist\u00f2ria amb ficci\u00f3.<\/p>\n\n\n\n<p>SINOPSI: Abril de 1941. Tres homes foraden el terra de la cripta del monestir d\u2019Escornalbou. Hi busquen un ta\u00fct sense creu soterrat trenta anys enrere. L\u2019han de portar fins a Poblet, de nit i sense que ning\u00fa ho s\u00e0piga. All\u00ed, han de tornar a colgar-lo, per\u00f2 abans, els homes que els han encarregat la feina travessen el cor del cad\u00e0ver que cont\u00e9 amb una estaca.<\/p>\n\n\n\n<p>\u2028Mort de por pel que acaben de presenciar, un dels operaris, el Joanamaria, amaga uns vells quaderns escrits a m\u00e0 que ha trobat entre la roba del mort. S\u00f3n les mem\u00f2ries de Ramon Clavellet, que el 1906 va representar l\u2019Alguer en el I Congr\u00e9s Internacional de la Llengua Catalana. El poeta alguer\u00e8s m\u00e9s gran d\u2019inicis del segle XX mai no va tornar a Sardenya, va desapar\u00e8ixer sense deixar rastre.<\/p>\n\n\n\n<p>\u2028El llibre inclou les extraordin\u00e0ries i inquietants mem\u00f2ries de Clavellet. L\u2019any 1999, la fil\u00f2loga Ant\u00f2nia Rebull Tost va decidir editar-les i fer-les p\u00fabliques junt amb els poemes de l\u2019autor i altres materials. Avui, finalment, ha arribat \u00ablo dia en qu\u00e8 tots renaixerem\u2026\u00bb<\/p>\n\n\n\n<hr class=\"wp-block-separator has-alpha-channel-opacity\"\/>\n\n\n\n<p><strong>CASTELLANO |<\/strong> El pr\u00f3ximo viernes 12 de enero, a las 19:30h, el auditorio del CMC acoger\u00e1 la presentaci\u00f3n del libro \u201cClavellet, un vampir de l\u2019Alguer\u201d (Cal\u00famnia Edicios). Se trata de la primera novela de Jordi Mart\u00ed Font, en la que el autor ha mezclado historia con ficci\u00f3n.<br>SINOPSIS: Abril de 1941. Tres hombres agujerean el suelo de la cripta del monasterio de Escornalbou. Buscan un ata\u00fad sin cruz enterrado treinta a\u00f1os atr\u00e1s. Lo tienen que llevar hasta Poblet, de noche y sin que nadie lo sepa. All\u00ed, lo tienen que volver a colgar, pero antes, los hombres que se han encargado del trabajo atraviesan el corazon del cad\u00e1ver que contiene con una estaca.<\/p>\n\n\n\n<p>Muerto de miedo por lo que acaban de presenciar, uno de los operarios, el Joanmaria, esconde unos viejos cuadernos escritos a mano que ha encontrado entre la ropa del muerto. Son las memorias de Ramon Clavellet, que en el 1906 represent\u00f3 el Alguer en el I Congreso Internacional de la Lengua Catalana. El poeta del Alguer m\u00e1s grande de principios del siglo XX nunca volvi\u00f3 a Cerde\u00f1a, desapareci\u00f3 sin dejar ni rastro.<\/p>\n\n\n\n<p>El libro incluye las extraordinarias e inquietantes memorias de Clavellet. El a\u00f1o 1999, la fil\u00f3loga Antonia Rebull Tost decidi\u00f3 editarlas y hacerlas p\u00fablicas junto con los poemas del autor y otros materiales. Hoy, finalmente, ha llegado \u201cel d\u00eda en el que todos renaceremos\u2026\u201d.<\/p>\n","protected":false},"excerpt":{"rendered":"<p>El proper divendres 12 de gener, a les 19:30h, l\u2019auditori del CMC acollir\u00e0 la presentaci\u00f3 del llibre \u201cClavellet, un vampir de l\u2019Alguer\u201d (Cal\u00famnia Edicions). Es tracta de la primera novel\u00b7la &hellip; <a href=\"https:\/\/bisbalpenedes.com\/web\/2024\/01\/08\/agenda-el-divendres-12-de-gener-a-les-1930h-es-presentara-el-llibre-clavellet-un-vampir-de-lalguer-al-cmc\/\" class=\"more-link\">Read More<\/a><\/p>\n","protected":false},"author":4,"featured_media":28717,"comment_status":"closed","ping_status":"closed","sticky":false,"template":"","format":"standard","meta":[],"categories":[2942,13,8],"tags":[459,6416,393,47,6417],"_links":{"self":[{"href":"https:\/\/bisbalpenedes.com\/web\/wp-json\/wp\/v2\/posts\/28710"}],"collection":[{"href":"https:\/\/bisbalpenedes.com\/web\/wp-json\/wp\/v2\/posts"}],"about":[{"href":"https:\/\/bisbalpenedes.com\/web\/wp-json\/wp\/v2\/types\/post"}],"author":[{"embeddable":true,"href":"https:\/\/bisbalpenedes.com\/web\/wp-json\/wp\/v2\/users\/4"}],"replies":[{"embeddable":true,"href":"https:\/\/bisbalpenedes.com\/web\/wp-json\/wp\/v2\/comments?post=28710"}],"version-history":[{"count":1,"href":"https:\/\/bisbalpenedes.com\/web\/wp-json\/wp\/v2\/posts\/28710\/revisions"}],"predecessor-version":[{"id":28712,"href":"https:\/\/bisbalpenedes.com\/web\/wp-json\/wp\/v2\/posts\/28710\/revisions\/28712"}],"wp:featuredmedia":[{"embeddable":true,"href":"https:\/\/bisbalpenedes.com\/web\/wp-json\/wp\/v2\/media\/28717"}],"wp:attachment":[{"href":"https:\/\/bisbalpenedes.com\/web\/wp-json\/wp\/v2\/media?parent=28710"}],"wp:term":[{"taxonomy":"category","embeddable":true,"href":"https:\/\/bisbalpenedes.com\/web\/wp-json\/wp\/v2\/categories?post=28710"},{"taxonomy":"post_tag","embeddable":true,"href":"https:\/\/bisbalpenedes.com\/web\/wp-json\/wp\/v2\/tags?post=28710"}],"curies":[{"name":"wp","href":"https:\/\/api.w.org\/{rel}","templated":true}]}}