{"id":28705,"date":"2024-01-08T14:51:28","date_gmt":"2024-01-08T12:51:28","guid":{"rendered":"https:\/\/bisbalpenedes.com\/web\/?p=28705"},"modified":"2024-01-08T14:51:28","modified_gmt":"2024-01-08T12:51:28","slug":"la-cavalcada-de-reis-denguany-ha-comptat-amb-un-dispositiu-de-seguretat","status":"publish","type":"post","link":"https:\/\/bisbalpenedes.com\/web\/2024\/01\/08\/la-cavalcada-de-reis-denguany-ha-comptat-amb-un-dispositiu-de-seguretat\/","title":{"rendered":"La cavalcada de reis d&#8217;enguany ha comptat amb un dispositiu de seguretat"},"content":{"rendered":"\n<p>Enguany, l\u2019Ajuntament de la Bisbal del Pened\u00e8s ha incorporat un dispositiu de seguretat durant la cavalcada de reis amb l\u2019objectiu de vetllar per la seguretat de les persones. Durant la cavalcada es van llen\u00e7ar caramels i els professionals de la seguretat van treballar amb l\u2019objectiu que les persones, especialment els infants, mantinguessin certa dist\u00e0ncia amb les carrosses, especialment en els carrers m\u00e9s estrets.<\/p>\n\n\n\n<p>La regidora de Seguretat Ciutadana, S\u00edlvia Monfort, ha explicat que \u201chem fet el recorregut amb els reis i hem pogut organitzar el dispositiu de seguretat, que ha estat molt professional i ha cuidat els bisbalencs i les bisbalenques durant la cavalcada\u201d.<\/p>\n\n\n\n<p>Aprofitem per mostrar el nostre agra\u00efment cap als bisbalencs i les bisbalenques que no han aparcat a l\u2019avinguda Colom i a la pla\u00e7a Catalunya perqu\u00e8, aix\u00ed, els infants hagin pogut veure b\u00e9 la cavalcada.<\/p>\n\n\n\n<figure class=\"wp-block-image size-large\"><img loading=\"lazy\" width=\"1024\" height=\"609\" src=\"https:\/\/bisbalpenedes.com\/web\/wp-content\/uploads\/2024\/01\/IMG_4108-1024x609.jpg\" alt=\"\" class=\"wp-image-28707\" srcset=\"https:\/\/bisbalpenedes.com\/web\/wp-content\/uploads\/2024\/01\/IMG_4108-1024x609.jpg 1024w, https:\/\/bisbalpenedes.com\/web\/wp-content\/uploads\/2024\/01\/IMG_4108-300x178.jpg 300w, https:\/\/bisbalpenedes.com\/web\/wp-content\/uploads\/2024\/01\/IMG_4108-768x457.jpg 768w, https:\/\/bisbalpenedes.com\/web\/wp-content\/uploads\/2024\/01\/IMG_4108-1536x913.jpg 1536w, https:\/\/bisbalpenedes.com\/web\/wp-content\/uploads\/2024\/01\/IMG_4108-2048x1217.jpg 2048w, https:\/\/bisbalpenedes.com\/web\/wp-content\/uploads\/2024\/01\/IMG_4108-600x357.jpg 600w\" sizes=\"(max-width: 1024px) 100vw, 1024px\" \/><\/figure>\n\n\n\n<hr class=\"wp-block-separator has-alpha-channel-opacity\"\/>\n\n\n\n<p><strong>CASTELLANO |<\/strong>\u00a0Este a\u00f1o, el Ayuntamiento de la Bisbal del Pened\u00e8s ha incorporado un dispositivo de seguridad durante la cabalgata de reyes con el objetivo de velar por la seguridad de las personas. Durante la cabalgata se tiraron caramelos y los profesionales de la seguridad trabajaron con el objetivo que las personas, especialmente los ni\u00f1os, mantuviesen cierta distancia con las carrozas, especialmente en las calles m\u00e1s estrechas.<\/p>\n\n\n\n<p>La concejala de Seguridad Ciudadana, S\u00edlvia Monfort, ha explicado que \u201chemos hecho el recorrido con los reyes y hemos podido organizar el dispositivo de seguridad, que ha sido muy profesional y ha cuidado de los bisbalencs y las bisbalenques durante la cabalgata\u201d.<\/p>\n\n\n\n<p>Aprovechamos para mostrar nuestro agradecimiento hacia los bisbalencs y las bisbalenques que no han aparcado en la avenida Colom y en la plaza Catalunya para que, as\u00ed, los ni\u00f1os y ni\u00f1as hayan podido ver bien la cabalgata.<\/p>\n","protected":false},"excerpt":{"rendered":"<p>Enguany, l\u2019Ajuntament de la Bisbal del Pened\u00e8s ha incorporat un dispositiu de seguretat durant la cavalcada de reis amb l\u2019objectiu de vetllar per la seguretat de les persones. Durant la &hellip; <a href=\"https:\/\/bisbalpenedes.com\/web\/2024\/01\/08\/la-cavalcada-de-reis-denguany-ha-comptat-amb-un-dispositiu-de-seguretat\/\" class=\"more-link\">Read More<\/a><\/p>\n","protected":false},"author":4,"featured_media":28706,"comment_status":"closed","ping_status":"closed","sticky":false,"template":"","format":"standard","meta":[],"categories":[8,4149],"tags":[459,2614,962,393],"_links":{"self":[{"href":"https:\/\/bisbalpenedes.com\/web\/wp-json\/wp\/v2\/posts\/28705"}],"collection":[{"href":"https:\/\/bisbalpenedes.com\/web\/wp-json\/wp\/v2\/posts"}],"about":[{"href":"https:\/\/bisbalpenedes.com\/web\/wp-json\/wp\/v2\/types\/post"}],"author":[{"embeddable":true,"href":"https:\/\/bisbalpenedes.com\/web\/wp-json\/wp\/v2\/users\/4"}],"replies":[{"embeddable":true,"href":"https:\/\/bisbalpenedes.com\/web\/wp-json\/wp\/v2\/comments?post=28705"}],"version-history":[{"count":1,"href":"https:\/\/bisbalpenedes.com\/web\/wp-json\/wp\/v2\/posts\/28705\/revisions"}],"predecessor-version":[{"id":28708,"href":"https:\/\/bisbalpenedes.com\/web\/wp-json\/wp\/v2\/posts\/28705\/revisions\/28708"}],"wp:featuredmedia":[{"embeddable":true,"href":"https:\/\/bisbalpenedes.com\/web\/wp-json\/wp\/v2\/media\/28706"}],"wp:attachment":[{"href":"https:\/\/bisbalpenedes.com\/web\/wp-json\/wp\/v2\/media?parent=28705"}],"wp:term":[{"taxonomy":"category","embeddable":true,"href":"https:\/\/bisbalpenedes.com\/web\/wp-json\/wp\/v2\/categories?post=28705"},{"taxonomy":"post_tag","embeddable":true,"href":"https:\/\/bisbalpenedes.com\/web\/wp-json\/wp\/v2\/tags?post=28705"}],"curies":[{"name":"wp","href":"https:\/\/api.w.org\/{rel}","templated":true}]}}