{"id":28693,"date":"2024-01-05T09:47:05","date_gmt":"2024-01-05T07:47:05","guid":{"rendered":"https:\/\/bisbalpenedes.com\/web\/?p=28693"},"modified":"2024-01-05T10:08:07","modified_gmt":"2024-01-05T08:08:07","slug":"avis-per-vent-per-al-dissabte-i-el-diumenge","status":"publish","type":"post","link":"https:\/\/bisbalpenedes.com\/web\/2024\/01\/05\/avis-per-vent-per-al-dissabte-i-el-diumenge\/","title":{"rendered":"Av\u00eds per vent per al dissabte i el diumenge"},"content":{"rendered":"\n<p>El Servei Meteorol\u00f2gic de Catalunya ha publicat un av\u00eds per vent per al dissabte i el diumenge.<br>A m\u00e9s, es preveu una baixada de temperatures a partir d&#8217;aquesta tarda. Abrigueu-vos per venir a la cavalcada!<\/p>\n\n\n\n<hr class=\"wp-block-separator has-alpha-channel-opacity\"\/>\n\n\n\n<p>El Servei Meteorol\u00f2gic de Catalunya ha publicado un aviso por viento para el s\u00e1bado y el domingo.<br>Adem\u00e1s, se prev\u00e9 una bajada de temperaturas a partir de esta tarde. \u00a1Abrigaos para venir a la cabalgata!<\/p>\n\n\n\n<figure class=\"wp-block-image size-large\"><img loading=\"lazy\" width=\"1024\" height=\"1024\" src=\"https:\/\/bisbalpenedes.com\/web\/wp-content\/uploads\/2024\/01\/2-1024x1024.png\" alt=\"\" class=\"wp-image-28694\" srcset=\"https:\/\/bisbalpenedes.com\/web\/wp-content\/uploads\/2024\/01\/2-1024x1024.png 1024w, https:\/\/bisbalpenedes.com\/web\/wp-content\/uploads\/2024\/01\/2-300x300.png 300w, https:\/\/bisbalpenedes.com\/web\/wp-content\/uploads\/2024\/01\/2-150x150.png 150w, https:\/\/bisbalpenedes.com\/web\/wp-content\/uploads\/2024\/01\/2-768x768.png 768w, https:\/\/bisbalpenedes.com\/web\/wp-content\/uploads\/2024\/01\/2-600x600.png 600w, https:\/\/bisbalpenedes.com\/web\/wp-content\/uploads\/2024\/01\/2-100x100.png 100w, https:\/\/bisbalpenedes.com\/web\/wp-content\/uploads\/2024\/01\/2.png 1080w\" sizes=\"(max-width: 1024px) 100vw, 1024px\" \/><figcaption>t<\/figcaption><\/figure>\n\n\n\n<figure class=\"wp-block-image size-large\"><img loading=\"lazy\" width=\"722\" height=\"1024\" src=\"https:\/\/bisbalpenedes.com\/web\/wp-content\/uploads\/2022\/11\/Triptic_ventades-story_page-0001-722x1024.jpg\" alt=\"\" class=\"wp-image-24007\" srcset=\"https:\/\/bisbalpenedes.com\/web\/wp-content\/uploads\/2022\/11\/Triptic_ventades-story_page-0001-722x1024.jpg 722w, https:\/\/bisbalpenedes.com\/web\/wp-content\/uploads\/2022\/11\/Triptic_ventades-story_page-0001-212x300.jpg 212w, https:\/\/bisbalpenedes.com\/web\/wp-content\/uploads\/2022\/11\/Triptic_ventades-story_page-0001-768x1089.jpg 768w, https:\/\/bisbalpenedes.com\/web\/wp-content\/uploads\/2022\/11\/Triptic_ventades-story_page-0001-600x851.jpg 600w, https:\/\/bisbalpenedes.com\/web\/wp-content\/uploads\/2022\/11\/Triptic_ventades-story_page-0001.jpg 875w\" sizes=\"(max-width: 722px) 100vw, 722px\" \/><\/figure>\n\n\n\n<figure class=\"wp-block-image size-large\"><img loading=\"lazy\" width=\"722\" height=\"1024\" src=\"https:\/\/bisbalpenedes.com\/web\/wp-content\/uploads\/2022\/11\/Triptic_ventades-story_page-0002-722x1024.jpg\" alt=\"\" class=\"wp-image-24008\" srcset=\"https:\/\/bisbalpenedes.com\/web\/wp-content\/uploads\/2022\/11\/Triptic_ventades-story_page-0002-722x1024.jpg 722w, https:\/\/bisbalpenedes.com\/web\/wp-content\/uploads\/2022\/11\/Triptic_ventades-story_page-0002-212x300.jpg 212w, https:\/\/bisbalpenedes.com\/web\/wp-content\/uploads\/2022\/11\/Triptic_ventades-story_page-0002-768x1089.jpg 768w, https:\/\/bisbalpenedes.com\/web\/wp-content\/uploads\/2022\/11\/Triptic_ventades-story_page-0002-600x851.jpg 600w, https:\/\/bisbalpenedes.com\/web\/wp-content\/uploads\/2022\/11\/Triptic_ventades-story_page-0002.jpg 875w\" sizes=\"(max-width: 722px) 100vw, 722px\" \/><\/figure>\n","protected":false},"excerpt":{"rendered":"<p>El Servei Meteorol\u00f2gic de Catalunya ha publicat un av\u00eds per vent per al dissabte i el diumenge.A m\u00e9s, es preveu una baixada de temperatures a partir d&#8217;aquesta tarda. Abrigueu-vos per &hellip; <a href=\"https:\/\/bisbalpenedes.com\/web\/2024\/01\/05\/avis-per-vent-per-al-dissabte-i-el-diumenge\/\" class=\"more-link\">Read More<\/a><\/p>\n","protected":false},"author":4,"featured_media":28695,"comment_status":"closed","ping_status":"closed","sticky":false,"template":"","format":"standard","meta":[],"categories":[2543,8],"tags":[4613,459,393,1188,1374,1187],"_links":{"self":[{"href":"https:\/\/bisbalpenedes.com\/web\/wp-json\/wp\/v2\/posts\/28693"}],"collection":[{"href":"https:\/\/bisbalpenedes.com\/web\/wp-json\/wp\/v2\/posts"}],"about":[{"href":"https:\/\/bisbalpenedes.com\/web\/wp-json\/wp\/v2\/types\/post"}],"author":[{"embeddable":true,"href":"https:\/\/bisbalpenedes.com\/web\/wp-json\/wp\/v2\/users\/4"}],"replies":[{"embeddable":true,"href":"https:\/\/bisbalpenedes.com\/web\/wp-json\/wp\/v2\/comments?post=28693"}],"version-history":[{"count":2,"href":"https:\/\/bisbalpenedes.com\/web\/wp-json\/wp\/v2\/posts\/28693\/revisions"}],"predecessor-version":[{"id":28697,"href":"https:\/\/bisbalpenedes.com\/web\/wp-json\/wp\/v2\/posts\/28693\/revisions\/28697"}],"wp:featuredmedia":[{"embeddable":true,"href":"https:\/\/bisbalpenedes.com\/web\/wp-json\/wp\/v2\/media\/28695"}],"wp:attachment":[{"href":"https:\/\/bisbalpenedes.com\/web\/wp-json\/wp\/v2\/media?parent=28693"}],"wp:term":[{"taxonomy":"category","embeddable":true,"href":"https:\/\/bisbalpenedes.com\/web\/wp-json\/wp\/v2\/categories?post=28693"},{"taxonomy":"post_tag","embeddable":true,"href":"https:\/\/bisbalpenedes.com\/web\/wp-json\/wp\/v2\/tags?post=28693"}],"curies":[{"name":"wp","href":"https:\/\/api.w.org\/{rel}","templated":true}]}}