{"id":28689,"date":"2024-01-04T18:20:00","date_gmt":"2024-01-04T16:20:00","guid":{"rendered":"https:\/\/bisbalpenedes.com\/web\/?p=28689"},"modified":"2024-01-05T09:33:12","modified_gmt":"2024-01-05T07:33:12","slug":"avis-5-de-gener-afectacions-en-laparcament-al-nucli-amb-motiu-de-la-cavalcada","status":"publish","type":"post","link":"https:\/\/bisbalpenedes.com\/web\/2024\/01\/04\/avis-5-de-gener-afectacions-en-laparcament-al-nucli-amb-motiu-de-la-cavalcada\/","title":{"rendered":"Av\u00eds &#8211; 5 de gener: afectacions en l&#8217;aparcament -al nucli- amb motiu de la cavalcada"},"content":{"rendered":"\n<p>Amb motiu de la cavalcada de SSMM els Reis d\u2019Orient del 5 de gener, us demanem que no aparqueu a la pla\u00e7a Catalunya ni a l&#8217;avinguda Colom perqu\u00e8 els infants puguin veure b\u00e9 el pas de les carrosses des de les voreres. Gr\u00e0cies per la vostra col\u00b7laboraci\u00f3.<\/p>\n\n\n\n<hr class=\"wp-block-separator has-alpha-channel-opacity\"\/>\n\n\n\n<p><strong>CASTELLANO<\/strong>&nbsp;| Con motivo de la cabalgata de SSMM los Reyes Magos del 5 de enero, os pedimos que no aparqu\u00e9is en la plaza Catalunya ni en la avenida Colom para que los ni\u00f1os y ni\u00f1as puedan ver bien el paso de las carrozas desde las aceras. Gracias por vuestra colaboraci\u00f3n.<\/p>\n\n\n\n<p><\/p>\n\n\n\n<p>Recorregut dels Reis d&#8217;Orient\/Recorrido de los Reyes Magos: <a href=\"https:\/\/bisbalpenedes.com\/web\/2023\/12\/29\/arribada-del-patge-lhome-dels-nassos-i-ssmm-els-reis-dorient\/\">https:\/\/bisbalpenedes.com\/web\/2023\/12\/29\/arribada-del-patge-lhome-dels-nassos-i-ssmm-els-reis-dorient\/<\/a><\/p>\n","protected":false},"excerpt":{"rendered":"<p>Amb motiu de la cavalcada de SSMM els Reis d\u2019Orient del 5 de gener, us demanem que no aparqueu a la pla\u00e7a Catalunya ni a l&#8217;avinguda Colom perqu\u00e8 els infants &hellip; <a href=\"https:\/\/bisbalpenedes.com\/web\/2024\/01\/04\/avis-5-de-gener-afectacions-en-laparcament-al-nucli-amb-motiu-de-la-cavalcada\/\" class=\"more-link\">Read More<\/a><\/p>\n","protected":false},"author":4,"featured_media":28690,"comment_status":"closed","ping_status":"closed","sticky":false,"template":"","format":"standard","meta":[],"categories":[1628,13,8],"tags":[459,1374,97],"_links":{"self":[{"href":"https:\/\/bisbalpenedes.com\/web\/wp-json\/wp\/v2\/posts\/28689"}],"collection":[{"href":"https:\/\/bisbalpenedes.com\/web\/wp-json\/wp\/v2\/posts"}],"about":[{"href":"https:\/\/bisbalpenedes.com\/web\/wp-json\/wp\/v2\/types\/post"}],"author":[{"embeddable":true,"href":"https:\/\/bisbalpenedes.com\/web\/wp-json\/wp\/v2\/users\/4"}],"replies":[{"embeddable":true,"href":"https:\/\/bisbalpenedes.com\/web\/wp-json\/wp\/v2\/comments?post=28689"}],"version-history":[{"count":2,"href":"https:\/\/bisbalpenedes.com\/web\/wp-json\/wp\/v2\/posts\/28689\/revisions"}],"predecessor-version":[{"id":28692,"href":"https:\/\/bisbalpenedes.com\/web\/wp-json\/wp\/v2\/posts\/28689\/revisions\/28692"}],"wp:featuredmedia":[{"embeddable":true,"href":"https:\/\/bisbalpenedes.com\/web\/wp-json\/wp\/v2\/media\/28690"}],"wp:attachment":[{"href":"https:\/\/bisbalpenedes.com\/web\/wp-json\/wp\/v2\/media?parent=28689"}],"wp:term":[{"taxonomy":"category","embeddable":true,"href":"https:\/\/bisbalpenedes.com\/web\/wp-json\/wp\/v2\/categories?post=28689"},{"taxonomy":"post_tag","embeddable":true,"href":"https:\/\/bisbalpenedes.com\/web\/wp-json\/wp\/v2\/tags?post=28689"}],"curies":[{"name":"wp","href":"https:\/\/api.w.org\/{rel}","templated":true}]}}