{"id":28684,"date":"2024-01-03T10:19:17","date_gmt":"2024-01-03T08:19:17","guid":{"rendered":"https:\/\/bisbalpenedes.com\/web\/?p=28684"},"modified":"2024-01-03T10:28:14","modified_gmt":"2024-01-03T08:28:14","slug":"saprova-la-justificacio-i-el-segon-pagament-del-conveni-de-lajuntament-de-la-bisbal-del-penedes-i-joventut-bisbalenca-cf-per-a-la-temporada-2022-2023","status":"publish","type":"post","link":"https:\/\/bisbalpenedes.com\/web\/2024\/01\/03\/saprova-la-justificacio-i-el-segon-pagament-del-conveni-de-lajuntament-de-la-bisbal-del-penedes-i-joventut-bisbalenca-cf-per-a-la-temporada-2022-2023\/","title":{"rendered":"S\u2019aprova la justificaci\u00f3 i el segon pagament del conveni de l\u2019Ajuntament de la Bisbal del Pened\u00e8s i Joventut Bisbalenca CF per a la temporada 2022\/2023"},"content":{"rendered":"\n<p>El 29 de desembre es va aprovar, mitjan\u00e7ant Decret d&#8217;alcaldia, la justificaci\u00f3 del conveni de col\u00b7laboraci\u00f3 per a la temporada 2022\/2023 entre l&#8217;Ajuntament de la Bisbal del Pened\u00e8s i Joventut Bisbalenca CF. Tamb\u00e9 es va aprovar el segon pagament del conveni per 960,14\u20ac.<\/p>\n\n\n\n<p>El novembre de 2022 es va signar el conveni de col\u00b7laboraci\u00f3 per a la temporada 2022\/23 amb l&#8217;objectiu de promoure l&#8217;esport al municipi, fomentar les activitats esportives de car\u00e0cter formatiu i de competici\u00f3 i, en especial, les relacionades amb el futbol. Mitjan\u00e7ant el conveni, l&#8217;Ajuntament concedia a l&#8217;entitat un import de fins a 23.000\u20ac de forma directa per a les activitats que es fessin entre l&#8217;inici de la temporada i el 30 de juny de 2023. El primer pagament va ser de 18.000\u20ac, quan es va signar el conveni, i el segon s&#8217;ha fet despr\u00e9s de la justificaci\u00f3. Tenint en compte els ingressos i despeses justificades, s&#8217;ha abonat un segon pagament de 960,14\u20ac, que fa que el conveni per a la temporada 2022\/23 hagi estat per 18.960,14\u20ac.<\/p>\n\n\n\n<p>La Regidoria d&#8217;Esports ja est\u00e0 treballant en el conveni de la temporada 2023\/24, que es preveu aprovar en les primeres setmanes d&#8217;aquest any.<\/p>\n\n\n\n<hr class=\"wp-block-separator has-alpha-channel-opacity\"\/>\n\n\n\n<p><strong>CASTELLANO |<\/strong> El 29 de diciembre se aprob\u00f3, mediante Decreto de alcald\u00eda, la justificaci\u00f3n del convenio de colaboraci\u00f3n para la temporada 2022\/2023 entre el Ajuntament de la Bisbal del Pened\u00e8s y Joventut Bisbalenca CF. Tambi\u00e9n se aprob\u00f3 el segundo pago del convenio por 960,14\u20ac.<\/p>\n\n\n\n<p>En noviembre de 2022 se firm\u00f3 el convenio de colaboraci\u00f3n para la temporada 2022\/23 con el objetivo de promover el deporte en el municipio, fomentar las actividades deportivas de car\u00e1cter formativo y de competici\u00f3n y, en especial, las relacionadas con el f\u00fatbol. Mediante el convenio, el Ajuntament conced\u00eda a la entidad un importe de hasta 23.000\u20ac de forma directa para las actividades que se realizasen entre el inicio de la temporada y el 30 de junio de 2023. El primer pago fue de 18.000\u20ac, cuando se firm\u00f3 el convenio, y el segundo se ha hecho despu\u00e9s de la justificaci\u00f3n. Teniendo en cuenta los ingresos y gastos justificados, se ha abonado un segundo pago de 960,14\u20ac que hace que el convenio para la temporada 2022\/23 haya sido por 18.960,14\u20ac.<\/p>\n\n\n\n<p>La Concejal\u00eda de Deportes ya est\u00e1 trabajando en el convenio de la temporada 2023\/24, que se prev\u00e9 aprobar en las primeras semanas de este a\u00f1o.<\/p>\n","protected":false},"excerpt":{"rendered":"<p>El 29 de desembre es va aprovar, mitjan\u00e7ant Decret d&#8217;alcaldia, la justificaci\u00f3 del conveni de col\u00b7laboraci\u00f3 per a la temporada 2022\/2023 entre l&#8217;Ajuntament de la Bisbal del Pened\u00e8s i Joventut &hellip; <a href=\"https:\/\/bisbalpenedes.com\/web\/2024\/01\/03\/saprova-la-justificacio-i-el-segon-pagament-del-conveni-de-lajuntament-de-la-bisbal-del-penedes-i-joventut-bisbalenca-cf-per-a-la-temporada-2022-2023\/\" class=\"more-link\">Read More<\/a><\/p>\n","protected":false},"author":4,"featured_media":28685,"comment_status":"closed","ping_status":"closed","sticky":false,"template":"","format":"standard","meta":[],"categories":[19,8],"tags":[459,440,368,367,345,393,99],"_links":{"self":[{"href":"https:\/\/bisbalpenedes.com\/web\/wp-json\/wp\/v2\/posts\/28684"}],"collection":[{"href":"https:\/\/bisbalpenedes.com\/web\/wp-json\/wp\/v2\/posts"}],"about":[{"href":"https:\/\/bisbalpenedes.com\/web\/wp-json\/wp\/v2\/types\/post"}],"author":[{"embeddable":true,"href":"https:\/\/bisbalpenedes.com\/web\/wp-json\/wp\/v2\/users\/4"}],"replies":[{"embeddable":true,"href":"https:\/\/bisbalpenedes.com\/web\/wp-json\/wp\/v2\/comments?post=28684"}],"version-history":[{"count":2,"href":"https:\/\/bisbalpenedes.com\/web\/wp-json\/wp\/v2\/posts\/28684\/revisions"}],"predecessor-version":[{"id":28687,"href":"https:\/\/bisbalpenedes.com\/web\/wp-json\/wp\/v2\/posts\/28684\/revisions\/28687"}],"wp:featuredmedia":[{"embeddable":true,"href":"https:\/\/bisbalpenedes.com\/web\/wp-json\/wp\/v2\/media\/28685"}],"wp:attachment":[{"href":"https:\/\/bisbalpenedes.com\/web\/wp-json\/wp\/v2\/media?parent=28684"}],"wp:term":[{"taxonomy":"category","embeddable":true,"href":"https:\/\/bisbalpenedes.com\/web\/wp-json\/wp\/v2\/categories?post=28684"},{"taxonomy":"post_tag","embeddable":true,"href":"https:\/\/bisbalpenedes.com\/web\/wp-json\/wp\/v2\/tags?post=28684"}],"curies":[{"name":"wp","href":"https:\/\/api.w.org\/{rel}","templated":true}]}}