{"id":28678,"date":"2023-12-30T19:16:36","date_gmt":"2023-12-30T17:16:36","guid":{"rendered":"https:\/\/bisbalpenedes.com\/web\/?p=28678"},"modified":"2024-05-06T13:31:36","modified_gmt":"2024-05-06T11:31:36","slug":"el-passat-dilluns-18-de-desembre-es-va-celebrar-el-ple-ordinari-del-darrer-trimestre-del-2023-de-lajuntament-de-la-bisbal-del-penedes","status":"publish","type":"post","link":"https:\/\/bisbalpenedes.com\/web\/2023\/12\/30\/el-passat-dilluns-18-de-desembre-es-va-celebrar-el-ple-ordinari-del-darrer-trimestre-del-2023-de-lajuntament-de-la-bisbal-del-penedes\/","title":{"rendered":"<strong>El passat dilluns 18 de desembre es va celebrar el Ple ordinari del darrer trimestre del 2023 de l\u2019Ajuntament de la Bisbal del Pened\u00e8s<\/strong>"},"content":{"rendered":"\n<p>El passat dilluns 18 de desembre es va celebrar el Ple ordinari del darrer trimestre de 2023 de l&#8217;Ajuntament de la Bisbal del Pened\u00e8s. El Ple va excusar l&#8217;assist\u00e8ncia del regidor Ra\u00fal Cort\u00e9s (Tots som la Bisbal).<\/p>\n\n\n\n<p>Podeu trobar el v\u00eddeo \u00edntegre del Ple al portal de v\u00eddeoactes: <a href=\"https:\/\/actes.bisbalpenedes.com\/session\/sessionDetail\/8a8080848acca6ef018c81fb9299003c\">https:\/\/actes.bisbalpenedes.com\/session\/sessionDetail\/8a8080848acca6ef018c81fb9299003c<\/a><\/p>\n\n\n\n<p>En aquest mateix enlla\u00e7, trobareu l&#8217;acc\u00e9s directe a cada punt del Ple, per poder veure el v\u00eddeo des del punt que us interessi veure\/escoltar.<\/p>\n\n\n\n<p>A la sessi\u00f3, s&#8217;hi van tractar els punts seg\u00fcents:<\/p>\n\n\n\n<p><strong>1.-Aprovaci\u00f3 de l&#8217;acta del Ple ordinari del 18 de setembre.<\/strong><\/p>\n\n\n\n<p>Es va aprovar per unanimitat.<\/p>\n\n\n\n<p><strong>2.-Aprovaci\u00f3 de l&#8217;acta del Ple extraordinari del 13 de novembre.<\/strong><\/p>\n\n\n\n<p>Es va aprovar per unanimitat.<\/p>\n\n\n\n<p><strong>3.-Ratificaci\u00f3 del Decret d&#8217;alcaldia d&#8217;aprovaci\u00f3 de l&#8217;increment retributiu addicional del 0,5% al personal municipal funcionari i laboral, amb efectes de l&#8217;1 de gener de 2023.<\/strong><\/p>\n\n\n\n<p>Es va aprovar la ratificaci\u00f3 per unanimitat.<\/p>\n\n\n\n<p>L&#8217;increment salarial que s&#8217;aplica d&#8217;acord amb la Resoluci\u00f3 del 4 d&#8217;octubre de 2023 de la Secretaria d&#8217;Estat de Funci\u00f3 P\u00fablica, per la qual es publica l&#8217;Acord del Consell de Ministres del 3 d&#8217;octubre de 2023, que aprova l&#8217;increment del 0,5% de les retribucions del personal al servei del sector p\u00fablic a aplicar des de l&#8217;1 de gener de 2023. Es tracta d&#8217;un acord que tamb\u00e9 es va prendre a la mesa de negociaci\u00f3 del 4 de desembre.<\/p>\n\n\n\n<p>L&#8217;increment s&#8217;ha incl\u00f2s en la n\u00f2mina del mes de desembre i s&#8217;aplicar\u00e0 sobre les retribucions b\u00e0siques, els triennis, els complements de destinaci\u00f3 i les pagues extraordin\u00e0ries, aix\u00ed com sobre els complements espec\u00edfics i els complements de productivitat de tot el personal. Cal dir que legalment aquest increment nom\u00e9s \u00e9s per a les retribucions b\u00e0siques, els triennis, els complements de destinaci\u00f3 i les pagues extraordin\u00e0ries del personal funcionari. No obstant aix\u00f2, s&#8217;aplica tamb\u00e9 el personal laboral des del 2019, quan l&#8217;ajuntament es va adherir a l&#8217;Acord com\u00fa de condicions per als empleats p\u00fablics dels ens locals de Catalunya de menys de 20.000 habitants.<\/p>\n\n\n\n<p><strong>4.-Aprovaci\u00f3 de la massa salarial del personal laboral de l&#8217;any 2023.<\/strong><\/p>\n\n\n\n<p>Es va aprovar per unanimitat.<\/p>\n\n\n\n<p>Es proposava aprovar la massa salarial per al 2023, que inclou el 2,5% aplicat des de gener i el 0,5% ratificat al punt 3r de l&#8217;ordre del dia.<\/p>\n\n\n\n<p>Pr\u00e8viament va ser aprovada per la mesa de negociaci\u00f3 del 4 de desembre. La massa salarial ascendeix a 522.522,21\u20ac i inclou les retribucions b\u00e0siques, antiguitat i retribucions complement\u00e0ries de les 17 persones laborals fixes i les 8 persones laborals temporals. No inclou el personal funcionari perqu\u00e8 la normativa estableix que s&#8217;aprovi per Ple la massa salarial del personal laboral tant fix com temporal.<\/p>\n\n\n\n<p><strong>5.-Aprovaci\u00f3 inicial de la modificaci\u00f3 del Reglament del servei d&#8217;abastament d&#8217;aigua potable per a l&#8217;ampliaci\u00f3 d&#8217;aplicaci\u00f3 de la tarifa de fuites.<\/strong><\/p>\n\n\n\n<p>Es va aprovar per unanimitat.<\/p>\n\n\n\n<p>El reglament regulador de l&#8217;abastament d&#8217;aigua que t\u00e9 l&#8217;Ajuntament de la Bisbal del Pened\u00e8s data de l&#8217;any 2009. L&#8217;equip de govern que hi havia el 2013 va modificar el Reglament per apujar les tarifes d&#8217;aigua i, posteriorment, l&#8217;equip de govern del 2016 va modificar el reglament per crear la tarifa social, crear la tarifa de fuites i abaixar les quotes fixes.<\/p>\n\n\n\n<p>Fins ara, nom\u00e9s s&#8217;havia aplicat la tarifa de fuites per a l&#8217;\u00fas dom\u00e8stic, perqu\u00e8 l&#8217;industrial i el municipal nom\u00e9s tenen un tram. Ara, el Ple ha aprovat modificar l&#8217;article 46.2 del Reglament del servei d&#8217;abastament d&#8217;aigua potable, establint un preu de fuita al subministrament d&#8217;aigua d&#8217;\u00fas industrial de 0,70\u20ac en l&#8217;aplicaci\u00f3 de la tarifa de fuita als subministraments industrials, i es modifica el tercer par\u00e0graf i s&#8217;afegeix el quart par\u00e0graf:<\/p>\n\n\n\n<p>[Es modifica el tercer par\u00e0graf] en el cas del subministrament d&#8217;aigua d&#8217;\u00fas dom\u00e8stic, per al volum en exc\u00e9s, resultat de la difer\u00e8ncia entre el consum estimat i el real, s&#8217;aplicar\u00e0 el preu del segon bloc de la tarifa dom\u00e8stica vigent en el per\u00edode de consum de la factura en qu\u00e8 s&#8217;acredita la fuita.<\/p>\n\n\n\n<p>[S&#8217;hi afegeix aquesta part] en el cas de subministrament d&#8217;aigua d&#8217;\u00fas industrial, per al volum en exc\u00e9s, resultat de la difer\u00e8ncia entre el consum estimat i el real, s&#8217;aplicar\u00e0 el preu del 50% de la tarifa industrial vigent en el per\u00edode de consum de la factura en qu\u00e8 s&#8217;acredita la fuita.<\/p>\n\n\n\n<p>L&#8217;aprovaci\u00f3 tamb\u00e9 inclo\u00efa l&#8217;aplicaci\u00f3 retroactiva al 2016 d&#8217;aquesta modificaci\u00f3, que \u00e9s l&#8217;any en qu\u00e8 es va crear la tarifa de fuites, per als casos que s&#8217;hagin vist perjudicats.<\/p>\n\n\n\n<p><strong>6.-Instrucci\u00f3 per a la tramitaci\u00f3 de llic\u00e8ncies de reparcel\u00b7laci\u00f3 a les urbanitzacions del Priorat, Can Gordei i l&#8217;Esplai.<\/strong><\/p>\n\n\n\n<p>Es va aprovar per unanimitat.<\/p>\n\n\n\n<p>Tant el Priorat, com Can Gordei i l&#8217;Esplai s\u00f3n urbanitzacions que van ser recepcionades abans del 2002 i no estan reparcel\u00b7lades ni s&#8217;havia aprovat cap reparcel\u00b7laci\u00f3 d&#8217;aquestes urbanitzacions.<\/p>\n\n\n\n<p>Les parcel\u00b7les s\u00f3n de s\u00f2l urb\u00e0 consolidat i estan individualitzades al cadastre, tot i que registralment encara formen part de les finques matrius. Aquesta situaci\u00f3 fa que les parcel\u00b7les privades (amb contractes privats) no puguin ser objecte del normal tr\u00e0fic immobiliari (compravenda, successi\u00f3, hipoteca&#8230;), ja que la seva titularitat no consta al Registre de la Propietat. Aquesta situaci\u00f3 provoca que l&#8217;Ajuntament tamb\u00e9 tingui dificultats en la gesti\u00f3 tribut\u00e0ria, per manca de coincid\u00e8ncia entre l&#8217;obligat tributari i l&#8217;obligat registral. Diverses persones que tenen contractes privats al Priorat, Can Gordei i l&#8217;Esplai han expressat inter\u00e8s en regularitzar la situaci\u00f3 i han sol\u00b7licitat a l&#8217;Ajuntament la llic\u00e8ncia urban\u00edstica de parcel\u00b7laci\u00f3 o la declaraci\u00f3 <em>d&#8217;inncessarietat <\/em>de llic\u00e8ncia de parcel\u00b7laci\u00f3. Per\u00f2, com que no poden aportar les dades registrals de la parcel\u00b7la, des de l&#8217;Ajuntament no es pot atorgar aquesta llic\u00e8ncia.<\/p>\n\n\n\n<p>Per tot plegat, s&#8217;ha aprovat una Instrucci\u00f3 per regular el procediment d&#8217;atorgament de llic\u00e8ncies de parcel\u00b7laci\u00f3 al Priorat, Can Gordei i l&#8217;Esplai, ja que les parcel\u00b7les estan classificades com a s\u00f2l urb\u00e0 consolidat, estan individualitzades en l&#8217;\u00e0mbit cadastral, per\u00f2 no estan individualitzades al registre.<\/p>\n\n\n\n<p>Aix\u00ed doncs, a partir d&#8217;aquesta aprovaci\u00f3 podran demanar llic\u00e8ncia de parcel\u00b7laci\u00f3 els propietaris que:<\/p>\n\n\n\n<p>-Tinguin les finques perfectament georeferenciades al Priorat, Can Gordei o l&#8217;Esplai.<\/p>\n\n\n\n<p>-Tinguin els contractes privats de parcel\u00b7les que figuren individualitzades al cadastre.<\/p>\n\n\n\n<p><strong>7.-Adhesi\u00f3 al codi \u00e8tic de conducta en la contractaci\u00f3 p\u00fablica.<\/strong><\/p>\n\n\n\n<p>Es va aprovar per unanimitat.<\/p>\n\n\n\n<p>El Diari Oficial de la Generalitat de Catalunya (DOGC) va aprovar, el 9 de novembre passat, l&#8217;Acord pel qual s&#8217;aprova el Codi \u00e8tic i de conducta en la contractaci\u00f3 p\u00fablica i la creaci\u00f3 de la Comissi\u00f3 d&#8217;\u00c8tica en la compra p\u00fablica. L&#8217;adhesi\u00f3 dels ens p\u00fablics \u00e9s volunt\u00e0ria, per\u00f2 des de l&#8217;equip de govern han proposat d&#8217;adhesi\u00f3 de l&#8217;ajuntament bisbalenc. Segons ha explicat l&#8217;alcaldessa &#8220;des de l&#8217;equip de govern som coneixedors que la contractaci\u00f3 p\u00fablica \u00e9s un \u00e0mbit amb una important dimensi\u00f3 econ\u00f2mica i estrat\u00e8gica i creiem important disposar d&#8217;unes pautes de conducta \u00e8tica per a tothom qui interv\u00e9 en les diferents fases del procediment contractual&#8221;.<\/p>\n\n\n\n<p>Per a m\u00e9s informaci\u00f3 sobre aquest document, podeu accedir a l&#8217;enlla\u00e7: <a href=\"https:\/\/contractacio.gencat.cat\/ca\/principis\/transparencia-bones-practiques\/bones-practiques\/comissio-etica\/adhesio-ens-locals-codi-principis\/index.html\">https:\/\/contractacio.gencat.cat\/ca\/principis\/transparencia-bones-practiques\/bones-practiques\/comissio-etica\/adhesio-ens-locals-codi-principis\/index.html<\/a><\/p>\n\n\n\n<p><strong>8.-Resoluci\u00f3 d&#8217;al\u00b7legacions contra el pressupost 2024 i aprovaci\u00f3 definitiva.<\/strong><\/p>\n\n\n\n<p>Es va aprovar amb els vots a favor de Comprom\u00eds amb la Bisbal (5), PSC (1) i ERC-AM (1) i els vots en contra de La Bisbal Decideix (2) i Tots som la Bisbal (1).<\/p>\n\n\n\n<p>S&#8217;han resolt les al\u00b7legacions presentades contra el pressupost 2024 i s&#8217;ha aprovat definitivament el Pressupost 2024 de l&#8217;Ajuntament de la Bisbal del Pened\u00e8s, que podeu consultar en aquest enlla\u00e7: <a href=\"https:\/\/bit.ly\/3QG91xL\">https:\/\/bit.ly\/3QG91xL<\/a><\/p>\n\n\n\n<p>Per a m\u00e9s detalls sobre les al\u00b7legacions presentades i els motius pels quals no s&#8217;han adm\u00e8s, podeu accedir a aquest enlla\u00e7, on trobareu el v\u00eddeo: <a href=\"https:\/\/actes.bisbalpenedes.com\/session\/sessionDetail\/8a8080848acca6ef018c81fb9299003c?startAt=1272.0&amp;endsAt=2690.0\">https:\/\/actes.bisbalpenedes.com\/session\/sessionDetail\/8a8080848acca6ef018c81fb9299003c?startAt=1272.0&amp;endsAt=2690.0<\/a><\/p>\n\n\n\n<p><strong>9.-Pla estrat\u00e8gic de subvencions per al 2024<\/strong><\/p>\n\n\n\n<p>Es va aprovar amb els vots a favor de Comprom\u00eds amb la Bisbal (5), PSC (2) i ERC-AM (1) i els vots en contra de La Bisbal Decideix (2) i Tots som la Bisbal (1).<\/p>\n\n\n\n<p>El Pla estrat\u00e8gic de subvencions per al 2024 preveu un total 144.120\u20ac destinats a subvencions a favor de persones o entitats privades amb la finalitat de fomentar la realitzaci\u00f3 d&#8217;activitats d&#8217;utilitat p\u00fablica o d&#8217;inter\u00e8s local previstes en el pressupost 2024. Les subvencions es divideixen en 6 \u00e0rees:<\/p>\n\n\n\n<figure class=\"wp-block-table\"><table><tbody><tr><td><strong>\u00c0REA<\/strong><\/td><td><strong>Subvenci\u00f3<\/strong><\/td><td><strong>Import<\/strong><\/td><td><strong>M\u00e9s informaci\u00f3<\/strong><\/td><\/tr><tr><td><strong>Assist\u00e8ncia social prim\u00e0ria<\/strong><\/td><td>Ajuts a fam\u00edlies vulnerables<\/td><td>10.000\u20ac<\/td><td>Ajudes econ\u00f2miques d&#8217;urg\u00e8ncia social per atendre necessitats puntuals i b\u00e0siques de subsist\u00e8ncia de persones en situaci\u00f3 de vulnerabilitat i exclusi\u00f3 social. En concessi\u00f3 directa, pr\u00e8via valoraci\u00f3 dels serveis socials.<\/td><\/tr><tr><td><strong>Foment de l&#8217;ocupaci\u00f3<\/strong><\/td><td>Subvenci\u00f3 per a la creaci\u00f3 de llocs de treball<\/td><td>10.000\u20ac<\/td><td>Subvenci\u00f3 per a la creaci\u00f3 de llocs de treball durant el 2023, per part d&#8217;empreses ubicades al terme municipal de la Bisbal. \u00c9s per concurr\u00e8ncia competitiva i s&#8217;aprovar\u00e0 convocat\u00f2ria durant el 2024.<\/td><\/tr><tr><td>Subvenci\u00f3 per a nous aut\u00f2noms<\/td><td>10.000\u20ac<\/td><td>Subvenci\u00f3 per a bisbalencs i bisbalenques que s&#8217;hagin establert com a aut\u00f2noms durant el 2023. S&#8217;aprovar\u00e0 convocat\u00f2ria durant el 2024.<\/td><\/tr><tr><td><strong>Ensenyament<\/strong><\/td><td>Subvenci\u00f3 per a l&#8217;escola Ull de Vent<\/td><td>16.620\u20ac<\/td><td>Subvenci\u00f3 nominativa a l&#8217;escola Ull de Vent de la Bisbal del Pened\u00e8s per al curs 2023\/24 per a material escolar<\/td><\/tr><tr><td>Subvencions escolars de prim\u00e0ria de l&#8217;escola Ull de Vent: llibres, transport escolar i menjador escolar.<\/td><td>36.000\u20ac<\/td><td>Ajudes per a fam\u00edlies de la Bisbal del Pened\u00e8s per fer front a les despeses derivades de l&#8217;adquisici\u00f3 de llibres de text de prim\u00e0ria i dels serveis de menjador i transport escolar, aix\u00ed com per afavorir la socialitzaci\u00f3 d&#8217;aquests llibres i fomentar l&#8217;\u00fas del transport escolar del Consell Comarcal del Baix Pened\u00e8s i facilitar la conciliaci\u00f3 de la vida familiar i laboral.<\/td><\/tr><tr><td>Subvenci\u00f3 per als llibres escolars de l&#8217;institut Coster de la Torre<\/td><td>10.000\u20ac<\/td><td>Subvencions en mat\u00e8ria d&#8217;ensenyament per a l&#8217;adquisici\u00f3 dels llibres de text de l&#8217;institut Coster de la Torre per al curs 2023\/24.<\/td><\/tr><tr><td><strong>Promoci\u00f3 Cultural<\/strong><\/td><td>Premis del concurs literari de Sant Jordi<\/td><td>1.500\u20ac<\/td><td>&nbsp;<\/td><\/tr><tr><td>Subvenci\u00f3 a entitats i associacions<\/td><td>10.000\u20ac<\/td><td>Subvencions a entitats culturals i associacions de ve\u00efns del municipi destinades al finan\u00e7ament de les activitats que organitzin i de les despeses ordin\u00e0ries que aportin durant l&#8217;exercici 2023 i 2024<\/td><\/tr><tr><td>Convenis amb La Societat<\/td><td>12.000\u20ac<\/td><td>&nbsp;<\/td><\/tr><tr><td><strong>Promoci\u00f3 de l&#8217;esport<\/strong><\/td><td>Patrocinis esportius<\/td><td>2.000\u20ac<\/td><td>&nbsp;<\/td><\/tr><tr><td>Conveni amb Joventut Bisbalenca CF<\/td><td>23.000\u20ac<\/td><td>&nbsp;<\/td><\/tr><tr><td><strong>Subvencions a la natalitat i adopci\u00f3<\/strong><\/td><td>Xec Nad\u00f3<\/td><td>3.000\u20ac<\/td><td>Subvencions destinades a les fam\u00edlies que han tingut o adoptat un nad\u00f3 durant l&#8217;any 2022 i el 2023 consistents en un ajut de car\u00e0cter econ\u00f2mic de 100\u20ac en vals de compra per gastar als comer\u00e7os bisbalencs adherits a la campanya<\/td><\/tr><\/tbody><\/table><\/figure>\n\n\n\n<p>Els plans estrat\u00e8gics de subvencions es basen en l&#8217;article 8 de la Llei 38\/2003 General de Subvencions, de 17 de novembre, on es disposa que les administracions que estableixin subvencions han de concretar en un Pla estrat\u00e8gic de subvencions els objectius i els efectes que es pretenen amb cadascuna de les subvencions, els costos previsibles, les fonts de finan\u00e7ament i el fet que sempre es compleixin els objectius d&#8217;estabilitat pressupost\u00e0ria. El Pla detalla, per cada subvenci\u00f3, el cost previsible, la modalitat de concessi\u00f3, la descripci\u00f3, els objectius, els destinataris i l&#8217;aplicaci\u00f3 pressupost\u00e0ria.<\/p>\n\n\n\n<p><strong>Punt 10.-Aprovaci\u00f3 del calendari fiscal 2024<\/strong><\/p>\n\n\n\n<p>Es va aprovar per unanimitat.<\/p>\n\n\n\n<p>El calendari Fiscal \u00e9s el seg\u00fcent:<\/p>\n\n\n\n<figure class=\"wp-block-table\"><table><tbody><tr><td><strong>CALENDARI FISCAL 2024<\/strong><\/td><\/tr><tr><td><strong>Concepte<\/strong><\/td><td><strong>Per\u00edode de Pagament<\/strong><\/td><\/tr><tr><td>Taxa de conservaci\u00f3 cementiri<\/td><td>31\/01\/2024 &#8211; 31\/03\/2024<\/td><\/tr><tr><td>Taxa escombraries (1r rebut)<\/td><td>28\/03\/2024 &#8211; 31\/05\/2024<\/td><\/tr><tr><td>Impost vehicles tracci\u00f3 mec\u00e0nica<\/td><td>28\/03\/2024 &#8211; 31\/05\/2024<\/td><\/tr><tr><td>IBI urbana (1r rebut)<\/td><td>26\/04\/2024 &#8211; 28\/06\/2024<\/td><\/tr><tr><td>IBI caracter\u00edstiques especials<\/td><td>26\/04\/2024 &#8211; 28\/06\/2024<\/td><\/tr><tr><td>IBI r\u00fastica&nbsp;&nbsp;&nbsp;&nbsp;&nbsp;&nbsp;&nbsp;&nbsp;&nbsp;&nbsp;<\/td><td>28\/06\/2024 &#8211; 30\/08\/2024<\/td><\/tr><tr><td>Taxa ocupaci\u00f3 domini p\u00fablic<\/td><td>28\/06\/2024 &#8211; 30\/08\/2024<\/td><\/tr><tr><td>IAE&nbsp;&nbsp;&nbsp;&nbsp;&nbsp;&nbsp;&nbsp;&nbsp;&nbsp;&nbsp;&nbsp;&nbsp;&nbsp;&nbsp;&nbsp;&nbsp;&nbsp;&nbsp;&nbsp;&nbsp;&nbsp;&nbsp;&nbsp;&nbsp;&nbsp;&nbsp;&nbsp;&nbsp;&nbsp;<\/td><td>30\/07\/2024 &#8211; 30\/09\/2024<\/td><\/tr><tr><td>Taxa escombraries (2n rebut)<\/td><td>30\/07\/2024 &#8211; 30\/09\/2024 &nbsp;<\/td><\/tr><tr><td>IBI urbana (2n rebut)<\/td><td>30\/08\/2024 &#8211; 31\/10\/2024<\/td><\/tr><\/tbody><\/table><\/figure>\n\n\n\n<p><strong>11.-Donar compte dels Decrets d&#8217;alcaldia<\/strong><\/p>\n\n\n\n<p>Es va donar compte al Ple dels Decrets d\u2019alcaldia des del Ple ordinari de setembre fins al dia de la convocat\u00f2ria d\u2019aquest Ple. Tots els regidors i regidores del consistori tenen acc\u00e9s als Decrets d\u2019alcaldia des del moment en qu\u00e8 s\u2019aproven.<\/p>\n\n\n\n<p><strong>12.-Donar compte de les actes de la Junta de Govern Local<\/strong><\/p>\n\n\n\n<p>Es va donar compte al Ple de les actes de la Junta de Govern Local des del Ple ordinari de setembre fins al dia de la convocat\u00f2ria d\u2019aquest Ple. Tots els regidors i regidores del consistori tenen acc\u00e9s a las actas des del moment en qu\u00e8 s\u2019aproven.<\/p>\n\n\n\n<p><strong>13.-Moci\u00f3 presentada pel grup municipal La Bisbal Decideix per &#8220;integrar les urbanitzacions dins la col\u00b7locaci\u00f3 de llums nadalenques&#8221;<\/strong><\/p>\n\n\n\n<p>No s&#8217;aprova, amb els vots en contra de Comprom\u00eds amb la Bisbal (5), el PSC (1) i ERC-AM (1) i els vots a favor de La Bisbal Decideix (2) i Tots som la Bisbal (1).<\/p>\n\n\n\n<p>L&#8217;esmentat grup municipal presentava aquesta moci\u00f3 per arribar als seg\u00fcents acords:<\/p>\n\n\n\n<p>&#8220;1.-Expressar la voluntat pol\u00edtica d&#8217;incrementar la integraci\u00f3 de les urbanitzacions dins de la col\u00b7locaci\u00f3 de llums nadalenques a la via p\u00fablica.<\/p>\n\n\n\n<p>2.-Estudiar la col\u00b7locaci\u00f3 m\u00e9s adient d&#8217;aquest enllumenat per afavorir la relaci\u00f3 cost-efici\u00e8ncia.<\/p>\n\n\n\n<p>3.-Tenir en compte els punts 1 i 2 i aplicar-ho en el seg\u00fcent contracte amb l&#8217;empresa que realitza la instal\u00b7laci\u00f3 de les llums de Nadal per a l&#8217;any 2024 per tal de reflectir aquest acord&#8221;.<\/p>\n\n\n\n<p><strong>14.-Moci\u00f3 presentada pel grup municipal La Bisbal Decideix per a &#8220;l&#8217;aplicaci\u00f3 de l&#8217;article 89 del ROM de la Bisbal del Pened\u00e8s&#8221;<\/strong><\/p>\n\n\n\n<p>No s&#8217;aprova, amb els vots en contra de Comprom\u00eds amb la Bisbal (5), el PSC (1) i ERC-AM (1) i els vots a favor de La Bisbal Decideix (2) i Tots som la Bisbal (1).<\/p>\n\n\n\n<p>Els punts d&#8217;acords que proposava la moci\u00f3 eren els seg\u00fcents:<\/p>\n\n\n\n<p>&#8220;1.-Fer efectiu el dret dels pol\u00edtics municipals recollit al Reglament d&#8217;Organitzaci\u00f3 Municipal aplicant la modificaci\u00f3 pertinent del pressupost mitjan\u00e7ant un expedient de cr\u00e8dits extraordinaris.<\/p>\n\n\n\n<p>2.-Arribar a un acord per preveure l&#8217;import que requereix la dotaci\u00f3 pressupost\u00e0ria per al 2024.<\/p>\n\n\n\n<p>3.-Revisar aquesta dotaci\u00f3 cada any de manera proactiva i incloure-la directament al pressupost anual per evitar el perjudici que suposa per als grups municipals haver de realitzar una modificaci\u00f3 del pressupost a posteriori per aquesta q\u00fcesti\u00f3&#8221;<\/p>\n\n\n\n<p><strong>15.-Moci\u00f3 presentada pel grup municipal La Bisbal Decideix per a una &#8220;Consulta popular no referend\u00e0ria per a la validaci\u00f3 del projecte &#8216;Les Planes del Vent'&#8221;.<\/strong><\/p>\n\n\n\n<p>No s&#8217;aprova, amb els vots en contra de Comprom\u00eds amb la Bisbal (5), el PSC (1) i ERC-AM (1) i els vots a favor de La Bisbal Decideix (2) i Tots som la Bisbal (1).<\/p>\n\n\n\n<p>L&#8217;esmentat grup municipal presentava aquesta moci\u00f3 amb l&#8217;objectiu d&#8217;arribar als seg\u00fcents acords:<\/p>\n\n\n\n<p>&#8220;<strong>PRIMER.<\/strong> Acordem que la consulta popular no referend\u00e0ria a l&#8217;empara de la Llei del Parlament de Catalunya 10\/2014, del 26 de setembre, de consultes populars no referend\u00e0ries i altres formes de participaci\u00f3 ciutadana \u00e9s un bon mecanisme democr\u00e0tic per a la legitimaci\u00f3, efectivitat i el consens social en la presa de decisi\u00f3 sobre la idone\u00eftat del projecte Planes del Vent i la conseq\u00fcent requalificaci\u00f3 urban\u00edstica del paratge agrari dels Masots.<\/p>\n\n\n\n<p><strong>SEGON.<\/strong> Instem a l&#8217;Ajuntament de la Bisbal del Pened\u00e8s a promoure i convocar en el termini de 3 mesos una consulta popular no referend\u00e0ria d&#8217;acord amb la Llei del Parlament de Catalunya 10\/2024, del 26 de setembre, de consultes populars no referend\u00e0ries i d&#8217;altres formes de participaci\u00f3 ciutadana sobre la idone\u00eftat del projecte &#8220;Planes del Vent&#8221;. Els detalls de la consulta, com ara la pregunta, la resposta, el cens de votaci\u00f3, la data de votaci\u00f3 i altres q\u00fcestions menors, han de ser establertes pel propi Ajuntament de la Bisbal mitjan\u00e7ant un decret de convocat\u00f2ria&#8221;.<\/p>\n\n\n\n<p><strong>Punt 16.-Es dona compte de l&#8217;informe d&#8217;intervenci\u00f3 del per\u00edode mig de pagament a prove\u00efdors del 3r trimestre de 2023.<\/strong><\/p>\n\n\n\n<p>Es dona compte de l&#8217;informe d&#8217;intervenci\u00f3 del per\u00edode mig de pagament a prove\u00efdors del 3r trimestre de 2023 que \u00e9s de 12,87 dies. L&#8217;Ajuntament ha complert amb l&#8217;obligaci\u00f3 de presentar la informaci\u00f3 requerida corresponent al tercer trimestre de 2023 dins dels terminis establerts. Es va presentar el 10 d&#8217;octubre.<\/p>\n\n\n\n<p><strong>Punt 17.-Es dona compte de l&#8217;informe d&#8217;intervenci\u00f3 de l&#8217;execuci\u00f3 del pressupost del 3r trimestre del 2023.<\/strong><\/p>\n\n\n\n<p>Es dona compte de l&#8217;informe d&#8217;intervenci\u00f3 de l&#8217;execuci\u00f3 del pressupost&nbsp; del 3r trimestre de 2023. L&#8217;Ajuntament ha complert amb l&#8217;obligaci\u00f3 de presentar la informaci\u00f3 requerida corresponent al tercer trimestre de 2023 dins dels terminis establerts. Es va presentar el 10 d&#8217;octubre.<\/p>\n\n\n\n<p><strong>Punt 18.-Es dona compte de l&#8217;informe d&#8217;intervenci\u00f3 de la modificaci\u00f3 de cr\u00e8dit 7ALC\/2023 en la modalitat de generaci\u00f3 de cr\u00e8dit.<\/strong><\/p>\n\n\n\n<p><strong>Punt 19.-Es dona compte de l&#8217;informe d&#8217;intervenci\u00f3 de la modificaci\u00f3 de cr\u00e8dit 8ALC\/2023 en la modalitat de generaci\u00f3 de cr\u00e8dit.<\/strong><\/p>\n\n\n\n<p>PRECS I PREGUNTES.<\/p>\n\n\n\n<hr class=\"wp-block-separator has-alpha-channel-opacity\"\/>\n\n\n\n<p><strong>CASTELLANO |<\/strong> El pasado lunes 18 de diciembre se celebr\u00f3 el Pleno ordinario del \u00faltimo trimestre de 2023 del Ajuntament de la Bisbal del Pened\u00e8s. El Pleno excus\u00f3 la asistencia del regidor Ra\u00fal Cort\u00e9s (Tots som la Bisbal).<\/p>\n\n\n\n<p>Pod\u00e9is encontrar el video \u00edntegro del Pleno en el portal de v\u00eddeo actas: <a href=\"https:\/\/actes.bisbalpenedes.com\/session\/sessiondetail\/8a8080848acca6ef018c81fb9299003c\">https:\/\/actes.bisbalpenedes.com\/session\/sessiondetail\/8a8080848acca6ef018c81fb9299003c<\/a><\/p>\n\n\n\n<p>En este mismo enlace, encontrar\u00e9is el acceso directo en cada punto del Pleno, para poder ver el v\u00eddeo desde el punto que os interese ver\/escuchar.<\/p>\n\n\n\n<p>En la sesi\u00f3n, se trataron los puntos siguientes:<\/p>\n\n\n\n<p><strong>1.-Aprobaci\u00f3n del acta del Pleno ordinario del 18 de septiembre.<\/strong><\/p>\n\n\n\n<p>Se aprob\u00f3 por unanimidad.<\/p>\n\n\n\n<p><strong>2.-Aprobaci\u00f3n del acta del Pleno extraordinario del 13 de noviembre.<\/strong><\/p>\n\n\n\n<p>Se aprob\u00f3 por unanimidad.<\/p>\n\n\n\n<p><strong>3.-Ratificaci\u00f3n del Decreto de alcald\u00eda de aprobaci\u00f3n del incremento retributivo adicional del 0,5% al personal municipal funcionario y laboral, con efectos del 1 de enero de 2023.<\/strong><\/p>\n\n\n\n<p>Se aprob\u00f3 la ratificaci\u00f3n por unanimidad.<\/p>\n\n\n\n<p>El incremento salarial que se aplica de acuerdo con la Resoluci\u00f3n del 4 de octubre de 2023 de la Secretar\u00eda de Estado de Funci\u00f3n P\u00fablica, por la cual se publica el Acuerdo del Consejo de Ministros del 3 de octubre de 2023, que aprueba el incremento del 0,5% de las retribuciones del personal al servicio del sector p\u00fablico a aplicar desde el 1 de enero de 2023. Se trata de un acuerdo que tambi\u00e9n se tom\u00f3 a la mesa de negociaci\u00f3n del 4 de diciembre.<\/p>\n\n\n\n<p>El incremento se ha incluido en la n\u00f3mina del mes de diciembre y se aplicar\u00e1 sobre las retribuciones b\u00e1sicas, los trienios, los complementos de destino y las pagas extraordinarias, as\u00ed como sobre los complementos espec\u00edficos y los complementos de productividad de todo el personal. Hay que decir que legalmente este incremento solo es para las retribuciones b\u00e1sicas, los trienios, los complementos de destino y las pagas extraordinarias del personal funcionario. Sin embargo, se aplica tambi\u00e9n el personal laboral desde el 2019, cuando el ayuntamiento se adhiri\u00f3 en el Acuerdo com\u00fan de condiciones para los empleados p\u00fablicos de los entes locales de Catalu\u00f1a de menos de 20.000 habitantes.<\/p>\n\n\n\n<p><strong>4.-Aprobaci\u00f3n de la masa salarial del personal laboral del a\u00f1o 2023<\/strong><\/p>\n\n\n\n<p>Se aprob\u00f3 por unanimidad.<\/p>\n\n\n\n<p>Se propon\u00eda aprobar la masa salarial para el 2023, que incluye el 2,5% aplicado desde enero y el 0,5% ratificado en el punto 3.\u00ba del orden del d\u00eda.<\/p>\n\n\n\n<p>Previamente fue aprobada por la mesa de negociaci\u00f3n del 4 de diciembre. La masa salarial asciende a 522.522,21\u20ac e incluye las retribuciones b\u00e1sicas, antig\u00fcedad y retribuciones complementarias de las 17 personas laborales fijas y las 8 personas laborales temporales. No incluye el personal funcionario porque la normativa establece que se apruebe por Pleno la masa salarial del personal laboral tanto fijo como temporal.<\/p>\n\n\n\n<p><strong>5.-Aprobaci\u00f3n inicial de la modificaci\u00f3n del Reglamento del servicio de abastecimiento de agua potable para la ampliaci\u00f3n de aplicaci\u00f3n de la tarifa de escapes.<\/strong><\/p>\n\n\n\n<p>Se aprob\u00f3 por unanimidad.<\/p>\n\n\n\n<p>El reglamento regulador del abastecimiento de agua que tiene el Ajuntament de la Bisbal del Pened\u00e8s fecha del a\u00f1o 2009. El equipo de gobierno que hab\u00eda en el 2013 modific\u00f3 el Reglamento para subir las tarifas de agua y, posteriormente, el equipo de gobierno del 2016 modific\u00f3 el reglamento para crear la tarifa social, crear la tarifa de escapes y bajar las cuotas fijas.<\/p>\n\n\n\n<p>Hasta ahora, solo se hab\u00eda aplicado la tarifa de escapes para el uso dom\u00e9stico, porque el industrial y el municipal solo tienen un tramo. Ahora, el Pleno ha aprobado modificar el art\u00edculo 46.2 del Reglamento del servicio de abastecimiento de agua potable, estableciendo un precio de escape en el suministro de agua de uso industrial de 0,70\u20ac en la aplicaci\u00f3n de la tarifa de escape a los suministros industriales, y se modifica el tercer p\u00e1rrafo y se a\u00f1ade el cuarto p\u00e1rrafo:<\/p>\n\n\n\n<p>[Se modifica el tercer p\u00e1rrafo] en el caso del suministro de agua de uso dom\u00e9stico, para el volumen en exceso, resultado de la diferencia entre el consumo estimado y el real, se aplicar\u00e1 el precio del segundo bloque de la tarifa dom\u00e9stica vigente en el periodo de consumo de la factura en que se acredita el escape.<\/p>\n\n\n\n<p>[Se a\u00f1ade esta parte] en el caso de suministro de agua de uso industrial, para el volumen en exceso, resultado de la diferencia entre el consumo estimado y el real, se aplicar\u00e1 el precio del 50% de la tarifa industrial vigente en el periodo de consumo de la factura en que se acredita el escape.<\/p>\n\n\n\n<p>La aprobaci\u00f3n tambi\u00e9n inclu\u00eda la aplicaci\u00f3n retroactiva al 2016 de esta modificaci\u00f3n, que es el a\u00f1o en que se cre\u00f3 la tarifa de escapes, para los casos que se hayan visto perjudicados.<\/p>\n\n\n\n<p><strong>6.-Instrucci\u00f3n para la tramitaci\u00f3n de licencias de reparcelaci\u00f3n en las urbanizaciones del Priorat, Can Gordei y l&#8217;Esplai<\/strong><\/p>\n\n\n\n<p>Se aprob\u00f3 por unanimidad.<\/p>\n\n\n\n<p>Tanto el Priorat, como Can Gordei y l&#8217;Esplai son urbanizaciones que fueron recepcionadas antes del 2002 y no est\u00e1n reparceladas ni se hab\u00eda aprobado ninguna reparcelaci\u00f3n de estas urbanizaciones.<\/p>\n\n\n\n<p>Las parcelas son de suelo urbano consolidado y est\u00e1n individualizadas al catastro, a pesar de que registralmente todav\u00eda forman parte de las fincas matrices. Esta situaci\u00f3n hace que las parcelas privadas (con contratos privados) no puedan ser objeto del normal tr\u00e1fico inmobiliario (compraventa, sucesi\u00f3n, hipoteca&#8230;), puesto que su titularidad no consta al Registro de la Propiedad. Esta situaci\u00f3n provoca que el ayuntamiento tambi\u00e9n tenga dificultades en la gesti\u00f3n tributaria, por falta de coincidencia entre el obligado tributario y el obligado registral. Varias personas que tienen contratos privados en el Priorat, Can Gordei y l&#8217;Esplai han expresado inter\u00e9s al regularizar la situaci\u00f3n y han solicitado en el ayuntamiento la licencia urban\u00edstica de parcelaci\u00f3n o la declaraci\u00f3n de <em>inncessariedad<\/em> de licencia de parcelaci\u00f3n. Pero, como que no pueden aportar los datos registrales de la parcela, desde el ayuntamiento no se puede otorgar esta licencia.<\/p>\n\n\n\n<p>Por todo ello, se ha aprobado una Instrucci\u00f3n para regular el procedimiento de otorgamiento de licencias de parcelaci\u00f3n en el Priorat, Can Gordei y l&#8217;Esplai, puesto que las parcelas est\u00e1n clasificadas como suelo urbano consolidado, est\u00e1n individualizadas en el \u00e1mbito catastral, pero no est\u00e1n individualizadas al registro.<\/p>\n\n\n\n<p>As\u00ed pues, a partir de esta aprobaci\u00f3n podr\u00e1n pedir licencia de parcelaci\u00f3n los propietarios que:<\/p>\n\n\n\n<p>-Tengan las fincas perfectamente georreferenciadas en el Priorat, Can Gordei o l&#8217;Esplai.<\/p>\n\n\n\n<p>-Tengan los contratos privados de parcelas que figuran individualizadas al catastro.<\/p>\n\n\n\n<p><strong>7.-Adhesi\u00f3n al c\u00f3digo \u00e9tico de conducta en la contrataci\u00f3n p\u00fablica<\/strong><\/p>\n\n\n\n<p>Se aprob\u00f3 por unanimidad.<\/p>\n\n\n\n<p>El Diari Oficial de la Generalitat de Catalunya (DOGC) aprob\u00f3, el 9 de noviembre pasado, el Acuerdo por el cual se aprueba el C\u00f3digo \u00e9tico y de conducta en la contrataci\u00f3n p\u00fablica y la creaci\u00f3n de la Comisi\u00f3n de \u00c9tica en la compra p\u00fablica. La adhesi\u00f3n de los entes p\u00fablicos es voluntaria, pero desde el equipo de gobierno han propuesto de adhesi\u00f3n del ayuntamiento bisbalenc. Seg\u00fan ha explicado la alcaldesa <em>&#8220;desde el equipo de gobierno somos conocedores que la contrataci\u00f3n p\u00fablica es un \u00e1mbito con una importante dimensi\u00f3n econ\u00f3mica y estrat\u00e9gica y creemos importante disponer de unas pautas de conducta \u00e9tica para todo el mundo quien interviene en las diferentes fases del procedimiento contractual&#8221;.<\/em><\/p>\n\n\n\n<p>Para mayor informaci\u00f3n sobre este documento, pod\u00e9is acceder en el enlace: <a href=\"https:\/\/contractacio.gencat.cat\/ca\/principis\/transparencia-bones-practiques\/bones-practiques\/comissio-etica\/adhesio-ens-locals-codi-principis\/index.html\">https:\/\/contractacio.gencat.cat\/ca\/principis\/transparencia-bones-practiques\/bones-practiques\/comissio-etica\/adhesio-ens-locals-codi-principis\/index.html<\/a><\/p>\n\n\n\n<p><strong>8.-Resoluci\u00f3n de alegaciones contra el presupuesto 2024 y aprobaci\u00f3n definitiva.<\/strong><\/p>\n\n\n\n<p>Se aprob\u00f3 con los votos a favor de Comprom\u00eds amb la Bisbal (5), PSC (1) y ERC-AM (1) y los votos en contra de La Bisbal Decideix (2) y Tots Som la Bisbal (1).<\/p>\n\n\n\n<p>Se han resuelto las alegaciones presentadas contra el presupuesto 2024 y se ha aprobado definitivamente el Presupuesto 2024 del Ajuntament de la Bisbal del Pened\u00e8s, que pod\u00e9is consultar en este enlace: <a href=\"https:\/\/bit.ly\/3qg91xl\">https:\/\/bit.ly\/3qg91xl<\/a><\/p>\n\n\n\n<p>Para m\u00e1s detalles sobre las alegaciones presentadas y los motivos por los cuales no se han admitido, pod\u00e9is acceder en este enlace, donde encontrar\u00e9is el video: <a href=\"https:\/\/actes.bisbalpenedes.com\/session\/sessiondetail\/8a8080848acca6ef018c81fb9299003c?startat=1272.0&amp;endsat=2690.0\">https:\/\/actes.bisbalpenedes.com\/session\/sessiondetail\/8a8080848acca6ef018c81fb9299003c?startat=1272.0&amp;endsat=2690.0<\/a><\/p>\n\n\n\n<p><strong>9.-Plan estrat\u00e9gico de subvenciones para el 2024<\/strong><\/p>\n\n\n\n<p>Se aprob\u00f3 con los votos a favor de Comprom\u00eds con la Bisbal (5), PSC (2) y ERC-AM (1) y los votos en contra de La Bisbal Decideix (2) y Tots Som la Bisbal (1).<\/p>\n\n\n\n<p>El Plan estrat\u00e9gico de subvenciones para el 2024 prev\u00e9 un total 144.120\u20ac destinados a subvenciones a favor de personas o entidades privadas con el fin de fomentar la realizaci\u00f3n de actividades de utilidad p\u00fablica o de inter\u00e9s local previstas en el presupuesto 2024. Las subvenciones se dividen en 6 \u00e1reas:<\/p>\n\n\n\n<figure class=\"wp-block-table\"><table><tbody><tr><td><strong>\u00c1REA<\/strong><\/td><td><strong>Subvenci\u00f3n<\/strong><\/td><td><strong>Importe<\/strong><\/td><td><strong>M\u00e1s informaci\u00f3n<\/strong><\/td><\/tr><tr><td><strong>Asistencia social primaria<\/strong><\/td><td>Ayudas a familias vulnerables<\/td><td>10.000\u20ac<\/td><td>Ayudas econ\u00f3micas de urgencia social para atender necesidades puntuales y b\u00e1sicas de subsistencia de personas en situaci\u00f3n de vulnerabilidad y exclusi\u00f3n social. En concesi\u00f3n directa, previa valoraci\u00f3n de los servicios sociales.<\/td><\/tr><tr><td><strong>Fomento de la ocupaci\u00f3n<\/strong><\/td><td>Subvenci\u00f3n para la creaci\u00f3n de puestos de trabajo<\/td><td>10.000\u20ac<\/td><td>Subvenci\u00f3n para la creaci\u00f3n de puestos de trabajo durante el 2023, por parte de empresas ubicadas en el t\u00e9rmino municipal de la Bisbal. Es por concurrencia competitiva y&nbsp; que se aprobar\u00e1 convocatoria durante el 2024.<\/td><\/tr><tr><td>Subvenci\u00f3n para nuevos aut\u00f3nomos<\/td><td>10.000\u20ac<\/td><td>Subvenci\u00f3n para bisbalencs y bisbalenques que se hayan establecido como aut\u00f3nomos durante el 2023. Se aprobar\u00e1 convocatoria durante el 2024.<\/td><\/tr><tr><td><strong>Educaci\u00f3n<\/strong><\/td><td>Subvenci\u00f3n para la escuela Ull de Vent<\/td><td>16.620\u20ac<\/td><td>Subvenci\u00f3n nominativa a la escuela Ull de Vent de la Bisbal del Pened\u00e8s para el curso 2023\/24 para material escolar.<\/td><\/tr><tr><td>Subvenciones escolares de primaria de la escuela Ull de Vent: libros, transporte escolar y comedor escolar<\/td><td>36.000\u20ac<\/td><td>Ayudas para familias de la Bisbal del Pened\u00e8s para hacer frente a los gastos derivados de la adquisici\u00f3n de libros de texto de primaria y de los servicios de comedor y transporte escolar, as\u00ed como para favorecer la socializaci\u00f3n de stos libros y fomentar el uso del transporte escolar del Consell Comarcal del Baix Pened\u00e8s y facilitar la conciliaci\u00f3n de la vida familiar y laboral.<\/td><\/tr><tr><td>Subvenci\u00f3n para los libros escolares del instituto Coster de la Torre<\/td><td>10.000\u20ac<\/td><td>Subvenciones en materia de educaci\u00f3n para la adquisici\u00f3n de los libros de texto del instituto Coster de la Torre para el curso 2023\/24.<\/td><\/tr><tr><td><strong>Promoci\u00f3n Cultural<\/strong><\/td><td>Premios del concurso literario de Sant Jordi<\/td><td>1.500\u20ac<\/td><td>&nbsp;<\/td><\/tr><tr><td>Subvenci\u00f3n a entidades i asociaciones<\/td><td>10.000\u20ac<\/td><td>Subvenciones a entidades culturales y asociaciones de vecinos del municipio destinadas a la financiaci\u00f3n de las actividades que organicen y de los gastos ordinarios que aporten durante el ejercicio 2023 y 2024.<\/td><\/tr><tr><td>Convenios con La Societat<\/td><td>12.000\u20ac<\/td><td>&nbsp;<\/td><\/tr><tr><td><strong>Promoci\u00f3n del deporte<\/strong><\/td><td>Patrocinios deportivos<\/td><td>2.000\u20ac<\/td><td>&nbsp;<\/td><\/tr><tr><td>Convenio con Joventut Bisbalenca CF<\/td><td>23.000\u20ac<\/td><td>&nbsp;<\/td><\/tr><tr><td><strong>Subvenciones a la natalidad y adopci\u00f3n<\/strong><\/td><td>&#8216;Xec Nad\u00f3&#8217;<\/td><td>3.000\u20ac<\/td><td>Subvenciones destinadas a las familias que han tenido o adoptado un beb\u00e9 durante el a\u00f1o 2022 y el 2023 consistentes en una ayuda de car\u00e1cter econ\u00f3mico de 100\u20ac en vales de compra para gastar en los comercios bisbalencs adheridos a la campa\u00f1a.<\/td><\/tr><\/tbody><\/table><\/figure>\n\n\n\n<p>Los planes estrat\u00e9gicos de subvenciones se basan en el art\u00edculo 8 de la Ley 38\/2003 General de Subvenciones, de 17 de noviembre, donde se dispone que las administraciones que establezcan subvenciones tienen que concretar en un Plan estrat\u00e9gico de subvenciones los objetivos y los efectos que se pretenden con cada una de las subvenciones, los costes previsibles, las fuentes de financiaci\u00f3n y el hecho que siempre se cumplan los objetivos de estabilidad presupuestaria. El Plan detalla, por cada subvenci\u00f3n, el coste previsible, la modalidad de concesi\u00f3n, la descripci\u00f3n, los objetivos, los destinatarios y la aplicaci\u00f3n presupuestaria.<\/p>\n\n\n\n<p><strong>Punto 10.-Aprobaci\u00f3n del calendario fiscal 2024<\/strong><\/p>\n\n\n\n<p>Se aprob\u00f3 por unanimidad.<\/p>\n\n\n\n<p>El calendario Fiscal es el siguiente:<\/p>\n\n\n\n<figure class=\"wp-block-table\"><table><tbody><tr><td><strong>CALENDARIO FISCAL 2024<\/strong><\/td><\/tr><tr><td><strong>Concepto<\/strong><\/td><td><strong>Periodo de Pago<\/strong><\/td><\/tr><tr><td>Tasa de conservaci\u00f3n del cementerio<\/td><td>31\/01\/2024 &#8211; 31\/03\/2024<\/td><\/tr><tr><td>Tasa basuras (1\u00ba recibo)<\/td><td>28\/03\/2024 &#8211; 31\/05\/2024<\/td><\/tr><tr><td>Impuesto veh\u00edculos de tracci\u00f3n mec\u00e1nica<\/td><td>28\/03\/2024 &#8211; 31\/05\/2024<\/td><\/tr><tr><td>IBI urbana (1\u00ba recibo)<\/td><td>26\/04\/2024 &#8211; 28\/06\/2024<\/td><\/tr><tr><td>IBI caracter\u00edsticas especiales<\/td><td>26\/04\/2024 &#8211; 28\/06\/2024<\/td><\/tr><tr><td>IBI r\u00fastica&nbsp;&nbsp;&nbsp;&nbsp;&nbsp;&nbsp;&nbsp;&nbsp;&nbsp;&nbsp;<\/td><td>28\/06\/2024 &#8211; 30\/08\/2024<\/td><\/tr><tr><td>Tasa ocupaci\u00f3n dominio p\u00fablico<\/td><td>28\/06\/2024 &#8211; 30\/08\/2024<\/td><\/tr><tr><td>IAE&nbsp;&nbsp;&nbsp;&nbsp;&nbsp;&nbsp;&nbsp;&nbsp;&nbsp;&nbsp;&nbsp;&nbsp;&nbsp;&nbsp;&nbsp;&nbsp;&nbsp;&nbsp;&nbsp;&nbsp;&nbsp;&nbsp;&nbsp;&nbsp;&nbsp;&nbsp;&nbsp;&nbsp;&nbsp;<\/td><td>30\/07\/2024 &#8211; 30\/09\/2024<\/td><\/tr><tr><td>Tasa basuras (2\u00ba recibo)<\/td><td>30\/07\/2024 &#8211; 30\/09\/2024 &nbsp;<\/td><\/tr><tr><td>IBI urbana (2\u00ba recibo)<\/td><td>30\/08\/2024 &#8211; 31\/10\/2024<\/td><\/tr><\/tbody><\/table><\/figure>\n\n\n\n<p><strong>11.-Dar cuenta de los Decretos de alcald\u00eda<\/strong><\/p>\n\n\n\n<p>Se dio cuenta al Pleno de los Decretos de alcald\u00eda desde el Pleno ordinario de septiembre hasta el d\u00eda de la convocatoria de este Pleno. Todos los regidores y regidoras del consistorio tienen acceso a los Decretos de alcald\u00eda desde el momento en que se aprueban.<\/p>\n\n\n\n<p><strong>12.-Dar cuenta de las actas de la Junta de Gobierno Local<\/strong><\/p>\n\n\n\n<p>Se dio cuenta al Pleno de las actas de la Junta de Gobierno Local desde el Pleno ordinario de septiembre hasta el d\u00eda de la convocatoria de este Pleno. Todos los regidores y regidoras del consistorio tienen acceso a les actas desde el momento en que se aprueban.<\/p>\n\n\n\n<p><strong>13.-Moci\u00f3n presentada por el grupo municipal La Bisbal Decideix para &#8220;integrar las urbanizaciones dentro de la colocaci\u00f3n de luces navide\u00f1as&#8221;<\/strong><\/p>\n\n\n\n<p>No se aprueba, con los votos en contra de Comprom\u00eds amb la Bisbal (5), el PSC (1) y ERC-AM (1) y los votos a favor de La Bisbal Decideix (2) y Tots som la Bisbal (1).<\/p>\n\n\n\n<p>El mencionado grupo municipal presentaba esta moci\u00f3n para llegar a los siguientes acuerdos:<\/p>\n\n\n\n<p><em>&#8220;1.-Expresar la voluntad pol\u00edtica de incrementar la integraci\u00f3n de las urbanizaciones dentro de la colocaci\u00f3n de luces navide\u00f1as a la v\u00eda p\u00fablica.<\/em><\/p>\n\n\n\n<p><em>2.-Estudiar la colocaci\u00f3n m\u00e1s adecuada de este alumbrado para favorecer la relaci\u00f3n coste-eficiencia.<\/em><\/p>\n\n\n\n<p><em>3.-Tener en cuenta los puntos 1 y 2 y aplicarlo en el siguiente contrato con la empresa que realiza la instalaci\u00f3n de las luces de Navidad para el a\u00f1o 2024 para reflejar este acuerdo&#8221;.<\/em><\/p>\n\n\n\n<p><strong>14.-Moci\u00f3n presentada por el grupo municipal La Bisbal Decideix para &#8220;la aplicaci\u00f3n del art\u00edculo 89 del ROM de la Bisbal del Pened\u00e8s&#8221;<\/strong><\/p>\n\n\n\n<p>No se aprueba, con los votos en contra de Comprom\u00eds amb la Bisbal (5), el PSC (1) y ERC-AM (1) y los votos a favor de La Bisbal Decideix (2) y Tots som la Bisbal (1).<\/p>\n\n\n\n<p>Los puntos de acuerdos que propon\u00eda la moci\u00f3n eran los siguientes:<\/p>\n\n\n\n<p><em>&#8220;1.-Hacer efectivo el derecho de los pol\u00edticos municipales recogido al Reglamento de Organizaci\u00f3n Municipal aplicando la modificaci\u00f3n pertinente del presupuesto mediante un expediente de cr\u00e9ditos extraordinarios.<\/em><\/p>\n\n\n\n<p><em>2.-Llegar a un acuerdo para prever el importe que requiere la dotaci\u00f3n presupuestaria para el 2024.<\/em><\/p>\n\n\n\n<p><em>3.-Revisar esta dotaci\u00f3n cada a\u00f1o de manera proactiva e incluirla directamente en el presupuesto anual para evitar el perjuicio que supone para los grupos municipales tener que realizar una modificaci\u00f3n del presupuesto a posteriori por esta cuesti\u00f3n&#8221;<\/em><\/p>\n\n\n\n<p><strong>15.-Moci\u00f3n presentada por el grupo municipal La Bisbal Decideix para una &#8220;Consulta popular no referendaria para la validaci\u00f3n del proyecto &#8216;Les Planes del Vent&#8221;.<\/strong><\/p>\n\n\n\n<p>No se aprueba, con los votos en contra de Comprom\u00eds amb la Bisbal (5), el PSC (1) y ERC-AM (1) y los votos a favor de La Bisbal Decideix (2) y Tots som la Bisbal (1).<\/p>\n\n\n\n<p>El mencionado grupo municipal presentaba esta moci\u00f3n con el objetivo de llegar a los siguientes acuerdos:<\/p>\n\n\n\n<p><em>&#8220;PRIMERO. Acordamos que la consulta popular no referendaria al amparo de la Ley del Parlamento de Catalu\u00f1a 10\/2014, del 26 de septiembre, de consultas populares no referendarias y otras formas de participaci\u00f3n ciudadana es un buen mecanismo democr\u00e1tico para la legitimaci\u00f3n, efectividad y el consenso social en la toma de decisi\u00f3n sobre la idoneidad del proyecto Planes del Viento y la consecuente recalificaci\u00f3n urban\u00edstica del paraje agrario de los Masots.<\/em><\/p>\n\n\n\n<p><em>SEGUNDO. Instamos en el Ajuntament de la Bisbal del Pened\u00e8s a promover y convocar en el plazo de 3 meses una consulta popular no referendaria de acuerdo con la Ley del Parlamento de Catalu\u00f1a 10\/2024, del 26 de septiembre, de consultas populares no referendarias y otras formas de participaci\u00f3n ciudadana sobre la idoneidad del proyecto &#8220;Planes del Viento&#8221;. Los detalles de la consulta, como ahora la pregunta, la respuesta, el censo de votaci\u00f3n, la fecha de votaci\u00f3n y otras cuestiones menores, tienen que ser establecidas por el propio Ajuntament de la Bisbal intermediando un decreto de convocatoria&#8221;.<\/em><\/p>\n\n\n\n<p><strong>Punto 16.-Se da cuenta del informe de intervenci\u00f3n del periodo medio de pago a proveedores del 3.\u00ba trimestre de 2023<\/strong><\/p>\n\n\n\n<p>Se da cuenta del informe de intervenci\u00f3n del periodo medio de pago a proveedores del 3.\u00ba trimestre de 2023 que es de 12,87 d\u00edas. El Ajuntament ha cumplido con la obligaci\u00f3n de presentar la informaci\u00f3n requerida correspondiente al tercer trimestre de 2023 dentro de los plazos establecidos. Se present\u00f3 el 10 de octubre.<\/p>\n\n\n\n<p><strong>Punto 17.-Se da cuenta del informe de intervenci\u00f3n de la ejecuci\u00f3n del presupuesto del 3.\u00ba trimestre del 2023.<\/strong><\/p>\n\n\n\n<p>Se da cuenta del informe de intervenci\u00f3n de la ejecuci\u00f3n del presupuesto del 3.\u00ba trimestre de 2023. El Ajuntament ha cumplido con la obligaci\u00f3n de presentar la informaci\u00f3n requerida correspondiente al tercer trimestre de 2023 dentro de los plazos establecidos. Se present\u00f3 el 10 de octubre.<\/p>\n\n\n\n<p><strong>Punto 18.-Se da cuenta del informe de intervenci\u00f3n de la modificaci\u00f3n de cr\u00e9dito 7ALC\/2023 en la modalidad de generaci\u00f3n de cr\u00e9dito.<\/strong><\/p>\n\n\n\n<p><strong>Punto 19.-Se da cuenta del informe de intervenci\u00f3n de la modificaci\u00f3n de cr\u00e9dito 8ALC\/2023 en la modalidad de generaci\u00f3n de cr\u00e9dito.<\/strong><\/p>\n\n\n\n<p><strong>RUEGOS Y PREGUNTAS.<\/strong><\/p>\n","protected":false},"excerpt":{"rendered":"<p>El passat dilluns 18 de desembre es va celebrar el Ple ordinari del darrer trimestre de 2023 de l&#8217;Ajuntament de la Bisbal del Pened\u00e8s. El Ple va excusar l&#8217;assist\u00e8ncia del &hellip; <a href=\"https:\/\/bisbalpenedes.com\/web\/2023\/12\/30\/el-passat-dilluns-18-de-desembre-es-va-celebrar-el-ple-ordinari-del-darrer-trimestre-del-2023-de-lajuntament-de-la-bisbal-del-penedes\/\" class=\"more-link\">Read More<\/a><\/p>\n","protected":false},"author":4,"featured_media":28679,"comment_status":"closed","ping_status":"closed","sticky":false,"template":"","format":"standard","meta":[],"categories":[8,2251,2250],"tags":[459,393,1374,139,249],"_links":{"self":[{"href":"https:\/\/bisbalpenedes.com\/web\/wp-json\/wp\/v2\/posts\/28678"}],"collection":[{"href":"https:\/\/bisbalpenedes.com\/web\/wp-json\/wp\/v2\/posts"}],"about":[{"href":"https:\/\/bisbalpenedes.com\/web\/wp-json\/wp\/v2\/types\/post"}],"author":[{"embeddable":true,"href":"https:\/\/bisbalpenedes.com\/web\/wp-json\/wp\/v2\/users\/4"}],"replies":[{"embeddable":true,"href":"https:\/\/bisbalpenedes.com\/web\/wp-json\/wp\/v2\/comments?post=28678"}],"version-history":[{"count":1,"href":"https:\/\/bisbalpenedes.com\/web\/wp-json\/wp\/v2\/posts\/28678\/revisions"}],"predecessor-version":[{"id":28680,"href":"https:\/\/bisbalpenedes.com\/web\/wp-json\/wp\/v2\/posts\/28678\/revisions\/28680"}],"wp:featuredmedia":[{"embeddable":true,"href":"https:\/\/bisbalpenedes.com\/web\/wp-json\/wp\/v2\/media\/28679"}],"wp:attachment":[{"href":"https:\/\/bisbalpenedes.com\/web\/wp-json\/wp\/v2\/media?parent=28678"}],"wp:term":[{"taxonomy":"category","embeddable":true,"href":"https:\/\/bisbalpenedes.com\/web\/wp-json\/wp\/v2\/categories?post=28678"},{"taxonomy":"post_tag","embeddable":true,"href":"https:\/\/bisbalpenedes.com\/web\/wp-json\/wp\/v2\/tags?post=28678"}],"curies":[{"name":"wp","href":"https:\/\/api.w.org\/{rel}","templated":true}]}}