{"id":28656,"date":"2023-12-30T13:51:50","date_gmt":"2023-12-30T11:51:50","guid":{"rendered":"https:\/\/bisbalpenedes.com\/web\/?p=28656"},"modified":"2023-12-30T13:51:50","modified_gmt":"2023-12-30T11:51:50","slug":"els-dies-2-3-i-4-de-gener-els-menuts-de-la-casa-podran-gaudir-del-parc-de-nadal","status":"publish","type":"post","link":"https:\/\/bisbalpenedes.com\/web\/2023\/12\/30\/els-dies-2-3-i-4-de-gener-els-menuts-de-la-casa-podran-gaudir-del-parc-de-nadal\/","title":{"rendered":"Els dies 2, 3 i 4 de gener, els menuts de la casa podran gaudir del Parc de Nadal!"},"content":{"rendered":"\n<p>El diumenge arriba el patge i els dies 2, 3 i 4 de gener podreu gaudir del Parc de Nadal al pati i al gimn\u00e0s de l&#8217;Escola Ull de Vent.<\/p>\n\n\n\n<p>Els petits de la casa s&#8217;ho passaran d&#8217;all\u00f2 m\u00e9s b\u00e9!<\/p>\n\n\n\n<hr class=\"wp-block-separator has-alpha-channel-opacity\"\/>\n\n\n\n<p>El domingo llega el paje y los d\u00edas 2, 3 y 4 de enero pod\u00e9is disfrutar del parc de Nadal en el patio y en el gimnasio de la Escuela Ull de Vent.<\/p>\n\n\n\n<p>\u00a1Los peque\u00f1os de la casa se lo pasar\u00e1n genial<\/p>\n","protected":false},"excerpt":{"rendered":"<p>El diumenge arriba el patge i els dies 2, 3 i 4 de gener podreu gaudir del Parc de Nadal al pati i al gimn\u00e0s de l&#8217;Escola Ull de Vent. &hellip; <a href=\"https:\/\/bisbalpenedes.com\/web\/2023\/12\/30\/els-dies-2-3-i-4-de-gener-els-menuts-de-la-casa-podran-gaudir-del-parc-de-nadal\/\" class=\"more-link\">Read More<\/a><\/p>\n","protected":false},"author":4,"featured_media":28657,"comment_status":"closed","ping_status":"closed","sticky":false,"template":"","format":"standard","meta":[],"categories":[2942,13,8],"tags":[459,393,4990,1374],"_links":{"self":[{"href":"https:\/\/bisbalpenedes.com\/web\/wp-json\/wp\/v2\/posts\/28656"}],"collection":[{"href":"https:\/\/bisbalpenedes.com\/web\/wp-json\/wp\/v2\/posts"}],"about":[{"href":"https:\/\/bisbalpenedes.com\/web\/wp-json\/wp\/v2\/types\/post"}],"author":[{"embeddable":true,"href":"https:\/\/bisbalpenedes.com\/web\/wp-json\/wp\/v2\/users\/4"}],"replies":[{"embeddable":true,"href":"https:\/\/bisbalpenedes.com\/web\/wp-json\/wp\/v2\/comments?post=28656"}],"version-history":[{"count":1,"href":"https:\/\/bisbalpenedes.com\/web\/wp-json\/wp\/v2\/posts\/28656\/revisions"}],"predecessor-version":[{"id":28658,"href":"https:\/\/bisbalpenedes.com\/web\/wp-json\/wp\/v2\/posts\/28656\/revisions\/28658"}],"wp:featuredmedia":[{"embeddable":true,"href":"https:\/\/bisbalpenedes.com\/web\/wp-json\/wp\/v2\/media\/28657"}],"wp:attachment":[{"href":"https:\/\/bisbalpenedes.com\/web\/wp-json\/wp\/v2\/media?parent=28656"}],"wp:term":[{"taxonomy":"category","embeddable":true,"href":"https:\/\/bisbalpenedes.com\/web\/wp-json\/wp\/v2\/categories?post=28656"},{"taxonomy":"post_tag","embeddable":true,"href":"https:\/\/bisbalpenedes.com\/web\/wp-json\/wp\/v2\/tags?post=28656"}],"curies":[{"name":"wp","href":"https:\/\/api.w.org\/{rel}","templated":true}]}}